{"id":14653,"date":"2022-01-30T14:10:02","date_gmt":"2022-01-30T10:10:02","guid":{"rendered":"http:\/\/veteran.az\/?p=14653"},"modified":"2022-01-30T14:10:03","modified_gmt":"2022-01-30T10:10:03","slug":"njde-qalmaqali-rusiyadaki-erm%c9%99ni-s%c9%99firin-h%c9%99yasiz-cavabi","status":"publish","type":"post","link":"https:\/\/veteran.az\/?p=14653","title":{"rendered":"Njde qalmaqal\u0131: Rusiyadak\u0131 erm\u0259ni s\u0259firin h\u0259yas\u0131z cavab\u0131"},"content":{"rendered":"\n<p><strong>28 yanvar tarixind\u0259 fa\u015fist Qaregin Njde haqq\u0131nda film n\u00fcmayi\u015f etdirm\u0259kl\u0259 Erm\u0259nistan ordusunun yaranmas\u0131 g\u00fcn\u00fcn\u00fc qeyd etm\u0259k ist\u0259y\u0259n Rusiya Erm\u0259nil\u0259ri \u0130ttifaq\u0131n\u0131n \u0259m\u0259lin\u0259 erm\u0259ni s\u0259fir haqq qazand\u0131rma\u011fa \u00e7al\u0131\u015f\u0131b.<\/strong><\/p>\n\n\n\n<p>Axar.az x\u0259b\u0259r verir ki, Erm\u0259nistan\u0131n Rusiyadak\u0131 s\u0259firliyi film \u0259traf\u0131nda ba\u015f ver\u0259nl\u0259ri \u201cehtiraslar\u0131 s\u00fcni \u015f\u0259kild\u0259 alovland\u0131rmaq c\u0259hdi\u201d kimi qiym\u0259tl\u0259ndirib.<\/p>\n\n\n\n<p>S\u0259firlik qeyd edib ki, onlar mediada yaz\u0131lanlar\u0131 \u201cdiqq\u0259tl\u0259 izl\u0259yirl\u0259r\u201d v\u0259 Erm\u0259nistan\u0131n azadl\u0131\u011f\u0131 \u00fc\u00e7\u00fcn vuru\u015fan Qaregin Njdenin \u201cxatir\u0259sinin t\u0259hqir edilm\u0259si\u201dnd\u0259n d\u0259rin t\u0259\u0259ss\u00fcf hissi ke\u00e7irirl\u0259r.<\/p>\n\n\n\n<p>Erm\u0259nistan s\u0259firliyi tarixi d\u0259 saxtala\u015fd\u0131r\u0131b v\u0259 Njdenin 1948-ci ild\u0259 4 madd\u0259 il\u0259 ittiham edildiyini, ancaq bu madd\u0259l\u0259r i\u00e7\u0259risind\u0259 \u201cfa\u015fizm\u0259 xidm\u0259t\u201din olmad\u0131\u011f\u0131n\u0131 bildirib.<\/p>\n\n\n\n<p>Qeyd ed\u0259k ki, s\u00f6z\u00fcged\u0259n filmin yay\u0131m\u0131 is\u0259 \u201cRusiya veteranlar\u0131\u201d \u00fcmumrusiya ictimai birliyinin \u015fikay\u0259ti \u0259sas\u0131nda polisin m\u00fcdaxil\u0259si il\u0259 dayand\u0131r\u0131lm\u0131\u015f, ora topla\u015fanlar da\u011f\u0131d\u0131lm\u0131\u015fd\u0131. Rusiya veteranlar\u0131 da Njdenin xatir\u0259sini anma\u011f\u0131 fa\u015fizm\u0259 qar\u015f\u0131 vuru\u015fan insanlara t\u0259hqir kimi qiym\u0259tl\u0259ndirirl\u0259r.<\/p>\n\n\n\n<p>Bu bar\u0259d\u0259 Rusiya arxivl\u0259rind\u0259 r\u0259smi s\u0259n\u0259dl\u0259rin olmas\u0131na baxmayaraq, Erm\u0259nistan\u0131n fa\u015fist, g\u00fcnahs\u0131z v\u0259 dinc insanlar\u0131n qatili Qaregin Njdeni q\u0259hr\u0259manla\u015fd\u0131rmaqdan \u0259l \u00e7\u0259km\u0259m\u0259si v\u0259 s\u0259firin Rusiyaya meydanoxuyurmu\u015fcas\u0131na cavab\u0131 t\u0259\u0259cc\u00fcb yarad\u0131r.<\/p>\n","protected":false},"excerpt":{"rendered":"<p>28 yanvar tarixind\u0259 fa\u015fist Qaregin Njde haqq\u0131nda film n\u00fcmayi\u015f etdirm\u0259kl\u0259 Erm\u0259nistan ordusunun yaranmas\u0131 g\u00fcn\u00fcn\u00fc qeyd&#8230;<\/p>\n","protected":false},"author":3,"featured_media":14654,"comment_status":"closed","ping_status":"closed","sticky":false,"template":"","format":"standard","meta":{"footnotes":""},"categories":[7],"tags":[],"class_list":["post-14653","post","type-post","status-publish","format-standard","has-post-thumbnail","hentry","category-dunya"],"featured_image_urls":{"full":["https:\/\/veteran.az\/wp-content\/uploads\/2022\/01\/njde-heykel.jpg",600,337,false],"thumbnail":["https:\/\/veteran.az\/wp-content\/uploads\/2022\/01\/njde-heykel-150x150.jpg",150,150,true],"medium":["https:\/\/veteran.az\/wp-content\/uploads\/2022\/01\/njde-heykel-300x169.jpg",300,169,true],"medium_large":["https:\/\/veteran.az\/wp-content\/uploads\/2022\/01\/njde-heykel.jpg",600,337,false],"large":["https:\/\/veteran.az\/wp-content\/uploads\/2022\/01\/njde-heykel.jpg",600,337,false],"1536x1536":["https:\/\/veteran.az\/wp-content\/uploads\/2022\/01\/njde-heykel.jpg",600,337,false],"2048x2048":["https:\/\/veteran.az\/wp-content\/uploads\/2022\/01\/njde-heykel.jpg",600,337,false],"covernews-slider-full":["https:\/\/veteran.az\/wp-content\/uploads\/2022\/01\/njde-heykel.jpg",600,337,false],"covernews-slider-center":["https:\/\/veteran.az\/wp-content\/uploads\/2022\/01\/njde-heykel.jpg",600,337,false],"covernews-featured":["https:\/\/veteran.az\/wp-content\/uploads\/2022\/01\/njde-heykel.jpg",600,337,false],"covernews-medium":["https:\/\/veteran.az\/wp-content\/uploads\/2022\/01\/njde-heykel.jpg",540,303,false],"covernews-medium-square":["https:\/\/veteran.az\/wp-content\/uploads\/2022\/01\/njde-heykel.jpg",400,225,false]},"author_info":{"display_name":"Veteran.az","author_link":"https:\/\/veteran.az\/?author=3"},"category_info":"<a href=\"https:\/\/veteran.az\/?cat=7\" rel=\"category\">D\u00fcnya<\/a>","tag_info":"D\u00fcnya","comment_count":"0","_links":{"self":[{"href":"https:\/\/veteran.az\/index.php?rest_route=\/wp\/v2\/posts\/14653","targetHints":{"allow":["GET"]}}],"collection":[{"href":"https:\/\/veteran.az\/index.php?rest_route=\/wp\/v2\/posts"}],"about":[{"href":"https:\/\/veteran.az\/index.php?rest_route=\/wp\/v2\/types\/post"}],"author":[{"embeddable":true,"href":"https:\/\/veteran.az\/index.php?rest_route=\/wp\/v2\/users\/3"}],"replies":[{"embeddable":true,"href":"https:\/\/veteran.az\/index.php?rest_route=%2Fwp%2Fv2%2Fcomments&post=14653"}],"version-history":[{"count":1,"href":"https:\/\/veteran.az\/index.php?rest_route=\/wp\/v2\/posts\/14653\/revisions"}],"predecessor-version":[{"id":14655,"href":"https:\/\/veteran.az\/index.php?rest_route=\/wp\/v2\/posts\/14653\/revisions\/14655"}],"wp:featuredmedia":[{"embeddable":true,"href":"https:\/\/veteran.az\/index.php?rest_route=\/wp\/v2\/media\/14654"}],"wp:attachment":[{"href":"https:\/\/veteran.az\/index.php?rest_route=%2Fwp%2Fv2%2Fmedia&parent=14653"}],"wp:term":[{"taxonomy":"category","embeddable":true,"href":"https:\/\/veteran.az\/index.php?rest_route=%2Fwp%2Fv2%2Fcategories&post=14653"},{"taxonomy":"post_tag","embeddable":true,"href":"https:\/\/veteran.az\/index.php?rest_route=%2Fwp%2Fv2%2Ftags&post=14653"}],"curies":[{"name":"wp","href":"https:\/\/api.w.org\/{rel}","templated":true}]}}