{"id":14630,"date":"2022-01-29T09:43:23","date_gmt":"2022-01-29T05:43:23","guid":{"rendered":"http:\/\/veteran.az\/?p=14630"},"modified":"2022-01-29T09:43:24","modified_gmt":"2022-01-29T05:43:24","slug":"erm%c9%99ni-katolikosunun-muharib%c9%99-cagirisi","status":"publish","type":"post","link":"https:\/\/veteran.az\/?p=14630","title":{"rendered":"Erm\u0259ni katolikosunun m\u00fcharib\u0259 \u00e7a\u011f\u0131r\u0131\u015f\u0131"},"content":{"rendered":"\n<p><strong>Erm\u0259nistan ordusunun yarad\u0131lmas\u0131n\u0131n 30-cu ild\u00f6n\u00fcm\u00fc il\u0259 ba\u011fl\u0131 erm\u0259ni katolikosu I Aram h\u0259rbi\u00e7il\u0259r\u0259 t\u0259brik m\u0259ktubu g\u00f6nd\u0259rib. <\/strong><\/p>\n\n\n\n<p>Erm\u0259ni katalikosu m\u0259ktubunda erm\u0259ni ordusunu d\u00fcnyan\u0131n \u0259n \u201cg\u00fccl\u00fc ordusu\u201d adland\u0131r\u0131b.<\/p>\n\n\n\n<p>\u201cBu g\u00fcn Erm\u0259nistan ordusunun g\u00fcn\u00fcd\u00fcr. Ordumuz \u00fc\u00e7\u00fcn dua ed\u0259k. Ordumuzda m\u00f6hk\u0259m dayanaq. Erm\u0259nistan ordusunu g\u00fccl\u0259ndirm\u0259k v\u0259t\u0259ni v\u0259 mill\u0259timizi g\u00fccl\u0259ndirm\u0259kdir. Erm\u0259ni \u0259sg\u0259rl\u0259ri yeni sava\u015fa haz\u0131r olun. Biz m\u00fcq\u0259dd\u0259s sava\u015f\u0131 davam etdirm\u0259liyik\u201d.- dey\u0259 katalikos bildirib.<\/p>\n","protected":false},"excerpt":{"rendered":"<p>Erm\u0259nistan ordusunun yarad\u0131lmas\u0131n\u0131n 30-cu ild\u00f6n\u00fcm\u00fc il\u0259 ba\u011fl\u0131 erm\u0259ni katolikosu I Aram h\u0259rbi\u00e7il\u0259r\u0259 t\u0259brik m\u0259ktubu g\u00f6nd\u0259rib&#8230;.<\/p>\n","protected":false},"author":3,"featured_media":0,"comment_status":"closed","ping_status":"closed","sticky":false,"template":"","format":"standard","meta":{"footnotes":""},"categories":[10],"tags":[],"class_list":["post-14630","post","type-post","status-publish","format-standard","hentry","category-avmvib"],"featured_image_urls":{"full":"","thumbnail":"","medium":"","medium_large":"","large":"","1536x1536":"","2048x2048":"","covernews-slider-full":"","covernews-slider-center":"","covernews-featured":"","covernews-medium":"","covernews-medium-square":""},"author_info":{"display_name":"Veteran.az","author_link":"https:\/\/veteran.az\/?author=3"},"category_info":"<a href=\"https:\/\/veteran.az\/?cat=10\" rel=\"category\">AVMV\u0130B<\/a>","tag_info":"AVMV\u0130B","comment_count":"0","_links":{"self":[{"href":"https:\/\/veteran.az\/index.php?rest_route=\/wp\/v2\/posts\/14630","targetHints":{"allow":["GET"]}}],"collection":[{"href":"https:\/\/veteran.az\/index.php?rest_route=\/wp\/v2\/posts"}],"about":[{"href":"https:\/\/veteran.az\/index.php?rest_route=\/wp\/v2\/types\/post"}],"author":[{"embeddable":true,"href":"https:\/\/veteran.az\/index.php?rest_route=\/wp\/v2\/users\/3"}],"replies":[{"embeddable":true,"href":"https:\/\/veteran.az\/index.php?rest_route=%2Fwp%2Fv2%2Fcomments&post=14630"}],"version-history":[{"count":1,"href":"https:\/\/veteran.az\/index.php?rest_route=\/wp\/v2\/posts\/14630\/revisions"}],"predecessor-version":[{"id":14632,"href":"https:\/\/veteran.az\/index.php?rest_route=\/wp\/v2\/posts\/14630\/revisions\/14632"}],"wp:attachment":[{"href":"https:\/\/veteran.az\/index.php?rest_route=%2Fwp%2Fv2%2Fmedia&parent=14630"}],"wp:term":[{"taxonomy":"category","embeddable":true,"href":"https:\/\/veteran.az\/index.php?rest_route=%2Fwp%2Fv2%2Fcategories&post=14630"},{"taxonomy":"post_tag","embeddable":true,"href":"https:\/\/veteran.az\/index.php?rest_route=%2Fwp%2Fv2%2Ftags&post=14630"}],"curies":[{"name":"wp","href":"https:\/\/api.w.org\/{rel}","templated":true}]}}