{"id":14611,"date":"2022-01-27T12:55:38","date_gmt":"2022-01-27T08:55:38","guid":{"rendered":"http:\/\/veteran.az\/?p=14611"},"modified":"2022-01-27T12:55:38","modified_gmt":"2022-01-27T08:55:38","slug":"putin-munhen-t%c9%99hluk%c9%99sizlik-konfransinda-istirakdan-imtina-etdi","status":"publish","type":"post","link":"https:\/\/veteran.az\/?p=14611","title":{"rendered":"Putin M\u00fcnhen T\u0259hl\u00fck\u0259sizlik Konfrans\u0131nda i\u015ftirakdan \u0130MT\u0130NA ETD\u0130"},"content":{"rendered":"\n<p>Rusiya prezidenti Vladimir Putin bu il M\u00fcnhen T\u0259hl\u00fck\u0259sizlik Konfrans\u0131nda i\u015ftirak etm\u0259y\u0259c\u0259k.<\/p>\n\n\n\n<p>Modern.az-\u0131n m\u0259lumat\u0131na g\u00f6r\u0259, bunu prezidentin m\u0259tbuat katibi Dmitri Peskov R\u0130A Novosti-y\u0259 bildirib.<\/p>\n\n\n\n<p>T\u0259dbir iki ild\u0259n sonra ilk d\u0259f\u0259 18-20 fevral 2022-ci il tarixl\u0259rind\u0259 ke\u00e7irilm\u0259lidir. Rusiya liderinin qrafikind\u0259 bel\u0259 bir t\u0259dbirin olub-olmad\u0131\u011f\u0131 il\u0259 ba\u011fl\u0131 suala Peskov m\u0259nfi cavab verib.<\/p>\n\n\n\n<p>M\u00fcnhen T\u0259hl\u00fck\u0259sizlik Konfrans\u0131 1962-ci ild\u0259n b\u0259ri h\u0259r il ke\u00e7irilir. \u0130lk 30 ild\u0259 burada \u0259sas\u0259n \u015eimali Atlantika M\u00fcqavil\u0259si T\u0259\u015fkilat\u0131 \u00f6lk\u0259l\u0259rinin, 1990-c\u0131 ill\u0259rd\u0259n Rusiya, \u00c7in, Yaponiya, Hindistan v\u0259 dig\u0259r d\u00f6vl\u0259tl\u0259rin n\u00fcmay\u0259nd\u0259l\u0259ri i\u015ftirak edirdil\u0259r.<\/p>\n\n\n\n<p>Putin 2007-ci ild\u0259 M\u00fcnhend\u0259 \u00e7\u0131x\u0131\u015f ed\u0259r\u0259k AB\u015e-\u0131n xarici siyas\u0259tini v\u0259 birq\u00fctbl\u00fc d\u00fcnya nizam\u0131 ideyalar\u0131n\u0131 s\u0259rt t\u0259nqid etmi\u015fdi. Bundan sonra Rusiya prezidenti NATO-nun geni\u015fl\u0259ndirilm\u0259si v\u0259 \u015e\u0259rqi Avropada Amerikan\u0131n raket \u0259leyhin\u0259 m\u00fcdafi\u0259 qur\u011fular\u0131n\u0131n yerl\u0259\u015fdirilm\u0259si planlar\u0131na q\u0259ti \u015f\u0259kild\u0259 qar\u015f\u0131 \u00e7\u0131x\u0131b.<\/p>\n","protected":false},"excerpt":{"rendered":"<p>Rusiya prezidenti Vladimir Putin bu il M\u00fcnhen T\u0259hl\u00fck\u0259sizlik Konfrans\u0131nda i\u015ftirak etm\u0259y\u0259c\u0259k. Modern.az-\u0131n m\u0259lumat\u0131na g\u00f6r\u0259, bunu&#8230;<\/p>\n","protected":false},"author":3,"featured_media":0,"comment_status":"closed","ping_status":"closed","sticky":false,"template":"","format":"standard","meta":{"footnotes":""},"categories":[7],"tags":[],"class_list":["post-14611","post","type-post","status-publish","format-standard","hentry","category-dunya"],"featured_image_urls":{"full":"","thumbnail":"","medium":"","medium_large":"","large":"","1536x1536":"","2048x2048":"","covernews-slider-full":"","covernews-slider-center":"","covernews-featured":"","covernews-medium":"","covernews-medium-square":""},"author_info":{"display_name":"Veteran.az","author_link":"https:\/\/veteran.az\/?author=3"},"category_info":"<a href=\"https:\/\/veteran.az\/?cat=7\" rel=\"category\">D\u00fcnya<\/a>","tag_info":"D\u00fcnya","comment_count":"0","_links":{"self":[{"href":"https:\/\/veteran.az\/index.php?rest_route=\/wp\/v2\/posts\/14611","targetHints":{"allow":["GET"]}}],"collection":[{"href":"https:\/\/veteran.az\/index.php?rest_route=\/wp\/v2\/posts"}],"about":[{"href":"https:\/\/veteran.az\/index.php?rest_route=\/wp\/v2\/types\/post"}],"author":[{"embeddable":true,"href":"https:\/\/veteran.az\/index.php?rest_route=\/wp\/v2\/users\/3"}],"replies":[{"embeddable":true,"href":"https:\/\/veteran.az\/index.php?rest_route=%2Fwp%2Fv2%2Fcomments&post=14611"}],"version-history":[{"count":1,"href":"https:\/\/veteran.az\/index.php?rest_route=\/wp\/v2\/posts\/14611\/revisions"}],"predecessor-version":[{"id":14613,"href":"https:\/\/veteran.az\/index.php?rest_route=\/wp\/v2\/posts\/14611\/revisions\/14613"}],"wp:attachment":[{"href":"https:\/\/veteran.az\/index.php?rest_route=%2Fwp%2Fv2%2Fmedia&parent=14611"}],"wp:term":[{"taxonomy":"category","embeddable":true,"href":"https:\/\/veteran.az\/index.php?rest_route=%2Fwp%2Fv2%2Fcategories&post=14611"},{"taxonomy":"post_tag","embeddable":true,"href":"https:\/\/veteran.az\/index.php?rest_route=%2Fwp%2Fv2%2Ftags&post=14611"}],"curies":[{"name":"wp","href":"https:\/\/api.w.org\/{rel}","templated":true}]}}