{"id":14592,"date":"2022-01-25T23:58:46","date_gmt":"2022-01-25T19:58:46","guid":{"rendered":"http:\/\/veteran.az\/?p=14592"},"modified":"2022-01-25T23:58:47","modified_gmt":"2022-01-25T19:58:47","slug":"baqirinin-dediyin%c9%99-gor%c9%99-qarabagin-azad-edilm%c9%99si-xameneyini-sevindirib","status":"publish","type":"post","link":"https:\/\/veteran.az\/?p=14592","title":{"rendered":"Baqirinin dediyin\u0259 g\u00f6r\u0259, Qaraba\u011f\u0131n azad edilm\u0259si Xameneyini sevindirib"},"content":{"rendered":"\n<p><strong>Qaraba\u011f\u0131n azad edilm\u0259si Xameneyini sevindirib.<\/strong><\/p>\n\n\n\n<p>Veteran.az virtualaz.org-a istinad\u0259n m\u0259lumat\u0131na g\u00f6r\u0259, Az\u0259rbaycan\u0131n m\u00fcdafi\u0259 naziri, general-polkovnik Zakir H\u0259s\u0259nov \u00e7\u0259r\u015f\u0259nb\u0259 ax\u015fam\u0131, yanvar\u0131n 25-d\u0259 \u0130rana s\u0259f\u0259r edib. O, s\u0259f\u0259r\u00a0\u00e7\u0259r\u00e7iv\u0259sind\u0259 \u0130ran Silahl\u0131 Q\u00fcvv\u0259l\u0259rinin Ba\u015f Q\u0259rargah r\u0259isi M\u0259h\u0259mm\u0259d H\u00fcseyn Baqiri il\u0259 g\u00f6r\u00fc\u015f\u00fcb. Bu bar\u0259d\u0259 \u0130RNA x\u0259b\u0259r verir.<\/p>\n\n\n\n<p>Baqiri g\u00f6r\u00fc\u015f zaman\u0131 bildirib ki, \u0130ran v\u0259 Az\u0259rbaycan\u0131n tarix, din v\u0259 dil bax\u0131m\u0131ndan \u00e7oxlu ortaq c\u0259h\u0259tl\u0259ri var.<\/p>\n\n\n\n<p>\u201c\u0130ran \u0130slam Respublikas\u0131n\u0131n siyas\u0259ti qon\u015fularla \u0259laq\u0259l\u0259ri inki\u015faf etdirm\u0259kdir. Biz Az\u0259rbaycanla daha s\u0131x m\u00fcnasib\u0259tl\u0259r qurma\u011fa \u00e7al\u0131\u015f\u0131r\u0131q\u201d, &#8212; dey\u0259n Ba\u015f Q\u0259rargah r\u0259isi Zakir H\u0259s\u0259novun Tehrana s\u0259f\u0259rinin ikit\u0259r\u0259fli m\u00fcnasib\u0259tl\u0259rin inki\u015faf\u0131 v\u0259 m\u00f6hk\u0259ml\u0259ndirilm\u0259si \u00fc\u00e7\u00fcn yax\u015f\u0131 f\u00fcrs\u0259t olaca\u011f\u0131na \u00fcmid etdiyini bildirib.<\/p>\n\n\n\n<p>General Baqiri \u0130ran\u0131n ist\u0259nil\u0259n i\u015f\u011fala qar\u015f\u0131 oldu\u011funu da vur\u011fulay\u0131b.<\/p>\n\n\n\n<p>\u201cOtuz ild\u0259n sonra Az\u0259rbaycan\u0131n i\u015f\u011fal olunmu\u015f \u0259razil\u0259rinin azad edilm\u0259si \u0130slam \u0130nqilab\u0131n\u0131n Ali R\u0259hb\u0259rini v\u0259 b\u00fct\u00fcn \u0130ran xalq\u0131n\u0131 sevindirib\u201d, &#8212; dey\u0259 o \u0259lav\u0259 edib ki, \u0130ran Az\u0259rbaycan\u0131n \u0259razi b\u00fct\u00f6vl\u00fcy\u00fcn\u0259 \u00f6z \u0259razi b\u00fct\u00f6vl\u00fcy\u00fcn\u0259 kimi yana\u015f\u0131r.<\/p>\n\n\n\n<p>M\u0259nb\u0259: Virtualaz.org<\/p>\n","protected":false},"excerpt":{"rendered":"<p>Qaraba\u011f\u0131n azad edilm\u0259si Xameneyini sevindirib. Veteran.az virtualaz.org-a istinad\u0259n m\u0259lumat\u0131na g\u00f6r\u0259, Az\u0259rbaycan\u0131n m\u00fcdafi\u0259 naziri, general-polkovnik Zakir&#8230;<\/p>\n","protected":false},"author":3,"featured_media":14593,"comment_status":"closed","ping_status":"closed","sticky":false,"template":"","format":"standard","meta":{"footnotes":""},"categories":[9],"tags":[],"class_list":["post-14592","post","type-post","status-publish","format-standard","has-post-thumbnail","hentry","category-sq"],"featured_image_urls":{"full":["https:\/\/veteran.az\/wp-content\/uploads\/2022\/01\/393620_src.jpg",587,354,false],"thumbnail":["https:\/\/veteran.az\/wp-content\/uploads\/2022\/01\/393620_src-150x150.jpg",150,150,true],"medium":["https:\/\/veteran.az\/wp-content\/uploads\/2022\/01\/393620_src-300x181.jpg",300,181,true],"medium_large":["https:\/\/veteran.az\/wp-content\/uploads\/2022\/01\/393620_src.jpg",587,354,false],"large":["https:\/\/veteran.az\/wp-content\/uploads\/2022\/01\/393620_src.jpg",587,354,false],"1536x1536":["https:\/\/veteran.az\/wp-content\/uploads\/2022\/01\/393620_src.jpg",587,354,false],"2048x2048":["https:\/\/veteran.az\/wp-content\/uploads\/2022\/01\/393620_src.jpg",587,354,false],"covernews-slider-full":["https:\/\/veteran.az\/wp-content\/uploads\/2022\/01\/393620_src.jpg",587,354,false],"covernews-slider-center":["https:\/\/veteran.az\/wp-content\/uploads\/2022\/01\/393620_src.jpg",587,354,false],"covernews-featured":["https:\/\/veteran.az\/wp-content\/uploads\/2022\/01\/393620_src.jpg",587,354,false],"covernews-medium":["https:\/\/veteran.az\/wp-content\/uploads\/2022\/01\/393620_src.jpg",540,326,false],"covernews-medium-square":["https:\/\/veteran.az\/wp-content\/uploads\/2022\/01\/393620_src.jpg",400,241,false]},"author_info":{"display_name":"Veteran.az","author_link":"https:\/\/veteran.az\/?author=3"},"category_info":"<a href=\"https:\/\/veteran.az\/?cat=9\" rel=\"category\">Silahl\u0131 Q\u00fcvv\u0259l\u0259r<\/a>","tag_info":"Silahl\u0131 Q\u00fcvv\u0259l\u0259r","comment_count":"0","_links":{"self":[{"href":"https:\/\/veteran.az\/index.php?rest_route=\/wp\/v2\/posts\/14592","targetHints":{"allow":["GET"]}}],"collection":[{"href":"https:\/\/veteran.az\/index.php?rest_route=\/wp\/v2\/posts"}],"about":[{"href":"https:\/\/veteran.az\/index.php?rest_route=\/wp\/v2\/types\/post"}],"author":[{"embeddable":true,"href":"https:\/\/veteran.az\/index.php?rest_route=\/wp\/v2\/users\/3"}],"replies":[{"embeddable":true,"href":"https:\/\/veteran.az\/index.php?rest_route=%2Fwp%2Fv2%2Fcomments&post=14592"}],"version-history":[{"count":1,"href":"https:\/\/veteran.az\/index.php?rest_route=\/wp\/v2\/posts\/14592\/revisions"}],"predecessor-version":[{"id":14594,"href":"https:\/\/veteran.az\/index.php?rest_route=\/wp\/v2\/posts\/14592\/revisions\/14594"}],"wp:featuredmedia":[{"embeddable":true,"href":"https:\/\/veteran.az\/index.php?rest_route=\/wp\/v2\/media\/14593"}],"wp:attachment":[{"href":"https:\/\/veteran.az\/index.php?rest_route=%2Fwp%2Fv2%2Fmedia&parent=14592"}],"wp:term":[{"taxonomy":"category","embeddable":true,"href":"https:\/\/veteran.az\/index.php?rest_route=%2Fwp%2Fv2%2Fcategories&post=14592"},{"taxonomy":"post_tag","embeddable":true,"href":"https:\/\/veteran.az\/index.php?rest_route=%2Fwp%2Fv2%2Ftags&post=14592"}],"curies":[{"name":"wp","href":"https:\/\/api.w.org\/{rel}","templated":true}]}}