{"id":14572,"date":"2022-01-25T00:33:54","date_gmt":"2022-01-24T20:33:54","guid":{"rendered":"http:\/\/veteran.az\/?p=14572"},"modified":"2022-01-25T00:33:54","modified_gmt":"2022-01-24T20:33:54","slug":"qarabagda-yeni-muharib%c9%99-qacilmzdir-%c9%99g%c9%99r-ara-vardanyan","status":"publish","type":"post","link":"https:\/\/veteran.az\/?p=14572","title":{"rendered":"Qaraba\u011fda yeni m\u00fcharib\u0259 qa\u00e7\u0131lmzd\u0131r, \u0259g\u0259r&#8230; &#8212; Ara Vardanyan"},"content":{"rendered":"\n<p><strong>&#171;Az\u0259rbaycan t\u0259r\u0259finin dedikl\u0259ri il\u0259 Erm\u0259nistan raz\u0131la\u015fmasa, bu d\u0259f\u0259 d\u0259 m\u00fcharib\u0259 ba\u015f ver\u0259c\u0259k. Amma bu m\u00fcharib\u0259 daha q\u0131sam\u00fcdd\u0259tli olacaq&#187;.<\/strong><\/p>\n\n\n\n<p><strong>Publika.az<\/strong>\u00a0erm\u0259ni medias\u0131na istinadla x\u0259b\u0259r verir ki, bunu Erm\u0259nistan\u0131n ictimai r\u0259y liderl\u0259rind\u0259n olan politoloq Ara Vardanyan deyib.\u00a0<\/p>\n\n\n\n<p>Ara Vardanyan\u0131n s\u00f6zl\u0259rin\u0259 g\u00f6r\u0259, Az\u0259rbaycan art\u0131q dikt\u0259 ed\u0259n t\u0259r\u0259fdir:<\/p>\n\n\n\n<p>&#171;\u018fg\u0259r Nikol Pa\u015finyan h\u00f6kum\u0259ti Bak\u0131dan edil\u0259n \u00e7a\u011f\u0131r\u0131\u015flara m\u0259h\u0259l qoymasa, q\u0131sam\u00fcdd\u0259tli m\u00fcharib\u0259 qa\u00e7\u0131lmazd\u0131r. \u018fsas h\u00fccum istiqam\u0259ti \u00e7ox g\u00fcman ki, Z\u0259ng\u0259zur b\u00f6lg\u0259si olacaq. Bu da o dem\u0259kdir ki, &#171;vaxt uzatma&#187; il\u0259 Pa\u015finyan he\u00e7 n\u0259y\u0259 nail ola bilm\u0259y\u0259c\u0259k v\u0259 kommunikasiyalar\u0131n a\u00e7\u0131lmas\u0131 il\u0259 raz\u0131la\u015facaq. \u0130ran v\u0259 Rusiya amili biz\u0259 d\u0259st\u0259k ver\u0259 bil\u0259r, amma T\u00fcrkiy\u0259 Az\u0259rbaycanla birg\u0259 h\u0259r\u0259k\u0259t ed\u0259c\u0259k. \u0130ndi n\u0259tic\u0259ni \u00f6z\u00fcn\u00fcz t\u0259s\u0259vv\u00fcr edin&#187;.<\/p>\n","protected":false},"excerpt":{"rendered":"<p>&#171;Az\u0259rbaycan t\u0259r\u0259finin dedikl\u0259ri il\u0259 Erm\u0259nistan raz\u0131la\u015fmasa, bu d\u0259f\u0259 d\u0259 m\u00fcharib\u0259 ba\u015f ver\u0259c\u0259k. Amma bu m\u00fcharib\u0259&#8230;<\/p>\n","protected":false},"author":3,"featured_media":0,"comment_status":"closed","ping_status":"closed","sticky":false,"template":"","format":"standard","meta":{"footnotes":""},"categories":[9],"tags":[],"class_list":["post-14572","post","type-post","status-publish","format-standard","hentry","category-sq"],"featured_image_urls":{"full":"","thumbnail":"","medium":"","medium_large":"","large":"","1536x1536":"","2048x2048":"","covernews-slider-full":"","covernews-slider-center":"","covernews-featured":"","covernews-medium":"","covernews-medium-square":""},"author_info":{"display_name":"Veteran.az","author_link":"https:\/\/veteran.az\/?author=3"},"category_info":"<a href=\"https:\/\/veteran.az\/?cat=9\" rel=\"category\">Silahl\u0131 Q\u00fcvv\u0259l\u0259r<\/a>","tag_info":"Silahl\u0131 Q\u00fcvv\u0259l\u0259r","comment_count":"0","_links":{"self":[{"href":"https:\/\/veteran.az\/index.php?rest_route=\/wp\/v2\/posts\/14572","targetHints":{"allow":["GET"]}}],"collection":[{"href":"https:\/\/veteran.az\/index.php?rest_route=\/wp\/v2\/posts"}],"about":[{"href":"https:\/\/veteran.az\/index.php?rest_route=\/wp\/v2\/types\/post"}],"author":[{"embeddable":true,"href":"https:\/\/veteran.az\/index.php?rest_route=\/wp\/v2\/users\/3"}],"replies":[{"embeddable":true,"href":"https:\/\/veteran.az\/index.php?rest_route=%2Fwp%2Fv2%2Fcomments&post=14572"}],"version-history":[{"count":1,"href":"https:\/\/veteran.az\/index.php?rest_route=\/wp\/v2\/posts\/14572\/revisions"}],"predecessor-version":[{"id":14574,"href":"https:\/\/veteran.az\/index.php?rest_route=\/wp\/v2\/posts\/14572\/revisions\/14574"}],"wp:attachment":[{"href":"https:\/\/veteran.az\/index.php?rest_route=%2Fwp%2Fv2%2Fmedia&parent=14572"}],"wp:term":[{"taxonomy":"category","embeddable":true,"href":"https:\/\/veteran.az\/index.php?rest_route=%2Fwp%2Fv2%2Fcategories&post=14572"},{"taxonomy":"post_tag","embeddable":true,"href":"https:\/\/veteran.az\/index.php?rest_route=%2Fwp%2Fv2%2Ftags&post=14572"}],"curies":[{"name":"wp","href":"https:\/\/api.w.org\/{rel}","templated":true}]}}