{"id":14558,"date":"2022-01-24T13:36:18","date_gmt":"2022-01-24T09:36:18","guid":{"rendered":"http:\/\/veteran.az\/?p=14558"},"modified":"2022-01-24T13:36:19","modified_gmt":"2022-01-24T09:36:19","slug":"diplomatlarimiz-ukraynadan-cixmaga-hazirlasmir-avropa-ittifaqi","status":"publish","type":"post","link":"https:\/\/veteran.az\/?p=14558","title":{"rendered":"\u201cDiplomatlar\u0131m\u0131z Ukraynadan \u00e7\u0131xma\u011fa haz\u0131rla\u015fm\u0131r\u201d &#8212; Avropa \u0130ttifaq\u0131"},"content":{"rendered":"\n<p><strong>\u201cAvropa \u0130ttifaq\u0131 AB\u015e-\u0131n d\u00f6vl\u0259t katibi Entoni Blinkenl\u0259 amerikal\u0131 diplomatlar\u0131n t\u0259xliy\u0259sinin s\u0259b\u0259bini ayd\u0131nla\u015fd\u0131racaq. Avropal\u0131 diplomatlar Ukraynan\u0131 t\u0259rk etm\u0259k fikrind\u0259 deyil\u201d.<\/strong><\/p>\n\n\n\n<p>\u201cR\u0130A Novosti\u201d x\u0259b\u0259r verir ki, bunu Avropa \u0130ttifaq\u0131n\u0131n xarici i\u015fl\u0259r v\u0259 t\u0259hl\u00fck\u0259sizlik siyas\u0259ti \u00fczr\u0259 ali komissar\u0131 Josep Borrell s\u00f6yl\u0259yib.<\/p>\n\n\n\n<p>Bundan ba\u015fqa, A\u0130 r\u0259smisi deyib ki, Rusiyaya qar\u015f\u0131 yeni sanksiyalar\u0131n elan\u0131n\u0131 planla\u015fd\u0131rm\u0131rlar.<\/p>\n\n\n\n<p>Qeyd ed\u0259k ki, AB\u015e D\u00f6vl\u0259t Departamenti Amerikan\u0131n Ukraynan\u0131n paytaxt\u0131 Kiyevd\u0259ki s\u0259firliyinin \u0259m\u0259kda\u015flar\u0131n\u0131n ail\u0259l\u0259rin\u0259 \u00f6lk\u0259ni t\u0259rk etm\u0259k g\u00f6st\u0259ri\u015fi verib.<\/p>\n\n\n\n<p>M\u0259nb\u0259: Report<\/p>\n","protected":false},"excerpt":{"rendered":"<p>\u201cAvropa \u0130ttifaq\u0131 AB\u015e-\u0131n d\u00f6vl\u0259t katibi Entoni Blinkenl\u0259 amerikal\u0131 diplomatlar\u0131n t\u0259xliy\u0259sinin s\u0259b\u0259bini ayd\u0131nla\u015fd\u0131racaq. Avropal\u0131 diplomatlar Ukraynan\u0131&#8230;<\/p>\n","protected":false},"author":3,"featured_media":0,"comment_status":"closed","ping_status":"closed","sticky":false,"template":"","format":"standard","meta":{"footnotes":""},"categories":[7],"tags":[],"class_list":["post-14558","post","type-post","status-publish","format-standard","hentry","category-dunya"],"featured_image_urls":{"full":"","thumbnail":"","medium":"","medium_large":"","large":"","1536x1536":"","2048x2048":"","covernews-slider-full":"","covernews-slider-center":"","covernews-featured":"","covernews-medium":"","covernews-medium-square":""},"author_info":{"display_name":"Veteran.az","author_link":"https:\/\/veteran.az\/?author=3"},"category_info":"<a href=\"https:\/\/veteran.az\/?cat=7\" rel=\"category\">D\u00fcnya<\/a>","tag_info":"D\u00fcnya","comment_count":"0","_links":{"self":[{"href":"https:\/\/veteran.az\/index.php?rest_route=\/wp\/v2\/posts\/14558","targetHints":{"allow":["GET"]}}],"collection":[{"href":"https:\/\/veteran.az\/index.php?rest_route=\/wp\/v2\/posts"}],"about":[{"href":"https:\/\/veteran.az\/index.php?rest_route=\/wp\/v2\/types\/post"}],"author":[{"embeddable":true,"href":"https:\/\/veteran.az\/index.php?rest_route=\/wp\/v2\/users\/3"}],"replies":[{"embeddable":true,"href":"https:\/\/veteran.az\/index.php?rest_route=%2Fwp%2Fv2%2Fcomments&post=14558"}],"version-history":[{"count":1,"href":"https:\/\/veteran.az\/index.php?rest_route=\/wp\/v2\/posts\/14558\/revisions"}],"predecessor-version":[{"id":14560,"href":"https:\/\/veteran.az\/index.php?rest_route=\/wp\/v2\/posts\/14558\/revisions\/14560"}],"wp:attachment":[{"href":"https:\/\/veteran.az\/index.php?rest_route=%2Fwp%2Fv2%2Fmedia&parent=14558"}],"wp:term":[{"taxonomy":"category","embeddable":true,"href":"https:\/\/veteran.az\/index.php?rest_route=%2Fwp%2Fv2%2Fcategories&post=14558"},{"taxonomy":"post_tag","embeddable":true,"href":"https:\/\/veteran.az\/index.php?rest_route=%2Fwp%2Fv2%2Ftags&post=14558"}],"curies":[{"name":"wp","href":"https:\/\/api.w.org\/{rel}","templated":true}]}}