{"id":14555,"date":"2022-01-24T13:15:08","date_gmt":"2022-01-24T09:15:08","guid":{"rendered":"http:\/\/veteran.az\/?p=14555"},"modified":"2022-01-24T13:15:09","modified_gmt":"2022-01-24T09:15:09","slug":"prezident-olk%c9%99d%c9%99n-k%c9%99narda-istefa-verib-erm%c9%99nistan-parlamentinin-uzvu","status":"publish","type":"post","link":"https:\/\/veteran.az\/?p=14555","title":{"rendered":"&#171;Prezident \u00f6lk\u0259d\u0259n k\u0259narda istefa verib&#187; &#8212; Erm\u0259nistan parlamentinin \u00fczv\u00fc"},"content":{"rendered":"\n<p><strong>Erm\u0259nistan\u0131n istefa verdiyini elan etmi\u015f Prezidenti Armen Sarkisyan respublikan\u0131n h\u00fcdudlar\u0131ndan k\u0259nardad\u0131r.<\/strong><\/p>\n\n\n\n<p>Bu bar\u0259d\u0259 parlamentin \u201cErm\u0259nistan\u201d m\u00fcxalif fraksiyas\u0131ndan olan deputat\u0131 Andranik Tevanyan bildirib.<\/p>\n\n\n\n<p>\u201cRespublika Prezidenti v\u0259zif\u0259sini tutan \u015f\u0259xsin xaricd\u0259n istefa verdiyini elan etm\u0259si utancvericidir\u201d,\u00a0&#8212; Tevanyan feysbukdak\u0131 hesab\u0131nda yaz\u0131b.<\/p>\n\n\n\n<p>Qeyd ed\u0259k ki, Erm\u0259nistan Prezidenti Armen Sarkisyan d\u00fcn\u0259n istefa verdiyini a\u00e7\u0131qlay\u0131b. O qeyd edib ki, Prezident \u00f6lk\u0259 v\u0259 mill\u0259t \u00fc\u00e7\u00fcn indiki \u00e7\u0259tin d\u00f6vrd\u0259 daxili v\u0259 xarici siyas\u0259tin fundamental prosesl\u0259rin\u0259 t\u0259sir g\u00f6st\u0259rm\u0259k \u00fc\u00e7\u00fcn laz\u0131mi al\u0259tl\u0259r\u0259 malik deyil.<\/p>\n\n\n\n<p>Yanvar\u0131n 18-d\u0259 Prezidentin m\u0259tbuat xidm\u0259ti m\u0259lumat yay\u0131b ki, Sarkisyan Birl\u0259\u015fmi\u015f \u018fr\u0259b \u018fmirlikl\u0259rin\u0259 i\u015fg\u00fczar s\u0259f\u0259rini ba\u015fa vurduqdan sonra laz\u0131mi tibbi m\u00fcayin\u0259d\u0259n ke\u00e7m\u0259k \u00fc\u00e7\u00fcn q\u0131sam\u00fcdd\u0259tli m\u0259zuniyy\u0259t\u0259 gedib. Prezidentin m\u0259zuniyy\u0259td\u0259n qay\u0131tmas\u0131 bar\u0259d\u0259 m\u0259lumat verilm\u0259yib.<\/p>\n\n\n\n<p>M\u0259nb\u0259: Report<\/p>\n","protected":false},"excerpt":{"rendered":"<p>Erm\u0259nistan\u0131n istefa verdiyini elan etmi\u015f Prezidenti Armen Sarkisyan respublikan\u0131n h\u00fcdudlar\u0131ndan k\u0259nardad\u0131r. Bu bar\u0259d\u0259 parlamentin \u201cErm\u0259nistan\u201d&#8230;<\/p>\n","protected":false},"author":3,"featured_media":0,"comment_status":"closed","ping_status":"closed","sticky":false,"template":"","format":"standard","meta":{"footnotes":""},"categories":[7],"tags":[],"class_list":["post-14555","post","type-post","status-publish","format-standard","hentry","category-dunya"],"featured_image_urls":{"full":"","thumbnail":"","medium":"","medium_large":"","large":"","1536x1536":"","2048x2048":"","covernews-slider-full":"","covernews-slider-center":"","covernews-featured":"","covernews-medium":"","covernews-medium-square":""},"author_info":{"display_name":"Veteran.az","author_link":"https:\/\/veteran.az\/?author=3"},"category_info":"<a href=\"https:\/\/veteran.az\/?cat=7\" rel=\"category\">D\u00fcnya<\/a>","tag_info":"D\u00fcnya","comment_count":"0","_links":{"self":[{"href":"https:\/\/veteran.az\/index.php?rest_route=\/wp\/v2\/posts\/14555","targetHints":{"allow":["GET"]}}],"collection":[{"href":"https:\/\/veteran.az\/index.php?rest_route=\/wp\/v2\/posts"}],"about":[{"href":"https:\/\/veteran.az\/index.php?rest_route=\/wp\/v2\/types\/post"}],"author":[{"embeddable":true,"href":"https:\/\/veteran.az\/index.php?rest_route=\/wp\/v2\/users\/3"}],"replies":[{"embeddable":true,"href":"https:\/\/veteran.az\/index.php?rest_route=%2Fwp%2Fv2%2Fcomments&post=14555"}],"version-history":[{"count":1,"href":"https:\/\/veteran.az\/index.php?rest_route=\/wp\/v2\/posts\/14555\/revisions"}],"predecessor-version":[{"id":14557,"href":"https:\/\/veteran.az\/index.php?rest_route=\/wp\/v2\/posts\/14555\/revisions\/14557"}],"wp:attachment":[{"href":"https:\/\/veteran.az\/index.php?rest_route=%2Fwp%2Fv2%2Fmedia&parent=14555"}],"wp:term":[{"taxonomy":"category","embeddable":true,"href":"https:\/\/veteran.az\/index.php?rest_route=%2Fwp%2Fv2%2Fcategories&post=14555"},{"taxonomy":"post_tag","embeddable":true,"href":"https:\/\/veteran.az\/index.php?rest_route=%2Fwp%2Fv2%2Ftags&post=14555"}],"curies":[{"name":"wp","href":"https:\/\/api.w.org\/{rel}","templated":true}]}}