{"id":14514,"date":"2022-01-22T11:29:44","date_gmt":"2022-01-22T07:29:44","guid":{"rendered":"http:\/\/veteran.az\/?p=14514"},"modified":"2022-01-22T11:29:45","modified_gmt":"2022-01-22T07:29:45","slug":"pasinyan-erm%c9%99nil%c9%99rin-xilaskari-ola-bil%c9%99r-rusiyali-politoloq","status":"publish","type":"post","link":"https:\/\/veteran.az\/?p=14514","title":{"rendered":"\u201cPa\u015finyan erm\u0259nil\u0259rin xilaskar\u0131 ola bil\u0259r\u201d \u2013 Rusiyal\u0131 politoloq"},"content":{"rendered":"\n<p><strong>\u201cT\u00fcrkiy\u0259 v\u0259 Az\u0259rbaycanla \u0259laq\u0259l\u0259rin normal hala g\u0259lm\u0259si Erm\u0259nistan siyas\u0259ti \u00fc\u00e7\u00fcn epoxal hadis\u0259 olacaq. Nikol Pa\u015finyan Erm\u0259nistan\u0131 z\u00fclm\u0259td\u0259n \u00e7\u0131xaran v\u0259 onu qar\u015f\u0131durmalardan regional \u0259m\u0259kda\u015fl\u0131q format\u0131na ke\u00e7ir\u0259n d\u00f6vl\u0259t ba\u015f\u00e7\u0131s\u0131 kimi tarix\u0259 d\u00fc\u015f\u0259 bil\u0259r\u201d.<\/strong><\/p>\n\n\n\n<p>Bunu Caliber.az-a m\u00fcsahib\u0259sind\u0259 tan\u0131nm\u0131\u015f rusiyal\u0131 \u00a0politoloq Aleksey Naumov \u00a0deyib.<\/p>\n\n\n\n<p>Bu s\u0259b\u0259b\u0259 onun fikrinc\u0259, Erm\u0259nistanda haz\u0131rk\u0131 h\u00f6kum\u0259t\u0259 qar\u015f\u0131 t\u0259xribatlar v\u0259 t\u0259zyiql\u0259r davam ed\u0259c\u0259k: \u201cLakin bu, istiqam\u0259t vektorunu d\u0259yi\u015fdir\u0259 bilm\u0259y\u0259c\u0259k. D\u00fc\u015f\u00fcn\u00fcr\u0259m ki, region \u00f6lk\u0259l\u0259rinin liderl\u0259ri d\u0259 Erm\u0259nistan ba\u015f nazirinin d\u00fc\u015fd\u00fcy\u00fc haz\u0131rk\u0131 v\u0259ziyy\u0259ti d\u00fczg\u00fcn qiym\u0259tl\u0259ndir\u0259c\u0259kl\u0259r. \u00c7\u00fcnki Erm\u0259nistan\u0131n m\u00fch\u00fcm regional layih\u0259l\u0259r\u0259 c\u0259lb olunmas\u0131 t\u0259kc\u0259 onun \u00f6z\u00fc \u00fc\u00e7\u00fcn yox, b\u00fct\u00fcn region \u00fc\u00e7\u00fcn faydal\u0131d\u0131r. Regiona iqtisadi inteqrasiya Erm\u0259nistan\u0131n revan\u015fist-radikallardan qurtulmas\u0131na g\u0259tir\u0259c\u0259k. Ona g\u00f6r\u0259 ki, iqtisadiyyat h\u0259mi\u015f\u0259 revan\u015fizmin \u0259n g\u00fccl\u00fc d\u00fc\u015fm\u0259ni v\u0259 \u0259leyhdar\u0131d\u0131r. Tarixd\u0259n d\u0259 m\u0259lum oldu\u011fu kimi, insanlar anlayanda ki, dostluq el\u0259m\u0259k daha s\u0259rf\u0259lidir, onda d\u00fc\u015fm\u0259n\u00e7ilikd\u0259n vaz ke\u00e7irl\u0259r\u201d.<\/p>\n\n\n\n<p>Politoloq bu x\u00fcsusda hesab edir ki, Erm\u0259nistanda yeni m\u00fcharib\u0259y\u0259 v\u0259 ya revan\u015fa \u00fcmumxalq sifari\u015fi yoxdur: \u201c\u0130nsanlar ya\u015famaq, ticar\u0259t etm\u0259k, u\u015faq b\u00f6y\u00fctm\u0259k v\u0259 s. ist\u0259yirl\u0259r. Odur ki, Erm\u0259nistan\u0131n T\u00fcrkiy\u0259 v\u0259 Az\u0259rbaycanla m\u00fcnasib\u0259tl\u0259rinin yax\u015f\u0131la\u015fmas\u0131 qa\u00e7\u0131lmazd\u0131r. Bak\u0131 v\u0259 Ankaran\u0131n is\u0259 bu y\u00f6nd\u0259 \u0130r\u0259van\u0131 h\u0259v\u0259sl\u0259ndirm\u0259sin\u0259 d\u0259y\u0259r ki, bu da \u0259slind\u0259 ba\u015f verir. Qalib t\u0259r\u0259fin geni\u015f\u00fcr\u0259kliliyi s\u00fclh prosesin\u0259 he\u00e7 vaxt mane olmay\u0131b\u201d.<\/p>\n\n\n\n<p>Politoloq bir az da qaba\u011fa ged\u0259r\u0259k, g\u00fcman edir ki, Az\u0259rbaycanla Erm\u0259nistan aras\u0131nda s\u00fclh sazi\u015fi m\u00fcmk\u00fcnd\u00fcr v\u0259 s\u0259n\u0259d el\u0259 bu il imzalana bil\u0259r. \u201c\u00dcst\u0259lik, bu, Erm\u0259nistan d\u00f6vl\u0259tinin m\u00fcdrik lideri kimi Pa\u015finyan\u0131n t\u0259nt\u0259n\u0259si v\u0259 b\u00fct\u00fcn C\u0259nubi Qafqaz \u00fc\u00e7\u00fcn m\u00fch\u00fcm m\u0259rh\u0259l\u0259 ola bil\u0259r. \u00d6z n\u00f6vb\u0259sind\u0259 Az\u0259rbaycan r\u0259hb\u0259rliyi s\u00fclh sazi\u015fi imzalama\u011fa haz\u0131r oldu\u011funu d\u0259f\u0259l\u0259rl\u0259 vur\u011fulay\u0131b. Ona g\u00f6r\u0259 d\u0259 top indi Erm\u0259nistan t\u0259r\u0259fd\u0259dir v\u0259 \u00f6lk\u0259 r\u0259hb\u0259rliyi m\u00fcxalif\u0259tin v\u0259 m\u00fcrt\u0259ce revan\u015fist dair\u0259l\u0259rin m\u00fcqavim\u0259tini q\u0131rmal\u0131d\u0131r. M\u0259n ehtiyatla \u00fcmid edir\u0259m ki, s\u00fclh sazi\u015finin imzalanmas\u0131 bu il ba\u015f tutacaq. G\u00f6r\u0259k\u201d, \u2013 dey\u0259 o, fikrini nikbin notda tamamlay\u0131b.<\/p>\n","protected":false},"excerpt":{"rendered":"<p>\u201cT\u00fcrkiy\u0259 v\u0259 Az\u0259rbaycanla \u0259laq\u0259l\u0259rin normal hala g\u0259lm\u0259si Erm\u0259nistan siyas\u0259ti \u00fc\u00e7\u00fcn epoxal hadis\u0259 olacaq. Nikol Pa\u015finyan&#8230;<\/p>\n","protected":false},"author":3,"featured_media":14515,"comment_status":"closed","ping_status":"closed","sticky":false,"template":"","format":"standard","meta":{"footnotes":""},"categories":[6],"tags":[],"class_list":["post-14514","post","type-post","status-publish","format-standard","has-post-thumbnail","hentry","category-cmiyyt"],"featured_image_urls":{"full":["https:\/\/veteran.az\/wp-content\/uploads\/2022\/01\/media-44-bgkc4uy2zj680inh9swf.jpg",886,687,false],"thumbnail":["https:\/\/veteran.az\/wp-content\/uploads\/2022\/01\/media-44-bgkc4uy2zj680inh9swf-150x150.jpg",150,150,true],"medium":["https:\/\/veteran.az\/wp-content\/uploads\/2022\/01\/media-44-bgkc4uy2zj680inh9swf-300x233.jpg",300,233,true],"medium_large":["https:\/\/veteran.az\/wp-content\/uploads\/2022\/01\/media-44-bgkc4uy2zj680inh9swf-768x596.jpg",640,497,true],"large":["https:\/\/veteran.az\/wp-content\/uploads\/2022\/01\/media-44-bgkc4uy2zj680inh9swf.jpg",640,496,false],"1536x1536":["https:\/\/veteran.az\/wp-content\/uploads\/2022\/01\/media-44-bgkc4uy2zj680inh9swf.jpg",886,687,false],"2048x2048":["https:\/\/veteran.az\/wp-content\/uploads\/2022\/01\/media-44-bgkc4uy2zj680inh9swf.jpg",886,687,false],"covernews-slider-full":["https:\/\/veteran.az\/wp-content\/uploads\/2022\/01\/media-44-bgkc4uy2zj680inh9swf.jpg",886,687,false],"covernews-slider-center":["https:\/\/veteran.az\/wp-content\/uploads\/2022\/01\/media-44-bgkc4uy2zj680inh9swf.jpg",645,500,false],"covernews-featured":["https:\/\/veteran.az\/wp-content\/uploads\/2022\/01\/media-44-bgkc4uy2zj680inh9swf.jpg",886,687,false],"covernews-medium":["https:\/\/veteran.az\/wp-content\/uploads\/2022\/01\/media-44-bgkc4uy2zj680inh9swf-720x380.jpg",540,285,true],"covernews-medium-square":["https:\/\/veteran.az\/wp-content\/uploads\/2022\/01\/media-44-bgkc4uy2zj680inh9swf-675x450.jpg",375,250,true]},"author_info":{"display_name":"Veteran.az","author_link":"https:\/\/veteran.az\/?author=3"},"category_info":"<a href=\"https:\/\/veteran.az\/?cat=6\" rel=\"category\">C\u0259miyy\u0259t<\/a>","tag_info":"C\u0259miyy\u0259t","comment_count":"0","_links":{"self":[{"href":"https:\/\/veteran.az\/index.php?rest_route=\/wp\/v2\/posts\/14514","targetHints":{"allow":["GET"]}}],"collection":[{"href":"https:\/\/veteran.az\/index.php?rest_route=\/wp\/v2\/posts"}],"about":[{"href":"https:\/\/veteran.az\/index.php?rest_route=\/wp\/v2\/types\/post"}],"author":[{"embeddable":true,"href":"https:\/\/veteran.az\/index.php?rest_route=\/wp\/v2\/users\/3"}],"replies":[{"embeddable":true,"href":"https:\/\/veteran.az\/index.php?rest_route=%2Fwp%2Fv2%2Fcomments&post=14514"}],"version-history":[{"count":1,"href":"https:\/\/veteran.az\/index.php?rest_route=\/wp\/v2\/posts\/14514\/revisions"}],"predecessor-version":[{"id":14516,"href":"https:\/\/veteran.az\/index.php?rest_route=\/wp\/v2\/posts\/14514\/revisions\/14516"}],"wp:featuredmedia":[{"embeddable":true,"href":"https:\/\/veteran.az\/index.php?rest_route=\/wp\/v2\/media\/14515"}],"wp:attachment":[{"href":"https:\/\/veteran.az\/index.php?rest_route=%2Fwp%2Fv2%2Fmedia&parent=14514"}],"wp:term":[{"taxonomy":"category","embeddable":true,"href":"https:\/\/veteran.az\/index.php?rest_route=%2Fwp%2Fv2%2Fcategories&post=14514"},{"taxonomy":"post_tag","embeddable":true,"href":"https:\/\/veteran.az\/index.php?rest_route=%2Fwp%2Fv2%2Ftags&post=14514"}],"curies":[{"name":"wp","href":"https:\/\/api.w.org\/{rel}","templated":true}]}}