{"id":14492,"date":"2022-01-20T18:28:12","date_gmt":"2022-01-20T14:28:12","guid":{"rendered":"http:\/\/veteran.az\/?p=14492"},"modified":"2022-01-20T18:28:13","modified_gmt":"2022-01-20T14:28:13","slug":"turkiy%c9%99-parlamentind%c9%99-20-yanvar-sahidl%c9%99rinin-xatir%c9%99si-anildi","status":"publish","type":"post","link":"https:\/\/veteran.az\/?p=14492","title":{"rendered":"T\u00fcrkiy\u0259 parlamentind\u0259 20 Yanvar \u015fahidl\u0259rinin xatir\u0259si an\u0131ld\u0131"},"content":{"rendered":"\n<p><strong>T\u00fcrkiy\u0259 B\u00f6y\u00fck Mill\u0259t M\u0259clisinin bu g\u00fcn ke\u00e7iril\u0259n iclas\u0131nda 20 Yanvar \u015fahidl\u0259rinin xatir\u0259si an\u0131l\u0131b.<\/strong><\/p>\n\n\n\n<p><br>T\u00fcrkiy\u0259-Az\u0259rbaycan parlamentl\u0259raras\u0131 dostluq qrupunun r\u0259hb\u0259ri, deputat \u015eamil Ayr\u0131m 1990-c\u0131 ilin yanvar\u0131n 19-dan 20-n\u0259 ke\u00e7\u0259n gec\u0259 Bak\u0131da ba\u015f ver\u0259n hadis\u0259l\u0259r bar\u0259d\u0259 dan\u0131\u015f\u0131b.<\/p>\n\n\n\n<p><br>O qeyd edib ki, h\u0259min gec\u0259 Sovet imperiyas\u0131n\u0131n tanklar\u0131 Az\u0259rbaycan paytaxt\u0131nda g\u00fcnahs\u0131z insanlar\u0131 h\u0259d\u0259f al\u0131b: &#171;Sovet tanklar\u0131 u\u015faq, qad\u0131n, ya\u015fl\u0131lar da daxil olmaqla ham\u0131ya at\u0259\u015f a\u00e7\u0131rd\u0131lar. N\u0259tic\u0259d\u0259 y\u00fczl\u0259rl\u0259 insan \u00f6l\u00fcb v\u0259 yaralan\u0131b. Can az\u0259rbaycanl\u0131 qarda\u015flar\u0131m\u0131z\u0131n dediyi kimi, Qanl\u0131 yanvar bizim \u00fc\u00e7\u00fcn d\u0259 qanl\u0131 bir g\u00fcnd\u00fcr.<\/p>\n\n\n\n<p><br>20 Yanvar Az\u0259rbaycan\u0131n m\u00fcst\u0259qillik yolunda d\u00f6n\u00fc\u015f n\u00f6qt\u0259l\u0259rind\u0259n biridir. 1991-ci il oktyabr\u0131n 18-d\u0259 Az\u0259rbaycan m\u00fcst\u0259qilliyini elan etdi v\u0259 m\u00fcst\u0259qilliyi tan\u0131yan ilk \u00f6lk\u0259 d\u0259 T\u00fcrkiy\u0259 oldu. Bu region \u00e7\u0259tinlikl\u0259rl\u0259 dolu regiondur. Az\u0259rbaycan C\u0259nubi Qafqaz\u0131n, T\u00fcrkiy\u0259 is\u0259 Avropan\u0131n parlayan ulduzudur. \u0130ki \u00f6lk\u0259 aras\u0131ndak\u0131 m\u00fcnasib\u0259tl\u0259rin h\u0259r d\u0259qiq\u0259 daha da yax\u015f\u0131la\u015fd\u0131\u011f\u0131n\u0131 b\u00fct\u00fcn d\u00fcnya \u00f6lk\u0259l\u0259ri g\u00f6r\u00fcr\u201d.<\/p>\n\n\n\n<p>Deputat 20 Yanvar\u0131n 32-ci ild\u00f6n\u00fcm\u00fc il\u0259 \u0259laq\u0259dar Az\u0259rbaycan v\u0259 T\u00fcrkiy\u0259 xalqlar\u0131na ba\u015fsa\u011fl\u0131\u011f\u0131 verib, \u015f\u0259hidl\u0259r\u0259 Allahdan r\u0259hm\u0259t dil\u0259yib.<br>O, hadis\u0259l\u0259ri t\u00f6r\u0259d\u0259nl\u0259ri \u015fidd\u0259tl\u0259 q\u0131nay\u0131b.<\/p>\n\n\n\n<p>M\u0259nb\u0259: Report.az<\/p>\n","protected":false},"excerpt":{"rendered":"<p>T\u00fcrkiy\u0259 B\u00f6y\u00fck Mill\u0259t M\u0259clisinin bu g\u00fcn ke\u00e7iril\u0259n iclas\u0131nda 20 Yanvar \u015fahidl\u0259rinin xatir\u0259si an\u0131l\u0131b. T\u00fcrkiy\u0259-Az\u0259rbaycan parlamentl\u0259raras\u0131&#8230;<\/p>\n","protected":false},"author":3,"featured_media":0,"comment_status":"closed","ping_status":"closed","sticky":false,"template":"","format":"standard","meta":{"footnotes":""},"categories":[6],"tags":[],"class_list":["post-14492","post","type-post","status-publish","format-standard","hentry","category-cmiyyt"],"featured_image_urls":{"full":"","thumbnail":"","medium":"","medium_large":"","large":"","1536x1536":"","2048x2048":"","covernews-slider-full":"","covernews-slider-center":"","covernews-featured":"","covernews-medium":"","covernews-medium-square":""},"author_info":{"display_name":"Veteran.az","author_link":"https:\/\/veteran.az\/?author=3"},"category_info":"<a href=\"https:\/\/veteran.az\/?cat=6\" rel=\"category\">C\u0259miyy\u0259t<\/a>","tag_info":"C\u0259miyy\u0259t","comment_count":"0","_links":{"self":[{"href":"https:\/\/veteran.az\/index.php?rest_route=\/wp\/v2\/posts\/14492","targetHints":{"allow":["GET"]}}],"collection":[{"href":"https:\/\/veteran.az\/index.php?rest_route=\/wp\/v2\/posts"}],"about":[{"href":"https:\/\/veteran.az\/index.php?rest_route=\/wp\/v2\/types\/post"}],"author":[{"embeddable":true,"href":"https:\/\/veteran.az\/index.php?rest_route=\/wp\/v2\/users\/3"}],"replies":[{"embeddable":true,"href":"https:\/\/veteran.az\/index.php?rest_route=%2Fwp%2Fv2%2Fcomments&post=14492"}],"version-history":[{"count":1,"href":"https:\/\/veteran.az\/index.php?rest_route=\/wp\/v2\/posts\/14492\/revisions"}],"predecessor-version":[{"id":14494,"href":"https:\/\/veteran.az\/index.php?rest_route=\/wp\/v2\/posts\/14492\/revisions\/14494"}],"wp:attachment":[{"href":"https:\/\/veteran.az\/index.php?rest_route=%2Fwp%2Fv2%2Fmedia&parent=14492"}],"wp:term":[{"taxonomy":"category","embeddable":true,"href":"https:\/\/veteran.az\/index.php?rest_route=%2Fwp%2Fv2%2Fcategories&post=14492"},{"taxonomy":"post_tag","embeddable":true,"href":"https:\/\/veteran.az\/index.php?rest_route=%2Fwp%2Fv2%2Ftags&post=14492"}],"curies":[{"name":"wp","href":"https:\/\/api.w.org\/{rel}","templated":true}]}}