{"id":14487,"date":"2022-01-20T18:11:55","date_gmt":"2022-01-20T14:11:55","guid":{"rendered":"http:\/\/veteran.az\/?p=14487"},"modified":"2022-01-20T18:28:52","modified_gmt":"2022-01-20T14:28:52","slug":"rusiya-ukraynaya-hucum-ed%c9%99c%c9%99k","status":"publish","type":"post","link":"https:\/\/veteran.az\/?p=14487","title":{"rendered":"Rusiya Ukraynaya h\u00fccum ed\u0259c\u0259k"},"content":{"rendered":"\n<p><strong>Ukrayna prezidenti Vladimir Zelenski Rusiyan\u0131n bu \u00f6lk\u0259y\u0259 g\u00f6zl\u0259nil\u0259n irimiqyasl\u0131 h\u0259rbi m\u00fcdaxil\u0259si il\u0259 ba\u011fl\u0131 xalqa m\u00fcraci\u0259t edib.<\/strong><\/p>\n\n\n\n<p>Veteran.az virtualaz.org-a istinad\u0259n x\u0259b\u0259r verir ki, d\u00f6vl\u0259t ba\u015f\u00e7\u0131s\u0131 m\u00fcharib\u0259nin yenilik olmad\u0131\u011f\u0131n\u0131, Ukraynan\u0131n art\u0131q s\u0259kkiz ildir Rusiya il\u0259 m\u00fcharib\u0259 v\u0259ziyy\u0259tind\u0259 oldu\u011funu deyib.<\/p>\n\n\n\n<p>\u201cM\u0259g\u0259r h\u0259rbi m\u00fcdaxil\u0259 2014-c\u00fc ild\u0259 ba\u015flamay\u0131b? M\u0259g\u0259r m\u00fcharib\u0259 t\u0259hl\u00fck\u0259si ancaq indi meydana \u00e7\u0131x\u0131b?\u201d, &#8212; Zelenski bildirib.<\/p>\n\n\n\n<figure class=\"wp-block-image size-large\"><img decoding=\"async\" src=\"http:\/\/veteran.az\/wp-content\/uploads\/2022\/01\/1642414212_392679_src.jpg\" alt=\"\" class=\"wp-image-14488\"\/><\/figure>\n\n\n\n<p>Zelenskinin s\u00f6zl\u0259rin\u0259 g\u00f6r\u0259, Rusiya il\u0259 irimiqyasl\u0131 h\u0259rbi eskalasiya riskl\u0259ri birinci g\u00fcn deyil ki, m\u00f6vcuddur v\u0259 indi h\u0259min riskl\u0259r art\u0131b. Eyni zamanda m\u00f6vzu \u0259traf\u0131nda ajiotaj da art\u0131b. \u201c\u0130ndi bizim torpaqlar\u0131m\u0131za deyil, sizl\u0259rin \u0259s\u0259bl\u0259rin\u0259 f\u0259al h\u00fccum edirl\u0259r ki, daim narahatl\u0131q i\u00e7\u0259risind\u0259 olas\u0131n\u0131z\u201d, &#8212; Ukrayna prezidenti deyib.<\/p>\n\n\n\n<p>O qeyd edib ki, bu c\u00fcr informasiya h\u00fccumlar\u0131n\u0131n daha bir m\u0259qs\u0259di Ukraynan\u0131n iqtisadi bax\u0131mdan z\u0259ifl\u0259dilm\u0259sidir. Bu yolla investorlar\u0131 qorxudurlar ki, onlar Ukraynada biznesl\u0259rinin inki\u015faf\u0131na v\u0259sait yat\u0131rmaqdan \u00e7\u0259kinsinl\u0259r. Zelenski Ukrayna v\u0259t\u0259nda\u015flar\u0131n\u0131 t\u0259\u015fvi\u015f\u0259 d\u00fc\u015fm\u0259kd\u0259n \u00e7\u0259kinm\u0259y\u0259 v\u0259 \u201crahat n\u0259f\u0259s alma\u011fa\u201d \u00e7a\u011f\u0131r\u0131b. Habel\u0259 K\u0130V-l\u0259r\u0259 m\u0259sl\u0259h\u0259t g\u00f6r\u00fcb ki, \u201ck\u00fctl\u0259vi isteriya vasit\u0259sin\u0259\u201d \u00e7evrilm\u0259sinl\u0259r.<\/p>\n\n\n\n<p>\u201cUkrayna m\u00fcharib\u0259 ist\u0259mir, amma Ukrayna h\u0259mi\u015f\u0259 ona haz\u0131r olmal\u0131d\u0131r\u201d, &#8212; Zelenski deyib.<\/p>\n\n\n\n<p>Zelenskinin xalqa m\u00fcraci\u0259ti il\u0259 t\u0259xmin\u0259n eyni saatlarda AB\u015e prezidenti Cozef Bayden d\u0259 A\u011f evd\u0259 m\u0259tbuat konfrans\u0131 ke\u00e7irib v\u0259 onun \u00e7\u0131x\u0131\u015f\u0131n\u0131n \u0259sas hiss\u0259si Ukrayna \u0259traf\u0131ndak\u0131 situasiya il\u0259 ba\u011fl\u0131 olub. Bayden bildirib ki, ba\u015f ver\u0259nl\u0259r Rusiyan\u0131n Ukraynaya h\u00fccum etm\u0259k niyy\u0259tini g\u00f6st\u0259rir, ancaq prezident Putin h\u0259l\u0259 m\u00fcharib\u0259 q\u0259rar\u0131 verm\u0259yib. AB\u015e prezidentinin s\u00f6zl\u0259rin\u0259 g\u00f6r\u0259, Rusiya Ukraynaya m\u00fcdaxil\u0259 ets\u0259 onu \u201cg\u00f6r\u00fcnm\u0259mi\u015f iqtisadi sanksiyalar\u201d g\u00f6zl\u0259yir.<\/p>\n\n\n\n<p>\u201cM\u0259n h\u0259l\u0259 d\u0259 hesab edir\u0259m ki, Putin tammiqyasl\u0131 m\u00fcharib\u0259 ist\u0259mir. Lakin m\u0259n bilir\u0259m ki, o niyy\u0259tini el\u0259 indi d\u0259yi\u015fdirm\u0259s\u0259 b\u00f6y\u00fck v\u0259 ciddi b\u0259d\u0259l \u00f6d\u0259y\u0259c\u0259k. V\u0259 m\u0259n hesab edir\u0259m ki, o b\u00fct\u00fcn \u00f6mr\u00fc boyu bu q\u0259rar\u0131ndan t\u0259\u0259ss\u00fcfl\u0259n\u0259c\u0259k\u201d, &#8212; AB\u015e prezidenti bildirib.<\/p>\n\n\n\n<p>Baydenin s\u00f6zl\u0259rin\u0259 g\u00f6r\u0259, AB\u015e o d\u0259r\u0259c\u0259d\u0259 a\u011fr\u0131l\u0131 sanksiyalar paketi haz\u0131rlay\u0131b ki, onlar\u0131n t\u0259tbiqi Rusiya \u00fc\u00e7\u00fcn \u201cf\u0259lak\u0259t\u201d olacaq. M\u0259s\u0259l\u0259n, Rusiya banklar\u0131 dollarla \u0259m\u0259liyyatlar h\u0259yata ke\u00e7ir\u0259 bilm\u0259y\u0259c\u0259k. Baydenin s\u00f6zl\u0259rin\u0259 g\u00f6r\u0259, Kreml he\u00e7 vaxt bu c\u00fcr sanksiyalarla \u00fczl\u0259\u015fm\u0259yib.<\/p>\n\n\n\n<figure class=\"wp-block-image size-large\"><img decoding=\"async\" src=\"http:\/\/veteran.az\/wp-content\/uploads\/2022\/01\/1642414181_392680_src.jpg\" alt=\"\" class=\"wp-image-14491\"\/><\/figure>\n\n\n\n<p>Bu arada Ukraynan\u0131n m\u00fctt\u0259fiql\u0259ri ona silah d\u0259st\u0259yi verm\u0259kd\u0259 davam edir. \u00f6t\u0259n iki sutka \u0259rzind\u0259 B\u00f6y\u00fck Britaniya Kral H\u0259rbi Hava Q\u00fcvv\u0259l\u0259rinin 8 C-17 \u201cGlobemaster\u201d n\u0259qliyyat t\u0259yyar\u0259si Kiyev\u0259 enib. Bu t\u0259yyar\u0259l\u0259r B\u00f6y\u00fck Britaniyadan tank \u0259leyhin\u0259 NLAW kompleksl\u0259rini da\u015f\u0131y\u0131r. B\u00f6y\u00fck Britaniya art\u0131q Ukraynaya bu kompleksl\u0259ri verdiyini r\u0259sm\u0259n t\u0259sdiq edib. S\u00f6hb\u0259t mind\u0259n \u00e7ox bel\u0259 kompleksd\u0259n gedir. Hesablamalara g\u00f6r\u0259 bir C-17 t\u0259yyar\u0259si 180-\u0259 q\u0259d\u0259r bel\u0259 kompleks v\u0259 onlara aid raketl\u0259r da\u015f\u0131ya bilir. NLAW tank \u0259leyhin\u0259 kompleksl\u0259ri y\u00fcks\u0259k d\u0259qiqlikli silahd\u0131r, at\u0259\u015f m\u0259saf\u0259si 600-800 metrdir, y\u0259ni yax\u0131n d\u00f6y\u00fc\u015f \u00fc\u00e7\u00fcnd\u00fcr. H\u0259d\u0259fi vurma d\u0259qiqliyi 100 faizdir. Ehtimal edilir ki, Ukrayna az\u0131 1400 bel\u0259 kompleks al\u0131b. Bu is\u0259 Ukraynaya m\u00fcdaxil\u0259 zaman\u0131 Rusiya ordusunun ciddi itkil\u0259r ver\u0259c\u0259yini g\u00f6st\u0259rir.<\/p>\n","protected":false},"excerpt":{"rendered":"<p>Ukrayna prezidenti Vladimir Zelenski Rusiyan\u0131n bu \u00f6lk\u0259y\u0259 g\u00f6zl\u0259nil\u0259n irimiqyasl\u0131 h\u0259rbi m\u00fcdaxil\u0259si il\u0259 ba\u011fl\u0131 xalqa m\u00fcraci\u0259t&#8230;<\/p>\n","protected":false},"author":3,"featured_media":14489,"comment_status":"closed","ping_status":"closed","sticky":false,"template":"","format":"standard","meta":{"footnotes":""},"categories":[7],"tags":[],"class_list":["post-14487","post","type-post","status-publish","format-standard","has-post-thumbnail","hentry","category-dunya"],"featured_image_urls":{"full":["https:\/\/veteran.az\/wp-content\/uploads\/2022\/01\/1642684757_dcfe35942d70886fc0ea4d10afd5526c-1.jpeg",770,415,false],"thumbnail":["https:\/\/veteran.az\/wp-content\/uploads\/2022\/01\/1642684757_dcfe35942d70886fc0ea4d10afd5526c-1-150x150.jpeg",150,150,true],"medium":["https:\/\/veteran.az\/wp-content\/uploads\/2022\/01\/1642684757_dcfe35942d70886fc0ea4d10afd5526c-1-300x162.jpeg",300,162,true],"medium_large":["https:\/\/veteran.az\/wp-content\/uploads\/2022\/01\/1642684757_dcfe35942d70886fc0ea4d10afd5526c-1-768x414.jpeg",640,345,true],"large":["https:\/\/veteran.az\/wp-content\/uploads\/2022\/01\/1642684757_dcfe35942d70886fc0ea4d10afd5526c-1.jpeg",640,345,false],"1536x1536":["https:\/\/veteran.az\/wp-content\/uploads\/2022\/01\/1642684757_dcfe35942d70886fc0ea4d10afd5526c-1.jpeg",770,415,false],"2048x2048":["https:\/\/veteran.az\/wp-content\/uploads\/2022\/01\/1642684757_dcfe35942d70886fc0ea4d10afd5526c-1.jpeg",770,415,false],"covernews-slider-full":["https:\/\/veteran.az\/wp-content\/uploads\/2022\/01\/1642684757_dcfe35942d70886fc0ea4d10afd5526c-1.jpeg",770,415,false],"covernews-slider-center":["https:\/\/veteran.az\/wp-content\/uploads\/2022\/01\/1642684757_dcfe35942d70886fc0ea4d10afd5526c-1.jpeg",770,415,false],"covernews-featured":["https:\/\/veteran.az\/wp-content\/uploads\/2022\/01\/1642684757_dcfe35942d70886fc0ea4d10afd5526c-1.jpeg",770,415,false],"covernews-medium":["https:\/\/veteran.az\/wp-content\/uploads\/2022\/01\/1642684757_dcfe35942d70886fc0ea4d10afd5526c-1-720x380.jpeg",540,285,true],"covernews-medium-square":["https:\/\/veteran.az\/wp-content\/uploads\/2022\/01\/1642684757_dcfe35942d70886fc0ea4d10afd5526c-1-675x415.jpeg",400,246,true]},"author_info":{"display_name":"Veteran.az","author_link":"https:\/\/veteran.az\/?author=3"},"category_info":"<a href=\"https:\/\/veteran.az\/?cat=7\" rel=\"category\">D\u00fcnya<\/a>","tag_info":"D\u00fcnya","comment_count":"0","_links":{"self":[{"href":"https:\/\/veteran.az\/index.php?rest_route=\/wp\/v2\/posts\/14487","targetHints":{"allow":["GET"]}}],"collection":[{"href":"https:\/\/veteran.az\/index.php?rest_route=\/wp\/v2\/posts"}],"about":[{"href":"https:\/\/veteran.az\/index.php?rest_route=\/wp\/v2\/types\/post"}],"author":[{"embeddable":true,"href":"https:\/\/veteran.az\/index.php?rest_route=\/wp\/v2\/users\/3"}],"replies":[{"embeddable":true,"href":"https:\/\/veteran.az\/index.php?rest_route=%2Fwp%2Fv2%2Fcomments&post=14487"}],"version-history":[{"count":2,"href":"https:\/\/veteran.az\/index.php?rest_route=\/wp\/v2\/posts\/14487\/revisions"}],"predecessor-version":[{"id":14495,"href":"https:\/\/veteran.az\/index.php?rest_route=\/wp\/v2\/posts\/14487\/revisions\/14495"}],"wp:featuredmedia":[{"embeddable":true,"href":"https:\/\/veteran.az\/index.php?rest_route=\/wp\/v2\/media\/14489"}],"wp:attachment":[{"href":"https:\/\/veteran.az\/index.php?rest_route=%2Fwp%2Fv2%2Fmedia&parent=14487"}],"wp:term":[{"taxonomy":"category","embeddable":true,"href":"https:\/\/veteran.az\/index.php?rest_route=%2Fwp%2Fv2%2Fcategories&post=14487"},{"taxonomy":"post_tag","embeddable":true,"href":"https:\/\/veteran.az\/index.php?rest_route=%2Fwp%2Fv2%2Ftags&post=14487"}],"curies":[{"name":"wp","href":"https:\/\/api.w.org\/{rel}","templated":true}]}}