{"id":14451,"date":"2022-01-18T23:59:13","date_gmt":"2022-01-18T19:59:13","guid":{"rendered":"http:\/\/veteran.az\/?p=14451"},"modified":"2022-01-18T23:59:14","modified_gmt":"2022-01-18T19:59:14","slug":"k%c9%99rim-v%c9%99liyev-hhq-y%c9%99-tapsiriqlar-verib","status":"publish","type":"post","link":"https:\/\/veteran.az\/?p=14451","title":{"rendered":"K\u0259rim V\u0259liyev HHQ-y\u0259 tap\u015f\u0131r\u0131qlar verib"},"content":{"rendered":"\n<p><strong>M\u00fcdafi\u0259 naziri general-polkovnik Zakir H\u0259s\u0259novun tap\u015f\u0131r\u0131\u011f\u0131na \u0259sas\u0259n m\u00fcdafi\u0259 nazirinin birinci m\u00fcavini \u2013 Az\u0259rbaycan Ordusunun Ba\u015f Q\u0259rargah r\u0259isi general-polkovnik K\u0259rim V\u0259liyev H\u0259rbi Hava Q\u00fcvv\u0259l\u0259rinin h\u0259rbi hiss\u0259l\u0259rind\u0259n birind\u0259 olub.<\/strong><\/p>\n\n\n\n<p>Bu bar\u0259d\u0259 M\u00fcdafi\u0259 Nazirliyind\u0259n m\u0259lumat verilib.<\/p>\n\n\n\n<p>HHQ-nin \u015f\u0259xsi hey\u0259ti il\u0259 g\u00f6r\u00fc\u015f\u0259n Ba\u015f Q\u0259rargah r\u0259isi hava h\u00fccumundan m\u00fcdafi\u0259 r\u0259isl\u0259ri, zenit-raket divizionlar\u0131n\u0131n komandirl\u0259ri il\u0259 ke\u00e7iril\u0259n t\u0259lim-metodiki toplan\u0131\u015fda i\u015ftirak edib.<\/p>\n\n\n\n<p>General-polkovnik K.V\u0259liyev d\u00f6y\u00fc\u015f qabiliyy\u0259tinin daha da art\u0131r\u0131lmas\u0131 v\u0259 d\u00f6y\u00fc\u015f\u0259 haz\u0131r olma v\u0259ziyy\u0259tinin y\u00fcks\u0259k s\u0259viyy\u0259d\u0259 saxlan\u0131lmas\u0131, hava m\u0259kan\u0131m\u0131z\u0131n etibarl\u0131 qorunmas\u0131, d\u00f6y\u00fc\u015f n\u00f6vb\u0259t\u00e7iliyinin keyfiyy\u0259tli t\u0259\u015fkili v\u0259 apar\u0131lmas\u0131 il\u0259 ba\u011fl\u0131 tap\u015f\u0131r\u0131qlar verib.<\/p>\n\n\n\n<p>Sonda Ba\u015f Q\u0259rargah r\u0259isi \u015f\u0259xsi hey\u0259tin qay\u011f\u0131lar\u0131 il\u0259 maraqlan\u0131b v\u0259 M\u00fcdafi\u0259 nazirinin m\u00fcvafiq tap\u015f\u0131r\u0131qlar\u0131n\u0131 aidiyy\u0259ti \u00fczr\u0259 v\u0259zif\u0259li \u015f\u0259xsl\u0259r\u0259 \u00e7atd\u0131r\u0131b.<\/p>\n","protected":false},"excerpt":{"rendered":"<p>M\u00fcdafi\u0259 naziri general-polkovnik Zakir H\u0259s\u0259novun tap\u015f\u0131r\u0131\u011f\u0131na \u0259sas\u0259n m\u00fcdafi\u0259 nazirinin birinci m\u00fcavini \u2013 Az\u0259rbaycan Ordusunun Ba\u015f&#8230;<\/p>\n","protected":false},"author":3,"featured_media":0,"comment_status":"closed","ping_status":"closed","sticky":false,"template":"","format":"standard","meta":{"footnotes":""},"categories":[6],"tags":[],"class_list":["post-14451","post","type-post","status-publish","format-standard","hentry","category-cmiyyt"],"featured_image_urls":{"full":"","thumbnail":"","medium":"","medium_large":"","large":"","1536x1536":"","2048x2048":"","covernews-slider-full":"","covernews-slider-center":"","covernews-featured":"","covernews-medium":"","covernews-medium-square":""},"author_info":{"display_name":"Veteran.az","author_link":"https:\/\/veteran.az\/?author=3"},"category_info":"<a href=\"https:\/\/veteran.az\/?cat=6\" rel=\"category\">C\u0259miyy\u0259t<\/a>","tag_info":"C\u0259miyy\u0259t","comment_count":"0","_links":{"self":[{"href":"https:\/\/veteran.az\/index.php?rest_route=\/wp\/v2\/posts\/14451","targetHints":{"allow":["GET"]}}],"collection":[{"href":"https:\/\/veteran.az\/index.php?rest_route=\/wp\/v2\/posts"}],"about":[{"href":"https:\/\/veteran.az\/index.php?rest_route=\/wp\/v2\/types\/post"}],"author":[{"embeddable":true,"href":"https:\/\/veteran.az\/index.php?rest_route=\/wp\/v2\/users\/3"}],"replies":[{"embeddable":true,"href":"https:\/\/veteran.az\/index.php?rest_route=%2Fwp%2Fv2%2Fcomments&post=14451"}],"version-history":[{"count":1,"href":"https:\/\/veteran.az\/index.php?rest_route=\/wp\/v2\/posts\/14451\/revisions"}],"predecessor-version":[{"id":14453,"href":"https:\/\/veteran.az\/index.php?rest_route=\/wp\/v2\/posts\/14451\/revisions\/14453"}],"wp:attachment":[{"href":"https:\/\/veteran.az\/index.php?rest_route=%2Fwp%2Fv2%2Fmedia&parent=14451"}],"wp:term":[{"taxonomy":"category","embeddable":true,"href":"https:\/\/veteran.az\/index.php?rest_route=%2Fwp%2Fv2%2Fcategories&post=14451"},{"taxonomy":"post_tag","embeddable":true,"href":"https:\/\/veteran.az\/index.php?rest_route=%2Fwp%2Fv2%2Ftags&post=14451"}],"curies":[{"name":"wp","href":"https:\/\/api.w.org\/{rel}","templated":true}]}}