{"id":14406,"date":"2022-01-16T01:35:00","date_gmt":"2022-01-15T21:35:00","guid":{"rendered":"http:\/\/veteran.az\/?p=14406"},"modified":"2022-01-16T01:35:01","modified_gmt":"2022-01-15T21:35:01","slug":"rusiya-erm%c9%99nistan-turkiy%c9%99-munasib%c9%99tl%c9%99rinin-yaxsilasmasini-ist%c9%99mir-suren-sarkisyan","status":"publish","type":"post","link":"https:\/\/veteran.az\/?p=14406","title":{"rendered":"\u201cRusiya Erm\u0259nistan-T\u00fcrkiy\u0259 m\u00fcnasib\u0259tl\u0259rin\u0131n yax\u015f\u0131la\u015fmas\u0131n\u0131 ist\u0259mir\u201d-  Suren Sarkisyan"},"content":{"rendered":"\n<p><strong>\u201cAB\u015e\u00a0 Erm\u0259nistan-T\u00fcrkiy\u0259 m\u00fcnasib\u0259tl\u0259rinini tezlikl\u0259 normalla\u015fd\u0131r\u0131lmas\u0131nda maraql\u0131d\u0131r. Bu onlar \u00fc\u00e7\u00fcn \u00e7ox vacibdir. Amma bu s\u00f6zl\u0259ri Rusiya haqq\u0131nda dey\u0259 bilm\u0259r\u0259m\u201d.<\/strong><\/p>\n\n\n\n<p> Alp.az x\u0259b\u0259r verir ki, bunu\u00a0 erm\u0259ni ekspert Suren Sarkisyan\u00a0 deyib.<\/p>\n\n\n\n<p>\u201cAB\u015e Erm\u0259nistan-T\u00fcrkiy\u0259 m\u00fcnasib\u0259tl\u0259rinin t\u0259kc\u0259 ikit\u0259r\u0259fli m\u00fcnasib\u0259tl\u0259r kontekstind\u0259 deyil, h\u0259m d\u0259 AB\u015e-\u0131n regional maraqlar\u0131 kontekstind\u0259 normalla\u015fmas\u0131nda maraql\u0131d\u0131r. Amerikan\u0131n regional maraqlar\u0131 is\u0259 deyir ki, Erm\u0259nistan-T\u00fcrkiy\u0259 m\u00fcnasib\u0259tl\u0259rinin normalla\u015faca\u011f\u0131 t\u0259qdird\u0259 burada yeni geosiyasi reall\u0131qlar ortaya \u00e7\u0131xacaq. Bu yana\u015fma AB\u015e-da 1991-ci ild\u0259n m\u00f6vcuddur v\u0259 b\u00fct\u00fcn administrasiyalar \u00fc\u00e7\u00fcn prioritet olub. Lakin Rusiya bu iki \u00f6lk\u0259nin yax\u0131nla\u015fmas\u0131n\u0131 ist\u0259mir. \u00c7\u00fcnki yax\u0131nla\u015fma olduqca Rusiya aradan \u00e7\u0131xacaq. Ruslar da bunu ist\u0259mir. G\u00f6r\u00fc\u015fl\u0259rin Moskvada t\u0259\u015fkil edilm\u0259si d\u0259 ayd\u0131n deyil\u201d. \u2013 dey\u0259 Suren Sarkisyan&nbsp; bildirib.<\/p>\n","protected":false},"excerpt":{"rendered":"<p>\u201cAB\u015e\u00a0 Erm\u0259nistan-T\u00fcrkiy\u0259 m\u00fcnasib\u0259tl\u0259rinini tezlikl\u0259 normalla\u015fd\u0131r\u0131lmas\u0131nda maraql\u0131d\u0131r. Bu onlar \u00fc\u00e7\u00fcn \u00e7ox vacibdir. Amma bu s\u00f6zl\u0259ri Rusiya&#8230;<\/p>\n","protected":false},"author":3,"featured_media":0,"comment_status":"closed","ping_status":"closed","sticky":false,"template":"","format":"standard","meta":{"footnotes":""},"categories":[6],"tags":[],"class_list":["post-14406","post","type-post","status-publish","format-standard","hentry","category-cmiyyt"],"featured_image_urls":{"full":"","thumbnail":"","medium":"","medium_large":"","large":"","1536x1536":"","2048x2048":"","covernews-slider-full":"","covernews-slider-center":"","covernews-featured":"","covernews-medium":"","covernews-medium-square":""},"author_info":{"display_name":"Veteran.az","author_link":"https:\/\/veteran.az\/?author=3"},"category_info":"<a href=\"https:\/\/veteran.az\/?cat=6\" rel=\"category\">C\u0259miyy\u0259t<\/a>","tag_info":"C\u0259miyy\u0259t","comment_count":"0","_links":{"self":[{"href":"https:\/\/veteran.az\/index.php?rest_route=\/wp\/v2\/posts\/14406","targetHints":{"allow":["GET"]}}],"collection":[{"href":"https:\/\/veteran.az\/index.php?rest_route=\/wp\/v2\/posts"}],"about":[{"href":"https:\/\/veteran.az\/index.php?rest_route=\/wp\/v2\/types\/post"}],"author":[{"embeddable":true,"href":"https:\/\/veteran.az\/index.php?rest_route=\/wp\/v2\/users\/3"}],"replies":[{"embeddable":true,"href":"https:\/\/veteran.az\/index.php?rest_route=%2Fwp%2Fv2%2Fcomments&post=14406"}],"version-history":[{"count":1,"href":"https:\/\/veteran.az\/index.php?rest_route=\/wp\/v2\/posts\/14406\/revisions"}],"predecessor-version":[{"id":14408,"href":"https:\/\/veteran.az\/index.php?rest_route=\/wp\/v2\/posts\/14406\/revisions\/14408"}],"wp:attachment":[{"href":"https:\/\/veteran.az\/index.php?rest_route=%2Fwp%2Fv2%2Fmedia&parent=14406"}],"wp:term":[{"taxonomy":"category","embeddable":true,"href":"https:\/\/veteran.az\/index.php?rest_route=%2Fwp%2Fv2%2Fcategories&post=14406"},{"taxonomy":"post_tag","embeddable":true,"href":"https:\/\/veteran.az\/index.php?rest_route=%2Fwp%2Fv2%2Ftags&post=14406"}],"curies":[{"name":"wp","href":"https:\/\/api.w.org\/{rel}","templated":true}]}}