{"id":14394,"date":"2022-01-15T02:23:50","date_gmt":"2022-01-14T22:23:50","guid":{"rendered":"http:\/\/veteran.az\/?p=14394"},"modified":"2022-01-15T02:23:51","modified_gmt":"2022-01-14T22:23:51","slug":"s%c9%99hid-tankcimizin-son-sozu-mubariz-ibrahimov-olm%c9%99di-sagdir","status":"publish","type":"post","link":"https:\/\/veteran.az\/?p=14394","title":{"rendered":"\u015e\u0259hid tank\u00e7\u0131m\u0131z\u0131n son S\u00d6Z\u00dc: M\u00fcbariz \u0130brahimov \u00f6lm\u0259di sa\u011fd\u0131r"},"content":{"rendered":"\n<p><strong>44\u00a0 g\u00fcnl\u00fck V\u0259t\u0259n M\u00fcharib\u0259sind\u0259 \u00f6z c\u0259surlu\u011fu il\u0259 dastan yazan o\u011fullar\u0131m\u0131zdan biri d\u0259, bu g\u00fcn do\u011fum g\u00fcn\u00fc olan \u015f\u0259hid M\u00fcbariz \u0130brahimovdur.<\/strong><\/p>\n\n\n\n<p>M\u00fcbariz \u0130brahimov 14 yanvar 1990-c\u0131 ild\u0259 Da\u015fk\u0259s\u0259n rayonunun Xo\u015fbulaq k\u0259ndind\u0259 do\u011fulmudu. 2014-c\u00fc ild\u0259n Az\u0259rbaycan Silahl\u0131 Q\u00fcvv\u0259l\u0259rinin s\u0131ralar\u0131nda m\u00fcdd\u0259tli h\u0259qiqi h\u0259rbi xidm\u0259t qulluq\u00e7usu olaraq \u00e7al\u0131\u015f\u0131rd\u0131.<\/p>\n\n\n\n<p>Milli Q\u0259hr\u0259man\u0131m\u0131z M\u00fcbariz \u0130brahimovla h\u0259m ad, h\u0259m soyada g\u00f6r\u0259 ada\u015f olan igidimiz a\u011f\u0131r d\u00f6y\u00fc\u015fl\u0259rin i\u015ftirak\u00e7\u0131s\u0131 olmu\u015fdu.<\/p>\n\n\n\n<p>M\u00fcharib\u0259d\u0259 k\u00f6n\u00fcll\u00fc olaraq i\u015ftirak edirdi. \u018fsg\u0259r yolda\u015flar\u0131n\u0131n dediyin\u0259 g\u00f6r\u0259, d\u00f6y\u00fc\u015f\u0259rd\u0259 \u201cM\u00fcbariz \u0130brahimov \u00f6lm\u0259di sa\u011fd\u0131r\u201d dey\u0259r\u0259k veril\u0259n \u0259mrl\u0259ri q\u0259hr\u0259manl\u0131qla yerin\u0259 yetirirmi\u015f. M\u00fcbariz \u0130brahimovun q\u0259l\u0259b\u0259y\u0259 9 saat qalm\u0131\u015f, 9 noyabr 2020-ci il tarixind\u0259 Xocav\u0259nd istiqam\u0259tind\u0259 ged\u0259n d\u00f6y\u00fc\u015fl\u0259rd\u0259 tank\u0131 vurulur \u2013 tankdan \u00e7\u0131xa bilmir v\u0259 q\u0259hr\u0259mancas\u0131na \u015f\u0259hidlik zirv\u0259sin\u0259 ucal\u0131r.<\/p>\n\n\n\n<p>\u015e\u0259hid M\u00fcbariz \u0130brahimov 11 noyabr tarixind\u0259 Da\u015fk\u0259s\u0259n rayonunun \u015e\u0259hidl\u0259r xiyaban\u0131nda d\u0259fn edilib.<\/p>\n\n\n\n<p>\u015e\u0259hid M\u00fcbariz \u0130brahimov&nbsp; Az\u0259rbaycan Prezidenti \u0130lham \u018fliyevin&nbsp; S\u0259r\u0259ncam\u0131na \u0259sas\u0259n M \u201cV\u0259t\u0259n u\u011frunda\u201d medal\u0131 ,\u201dXocav\u0259ndin azad olunmas\u0131na g\u00f6r\u0259\u201d medal\u0131, \u201cF\u00fczulinin azad olunmas\u0131na g\u00f6r\u0259\u201d medal\u0131 , \u201cC\u0259bray\u0131l\u0131n azad olunmas\u0131na g\u00f6r\u0259\u201d medal\u0131 v\u0259 3-c\u00fc d\u0259r\u0259c\u0259li \u201cR\u0259\u015fad\u0259t\u201d ordeni il\u0259 t\u0259ltif edilib.<\/p>\n","protected":false},"excerpt":{"rendered":"<p>44\u00a0 g\u00fcnl\u00fck V\u0259t\u0259n M\u00fcharib\u0259sind\u0259 \u00f6z c\u0259surlu\u011fu il\u0259 dastan yazan o\u011fullar\u0131m\u0131zdan biri d\u0259, bu g\u00fcn do\u011fum&#8230;<\/p>\n","protected":false},"author":3,"featured_media":0,"comment_status":"closed","ping_status":"closed","sticky":false,"template":"","format":"standard","meta":{"footnotes":""},"categories":[9],"tags":[],"class_list":["post-14394","post","type-post","status-publish","format-standard","hentry","category-sq"],"featured_image_urls":{"full":"","thumbnail":"","medium":"","medium_large":"","large":"","1536x1536":"","2048x2048":"","covernews-slider-full":"","covernews-slider-center":"","covernews-featured":"","covernews-medium":"","covernews-medium-square":""},"author_info":{"display_name":"Veteran.az","author_link":"https:\/\/veteran.az\/?author=3"},"category_info":"<a href=\"https:\/\/veteran.az\/?cat=9\" rel=\"category\">Silahl\u0131 Q\u00fcvv\u0259l\u0259r<\/a>","tag_info":"Silahl\u0131 Q\u00fcvv\u0259l\u0259r","comment_count":"0","_links":{"self":[{"href":"https:\/\/veteran.az\/index.php?rest_route=\/wp\/v2\/posts\/14394","targetHints":{"allow":["GET"]}}],"collection":[{"href":"https:\/\/veteran.az\/index.php?rest_route=\/wp\/v2\/posts"}],"about":[{"href":"https:\/\/veteran.az\/index.php?rest_route=\/wp\/v2\/types\/post"}],"author":[{"embeddable":true,"href":"https:\/\/veteran.az\/index.php?rest_route=\/wp\/v2\/users\/3"}],"replies":[{"embeddable":true,"href":"https:\/\/veteran.az\/index.php?rest_route=%2Fwp%2Fv2%2Fcomments&post=14394"}],"version-history":[{"count":1,"href":"https:\/\/veteran.az\/index.php?rest_route=\/wp\/v2\/posts\/14394\/revisions"}],"predecessor-version":[{"id":14396,"href":"https:\/\/veteran.az\/index.php?rest_route=\/wp\/v2\/posts\/14394\/revisions\/14396"}],"wp:attachment":[{"href":"https:\/\/veteran.az\/index.php?rest_route=%2Fwp%2Fv2%2Fmedia&parent=14394"}],"wp:term":[{"taxonomy":"category","embeddable":true,"href":"https:\/\/veteran.az\/index.php?rest_route=%2Fwp%2Fv2%2Fcategories&post=14394"},{"taxonomy":"post_tag","embeddable":true,"href":"https:\/\/veteran.az\/index.php?rest_route=%2Fwp%2Fv2%2Ftags&post=14394"}],"curies":[{"name":"wp","href":"https:\/\/api.w.org\/{rel}","templated":true}]}}