{"id":14391,"date":"2022-01-15T02:20:36","date_gmt":"2022-01-14T22:20:36","guid":{"rendered":"http:\/\/veteran.az\/?p=14391"},"modified":"2022-01-15T02:20:37","modified_gmt":"2022-01-14T22:20:37","slug":"savasin-qapisina-catdilar-s%c9%99rh%c9%99d%c9%99-agir-texnikalar-v%c9%99-canli-quvv%c9%99-gond%c9%99rildi","status":"publish","type":"post","link":"https:\/\/veteran.az\/?p=14391","title":{"rendered":"Sava\u015f\u0131n qap\u0131s\u0131na \u00e7atd\u0131lar \u2013 S\u0259rh\u0259d\u0259 a\u011f\u0131r texnikalar v\u0259 canl\u0131 q\u00fcvv\u0259 g\u00f6nd\u0259rildi"},"content":{"rendered":"\n<p><strong>\u201c\u00c7in-Hindistan s\u0259rh\u0259dinin da\u011fl\u0131q \u0259razisind\u0259 &#8212; Ladakx b\u00f6lg\u0259sind\u0259 yenid\u0259n g\u0259rginlik g\u00f6zl\u0259nilir. M\u0259s\u0259l\u0259n buras\u0131ndad\u0131r ki, iki d\u00f6vl\u0259tin y\u00fcks\u0259k r\u00fctb\u0259li h\u0259rb\u00e7il\u0259ri v\u0259 r\u0259smil\u0259ri aras\u0131nda uzun m\u00fcdd\u0259tdir apar\u0131lan dan\u0131\u015f\u0131qlar, n\u0259 az, n\u0259 \u00e7ox 14 g\u00f6r\u00fc\u015f n\u0259tic\u0259 verm\u0259yib. Bu is\u0259 o dem\u0259kdir ki, 2020-ci ild\u0259 s\u0259rh\u0259din h\u0259min hisss\u0259ind\u0259 ba\u015f ver\u0259n toqqu\u015fman\u0131n t\u0259krarlanmas\u0131 ehtimal\u0131 y\u00fcks\u0259kdir\u201d.<\/strong><\/p>\n\n\n\n<p>Bu bar\u0259d\u0259 \u201cAtlas\u201d Ara\u015fd\u0131rmalar M\u0259rk\u0259zind\u0259n daxil olan analitik m\u0259qal\u0259d\u0259 bildirilib.<\/p>\n\n\n\n<p>M\u0259qal\u0259d\u0259 qeyd edilib ki, \u00c7in s\u0259rh\u0259din da\u011fl\u0131q hiss\u0259sin\u0259 \u0259lav\u0259 q\u00fcvv\u0259l\u0259r yerl\u0259\u015fdirm\u0259kd\u0259 davam edir:<\/p>\n\n\n\n<p>\u201cHindistan buna cavab olaraq eyni add\u0131m at\u0131b. H\u0259r iki \u00f6lk\u0259 s\u0259rh\u0259din da\u011fl\u0131q hiss\u0259sin\u0259 a\u011f\u0131r h\u0259rbi texnika, tanklar v\u0259 artileriya qur\u011fular\u0131 yerl\u0259\u015fdiribl\u0259r. Pekin d\u00fc\u015f\u00fcn\u00fcrd\u00fc ki, Hindistan onun h\u0259rbi g\u00fcc\u00fc qar\u015f\u0131s\u0131nda geri \u00e7\u0259kil\u0259c\u0259k. Ancaq Dehli s\u0259rh\u0259din da\u011fl\u0131q hiss\u0259sini \u00c7in\u0259 g\u00fcz\u0259\u015ft\u0259 getm\u0259k ist\u0259mir.<\/p>\n\n\n\n<p>Dan\u0131\u015f\u0131qlar\u0131n n\u0259tic\u0259 verm\u0259diyi d\u00f6vrd\u0259 \u00c7in Himalay da\u011flar\u0131nda daha \u00e7ox q\u00fcvv\u0259 toplayacaq. \u00c7in parlamentinin q\u0259rar\u0131na g\u00f6r\u0259 d\u0259 h\u0259min \u0259razil\u0259r g\u00fcz\u0259\u015ft\u0259 gedilm\u0259y\u0259c\u0259k. Pekin bu durumdan narahat deyil, Hindistan h\u00f6kum\u0259ti is\u0259 m\u00f6vcud v\u0259ziyy\u0259t\u0259 g\u00f6r\u0259 \u00c7inl\u0259 siyasi v\u0259 iqtisadi \u0259laq\u0259l\u0259rini faktiki dondurub. Dehli s\u0259rh\u0259dl\u0259 ba\u011fl\u0131 raz\u0131la\u015fmadan sonra m\u00fcnasib\u0259tl\u0259rin normalla\u015faca\u011f\u0131na \u00fcmid edir. Ancaq bu \u00fcmidl\u0259r \u00f6z\u00fcn\u00fc do\u011frultmur.<\/p>\n\n\n\n<p>\u00c7in s\u0259rh\u0259din m\u00fcbahis\u0259li hiss\u0259sind\u0259 k\u00f6rp\u00fc in\u015fa edib. Hindistan is\u0259 hesab edir ki, h\u0259min k\u00f6rp\u00fc 60 ildir \u00c7inin i\u015f\u011fal alt\u0131nda saxlad\u0131\u011f\u0131 \u0259razid\u0259 in\u015fa edilib. Pekin Dehlinin bu iddialar\u0131n\u0131 q\u0259bul etmir. \u00c7in in\u015fa etdiyi yeni k\u00f6rp\u00fc vasit\u0259sil\u0259 s\u0259rh\u0259d\u0259 daha \u00e7ox h\u0259rbi texnika ke\u00e7ir\u0259 bil\u0259c\u0259k. K\u00f6rp\u00fcn\u00fcn alt\u0131ndan ke\u00e7\u0259n \u00e7ay\u0131n 75 faizi d\u0259 \u00c7inin n\u0259zar\u0259ti alt\u0131ndad\u0131r.<\/p>\n\n\n\n<p>\u201cR\u00f6yter\u201d agenliyinin m\u0259lumat\u0131na g\u00f6r\u0259 \u00c7in yaln\u0131z Hindistanla deyil 800 min \u0259halisi olan ki\u00e7ik Butan d\u00f6vl\u0259ti il\u0259 s\u0259rh\u0259dd\u0259 in\u015faat i\u015fl\u0259ri apar\u0131r. Butan Hindistan\u0131n m\u00fctt\u0259fiqidir. B\u0259lk\u0259 buna g\u00f6r\u0259 Pekin Butanla s\u0259rh\u0259d\u0259 d\u0259 iddia edir v\u0259 s\u0259rh\u0259din bu istiqam\u0259tind\u0259 \u0259lav\u0259 h\u0259rbi q\u00fcvv\u0259 toplay\u0131r\u201d.<\/p>\n\n\n\n<p>M\u0259qal\u0259d\u0259 bildirilib ki, s\u0259rh\u0259dl\u0259rl\u0259 ba\u011fl\u0131 haz\u0131rki durum \u00c7inl\u0259 Hindistan aras\u0131nda yeni toqqu\u015fma ehtimal\u0131n\u0131 art\u0131r\u0131r:<\/p>\n\n\n\n<p>\u201cM\u00f6vcud v\u0259ziyy\u0259t Hindistan\u0131 daha \u00e7ox AB\u015e-la m\u00fctt\u0259fiqliy\u0259 yax\u0131nla\u015fd\u0131racaq. Rusiya ist\u0259mir ki, Dehli Va\u015finqtonla strateji t\u0259r\u0259fda\u015fl\u0131\u011f\u0131n\u0131 g\u00fccl\u0259ndirsin. Rusiya prezidenti Vladimir Putinin \u00f6t\u0259n ay Hindistana r\u0259smi s\u0259f\u0259ri d\u0259 bundan x\u0259b\u0259r verirdi. Ancaq Pekinin siyas\u0259ti Kremli Hindistan\u0131 Rusiyaya yax\u0131nla\u015fd\u0131rma\u011fa imkan vermir. Kreml s\u0259rh\u0259d m\u0259s\u0259l\u0259sind\u0259 t\u0259r\u0259fda\u015f\u0131 Pekinin siyas\u0259tin\u0259 t\u0259sir etm\u0259k ist\u0259mir. Bel\u0259 olduqca da Dehli Moskva \u2013 Va\u015finqton se\u00e7imind\u0259 ikinciy\u0259 daha \u00e7ox \u00fcst\u00fcnl\u00fck ver\u0259c\u0259k\u201d.<\/p>\n\n\n\n<hr class=\"wp-block-separator\"\/>\n\n\n\n<p>M\u00fc\u0259llif: M\u0259nsur R\u0259\u011fb\u0259to\u011flu<\/p>\n\n\n\n<p>M\u0259nb\u0259: Teleqraf.com<\/p>\n\n\n\n<figure class=\"wp-block-embed is-type-video is-provider-youtube wp-block-embed-youtube wp-embed-aspect-16-9 wp-has-aspect-ratio\"><div class=\"wp-block-embed__wrapper\">\n<iframe loading=\"lazy\" title=\"Sava\u015f\u0131n qap\u0131s\u0131na \u00e7atd\u0131lar \u2013 S\u0259rh\u0259d\u0259 a\u011f\u0131r texnikalar v\u0259 canl\u0131 q\u00fcvv\u0259 g\u00f6nd\u0259rildi\" width=\"640\" height=\"360\" src=\"https:\/\/www.youtube.com\/embed\/2QqFnlphejg?feature=oembed\" frameborder=\"0\" allow=\"accelerometer; autoplay; clipboard-write; encrypted-media; gyroscope; picture-in-picture; web-share\" referrerpolicy=\"strict-origin-when-cross-origin\" allowfullscreen><\/iframe>\n<\/div><\/figure>\n","protected":false},"excerpt":{"rendered":"<p>\u201c\u00c7in-Hindistan s\u0259rh\u0259dinin da\u011fl\u0131q \u0259razisind\u0259 &#8212; Ladakx b\u00f6lg\u0259sind\u0259 yenid\u0259n g\u0259rginlik g\u00f6zl\u0259nilir. M\u0259s\u0259l\u0259n buras\u0131ndad\u0131r ki, iki d\u00f6vl\u0259tin&#8230;<\/p>\n","protected":false},"author":3,"featured_media":0,"comment_status":"closed","ping_status":"closed","sticky":false,"template":"","format":"standard","meta":{"footnotes":""},"categories":[6],"tags":[],"class_list":["post-14391","post","type-post","status-publish","format-standard","hentry","category-cmiyyt"],"featured_image_urls":{"full":"","thumbnail":"","medium":"","medium_large":"","large":"","1536x1536":"","2048x2048":"","covernews-slider-full":"","covernews-slider-center":"","covernews-featured":"","covernews-medium":"","covernews-medium-square":""},"author_info":{"display_name":"Veteran.az","author_link":"https:\/\/veteran.az\/?author=3"},"category_info":"<a href=\"https:\/\/veteran.az\/?cat=6\" rel=\"category\">C\u0259miyy\u0259t<\/a>","tag_info":"C\u0259miyy\u0259t","comment_count":"0","_links":{"self":[{"href":"https:\/\/veteran.az\/index.php?rest_route=\/wp\/v2\/posts\/14391","targetHints":{"allow":["GET"]}}],"collection":[{"href":"https:\/\/veteran.az\/index.php?rest_route=\/wp\/v2\/posts"}],"about":[{"href":"https:\/\/veteran.az\/index.php?rest_route=\/wp\/v2\/types\/post"}],"author":[{"embeddable":true,"href":"https:\/\/veteran.az\/index.php?rest_route=\/wp\/v2\/users\/3"}],"replies":[{"embeddable":true,"href":"https:\/\/veteran.az\/index.php?rest_route=%2Fwp%2Fv2%2Fcomments&post=14391"}],"version-history":[{"count":1,"href":"https:\/\/veteran.az\/index.php?rest_route=\/wp\/v2\/posts\/14391\/revisions"}],"predecessor-version":[{"id":14393,"href":"https:\/\/veteran.az\/index.php?rest_route=\/wp\/v2\/posts\/14391\/revisions\/14393"}],"wp:attachment":[{"href":"https:\/\/veteran.az\/index.php?rest_route=%2Fwp%2Fv2%2Fmedia&parent=14391"}],"wp:term":[{"taxonomy":"category","embeddable":true,"href":"https:\/\/veteran.az\/index.php?rest_route=%2Fwp%2Fv2%2Fcategories&post=14391"},{"taxonomy":"post_tag","embeddable":true,"href":"https:\/\/veteran.az\/index.php?rest_route=%2Fwp%2Fv2%2Ftags&post=14391"}],"curies":[{"name":"wp","href":"https:\/\/api.w.org\/{rel}","templated":true}]}}