{"id":14381,"date":"2022-01-15T01:22:21","date_gmt":"2022-01-14T21:22:21","guid":{"rendered":"http:\/\/veteran.az\/?p=14381"},"modified":"2022-01-15T01:22:22","modified_gmt":"2022-01-14T21:22:22","slug":"az%c9%99rbaycan-v%c9%99-ukrayna-prezidentl%c9%99ri-m%c9%99tbuata-b%c9%99yanatlarla-cixis-edibl%c9%99r","status":"publish","type":"post","link":"https:\/\/veteran.az\/?p=14381","title":{"rendered":"Az\u0259rbaycan v\u0259 Ukrayna prezidentl\u0259ri m\u0259tbuata b\u0259yanatlarla \u00e7\u0131x\u0131\u015f edibl\u0259r"},"content":{"rendered":"\n<p>Yanvar\u0131n 14-d\u0259 Ukraynada i\u015fg\u00fczar s\u0259f\u0259rd\u0259 olan Az\u0259rbaycan Respublikas\u0131n\u0131n Prezidenti \u0130lham \u018fliyev v\u0259 Ukrayna Prezidenti Volodimir Zelenski s\u0259n\u0259dl\u0259rin imzalanmas\u0131 m\u0259rasimind\u0259n sonra m\u0259tbuata b\u0259yanatlarla \u00e7\u0131x\u0131\u015f edibl\u0259r.<\/p>\n\n\n\n<p>APA-n\u0131n x\u0259b\u0259rin\u0259 g\u00f6r\u0259, \u0259vv\u0259lc\u0259 Az\u0259rbaycan d\u00f6vl\u0259t ba\u015f\u00e7\u0131s\u0131 b\u0259yanatla \u00e7\u0131x\u0131\u015f edib.<\/p>\n\n\n\n<p><strong>Az\u0259rbaycan Prezidenti \u0130lham \u018fliyevin b\u0259yanat\u0131<\/strong><\/p>\n\n\n\n<p>H\u00f6rm\u0259tli c\u0259nab Prezident.<\/p>\n\n\n\n<p>H\u00f6rm\u0259tli xan\u0131mlar v\u0259 c\u0259nablar.<\/p>\n\n\n\n<p>Xo\u015f s\u00f6zl\u0259r\u0259 g\u00f6r\u0259 c\u0259nab Prezident, Siz\u0259 t\u0259\u015f\u0259kk\u00fcr\u00fcm\u00fc bildirir\u0259m. M\u0259ni Ukraynaya s\u0259f\u0259r\u0259 d\u0259v\u0259t etdiyiniz \u00fc\u00e7\u00fcn d\u0259 Siz\u0259 minn\u0259tdaram. M\u0259n \u00e7ox \u015fadam ki, Ukrayna-Az\u0259rbaycan \u0259laq\u0259l\u0259rind\u0259 \u00e7ox ciddi ir\u0259lil\u0259yi\u015f var. Bizim aram\u0131zda y\u00fcks\u0259ks\u0259viyy\u0259li siyasi dialoq apar\u0131l\u0131r. Biz Prezident Zelenski il\u0259 ke\u00e7\u0259n ay, d\u00fcz bir ay bundan \u0259vv\u0259l Br\u00fcsseld\u0259 g\u00f6r\u00fc\u015fm\u00fc\u015f\u00fck. Prezident Zelenski qeyd etdiyi kimi, 2019-cu ilin sonunda Az\u0259rbaycana s\u0259f\u0259r etmi\u015fdir. Y\u0259ni biz t\u0259maslar\u0131 m\u00f6hk\u0259ml\u0259ndiririk v\u0259 m\u00fczakir\u0259l\u0259r \u0259snas\u0131nda iki \u00f6lk\u0259 aras\u0131ndak\u0131 g\u0259l\u0259c\u0259k inki\u015faf perspektivl\u0259rini h\u0259m m\u00fczakir\u0259 edirik, h\u0259m d\u0259 ki, vacib q\u0259rarlar q\u0259bul edirik. O c\u00fcml\u0259d\u0259n bu g\u00fcn ke\u00e7irdiyimiz \u00e7ox geni\u015f fikir m\u00fcbadil\u0259si n\u0259tic\u0259sind\u0259 \u0259min\u0259m ki, yax\u0131n g\u0259l\u0259c\u0259kd\u0259 biz yeni, g\u00f6z\u0259l hadis\u0259l\u0259rin \u015fahidi olaca\u011f\u0131q.<\/p>\n\n\n\n<p>Prezident qeyd etdiyi kimi, yax\u0131n g\u0259l\u0259c\u0259kd\u0259 biz diplomatik m\u00fcnasib\u0259tl\u0259rimizin 30 illiyini qeyd ed\u0259c\u0259yik, fevral\u0131n 6-da. Bildirm\u0259liy\u0259m ki, m\u00fcst\u0259qillik d\u00f6vr\u00fcnd\u0259 Ukrayna v\u0259 Az\u0259rbaycan h\u0259r zaman bir-birini d\u0259st\u0259kl\u0259mi\u015fl\u0259r, h\u0259r zaman bir-birinin m\u00fcst\u0259qilliyini, \u0259razi b\u00fct\u00f6vl\u00fcy\u00fcn\u00fc, suverenliyini d\u0259st\u0259kl\u0259mi\u015fl\u0259r v\u0259 bu d\u0259st\u0259k bu g\u00fcn birg\u0259 imzalad\u0131\u011f\u0131m\u0131z Birg\u0259 B\u0259yannam\u0259d\u0259 d\u0259 \u00f6z \u0259ksini tap\u0131r.<\/p>\n\n\n\n<p>Xalqlar\u0131m\u0131z\u0131 dostuq \u0259laq\u0259l\u0259ri birl\u0259\u015fdirir v\u0259 bildiyiniz kimi, Az\u0259rbaycanda Ukrayna xalq\u0131n\u0131n m\u0259d\u0259niyy\u0259tin\u0259 \u00e7ox b\u00f6y\u00fck maraq v\u0259 b\u00f6y\u00fck h\u00f6rm\u0259t var. Bu h\u00f6rm\u0259tin \u0259lam\u0259tini Bak\u0131 \u015f\u0259h\u0259rind\u0259 d\u0259 g\u00f6rm\u0259k olar. Bak\u0131n\u0131n m\u0259rk\u0259zi yerl\u0259rinin birind\u0259 b\u00f6y\u00fck Ukrayna o\u011flu Taras \u015eev\u00e7enkonun abid\u0259si bir ne\u00e7\u0259 il bundan \u0259vv\u0259l m\u0259nim t\u0259\u015f\u0259bb\u00fcs\u00fcml\u0259 ucald\u0131lm\u0131\u015fd\u0131r v\u0259 onun ad\u0131na olan parkda h\u0259m Bak\u0131 sakinl\u0259ri, h\u0259m \u015f\u0259h\u0259rimizin qonaqlar\u0131 istirah\u0259t edirl\u0259r. Eyni zamanda, Bak\u0131n\u0131n \u0259n b\u00f6y\u00fck meydanlar\u0131n\u0131n biri Ukrayna ad\u0131n\u0131 da\u015f\u0131y\u0131r. Y\u0259ni, bu faktlar \u00f6zl\u00fcy\u00fcnd\u0259 onu g\u00f6st\u0259rir ki, xalqlar\u0131m\u0131z aras\u0131nda \u0259laq\u0259l\u0259rin b\u00f6y\u00fck tarixi var v\u0259 biz bu \u0259laq\u0259l\u0259ri qoruyuruq.<\/p>\n\n\n\n<p>Bu g\u00fcn geni\u015f m\u00fczakir\u0259 etdiyimiz m\u0259s\u0259l\u0259l\u0259r haqq\u0131nda Prezident art\u0131q \u00f6z \u00e7\u0131x\u0131\u015f\u0131nda bildirdi. \u018flav\u0259 etm\u0259k ist\u0259yir\u0259m ki, m\u00fczakir\u0259 etdiyimiz b\u00fct\u00fcn istiqam\u0259tl\u0259r \u00fczr\u0259 konkret f\u0259aliyy\u0259t proqram\u0131n\u0131n i\u015fl\u0259nm\u0259si il\u0259 ba\u011fl\u0131 bu g\u00fcn m\u00fcvafiq g\u00f6st\u0259ri\u015fl\u0259r verildi. H\u0259m birg\u0259 h\u00f6kum\u0259tl\u0259raras\u0131 komissiyas\u0131n\u0131n r\u0259hb\u0259rliyin\u0259, h\u0259m aidiyy\u0259ti qurumlar\u0131n r\u0259hb\u0259rl\u0259rin\u0259 v\u0259 \u0259min\u0259m ki, iki aydan sonra birg\u0259 komissiyan\u0131n Bak\u0131da ke\u00e7iril\u0259c\u0259k n\u00f6vb\u0259ti iclas\u0131nda art\u0131q konkret q\u0259rarlar\u0131n verilm\u0259sinin d\u0259 \u015fahidi olaca\u011f\u0131q.<\/p>\n\n\n\n<p>\u018fn\u0259n\u0259vi \u0259m\u0259kda\u015fl\u0131q sah\u0259si olan energetika sah\u0259sind\u0259 yeni planlar\u0131m\u0131z var. \u018fmin\u0259m ki, bu planlar h\u0259yatda \u00f6z \u0259ksini tapacaq. Az\u0259rbaycan D\u00f6vl\u0259t Neft \u015eirk\u0259ti \u2013 SOCAR Ukraynada \u00f6z f\u0259aliyy\u0259tini geni\u015fl\u0259ndirm\u0259k \u0259zmind\u0259dir v\u0259 \u015fadam ki, Ukrayna t\u0259r\u0259fi d\u0259 bunu d\u0259st\u0259kl\u0259yir. Haz\u0131rda SOCAR-\u0131n Ukraynada geni\u015f yanacaqdoldurma stansiyalardan ibar\u0259t \u015f\u0259b\u0259k\u0259si var v\u0259 \u0259lb\u0259tt\u0259 ki, neft v\u0259 neft m\u0259hsullar\u0131n\u0131n ixrac\u0131 v\u0259 emal\u0131 il\u0259 ba\u011fl\u0131 yeni add\u0131mlar\u0131n at\u0131lmas\u0131 bizim \u0259m\u0259kda\u015fl\u0131\u011f\u0131m\u0131z\u0131 daha da d\u0259rinl\u0259\u015fdir\u0259c\u0259k. Enerjinin dig\u0259r n\u00f6vl\u0259ri il\u0259 \u00fczr\u0259 \u0259m\u0259kda\u015fl\u0131qla ba\u011fl\u0131 fikir ayr\u0131l\u0131\u011f\u0131 yoxdur.<\/p>\n\n\n\n<p>\u015eadam ki, ticar\u0259t d\u00f6vriyy\u0259miz pandemiyaya baxmayaraq, ke\u00e7\u0259n il 20 faizd\u0259n \u00e7ox art\u0131b v\u0259 m\u0259n \u00fcmid edir\u0259m ki, yax\u0131n g\u0259l\u0259c\u0259kd\u0259 1 milyard dollar s\u0259viyy\u0259sin\u0259 \u00e7atacaq, b\u0259lk\u0259 d\u0259 ondan \u00e7ox. \u00c7\u00fcnki bizim bu g\u00fcn imzalad\u0131\u011f\u0131m\u0131z s\u0259n\u0259dl\u0259rin v\u0259 m\u00fczakir\u0259 olunan dig\u0259r m\u0259s\u0259l\u0259l\u0259rin h\u0259yatda \u00f6z \u0259ksini tapmas\u0131, \u0259lb\u0259tt\u0259 ki, iki \u00f6lk\u0259 aras\u0131ndak\u0131 ticar\u0259t d\u00f6vriyy\u0259sinin art\u0131r\u0131lmas\u0131na da m\u00fctl\u0259q xidm\u0259t ed\u0259c\u0259kdir.<\/p>\n\n\n\n<p>Hesab edir\u0259m ki, \u0259rzaq t\u0259hl\u00fck\u0259sizliyi il\u0259 ba\u011fl\u0131 bu g\u00fcn \u0259ld\u0259 edilmi\u015f raz\u0131la\u015fmalar Az\u0259rbaycana imkan ver\u0259c\u0259k ki, \u00f6z \u0259rzaq t\u0259hl\u00fck\u0259sizliyini daha geni\u015f h\u0259cmd\u0259 t\u0259min etsin. Eyni zamanda, birg\u0259 m\u00fc\u0259ssis\u0259l\u0259rin yarad\u0131lmas\u0131, k\u0259nd t\u0259s\u0259rr\u00fcfat\u0131 m\u0259hsullar\u0131n\u0131n emal\u0131 v\u0259 ixrac\u0131 il\u0259 ba\u011fl\u0131 birg\u0259 f\u0259aliyy\u0259t \u00fc\u00e7\u00fcn bu g\u00fcn z\u0259min yarad\u0131lm\u0131\u015fd\u0131r. Bu, bir yenilikdir, bizim \u0259laq\u0259l\u0259rimizd\u0259 bu sah\u0259 il\u0259 ba\u011fl\u0131 hesab edir\u0259m ki, at\u0131lan \u0259n m\u00fch\u00fcm add\u0131mlardan biridir. B\u00fct\u00fcn ba\u015fqa sah\u0259l\u0259rd\u0259 d\u0259 biz \u0259m\u0259kda\u015fl\u0131\u011fa a\u00e7\u0131\u011f\u0131q.<\/p>\n\n\n\n<p>Bir daha dem\u0259k ist\u0259yir\u0259m ki, bizim \u0259m\u0259kda\u015fl\u0131\u011f\u0131m\u0131z\u0131n t\u0259m\u0259lind\u0259 dostluq \u0259laq\u0259l\u0259ri dayan\u0131r v\u0259 \u00fcmid edir\u0259m ki, bu g\u00fcn ilin \u0259vv\u0259lind\u0259 h\u0259yata ke\u00e7iril\u0259n bu s\u0259f\u0259r h\u0259m bu ili ikit\u0259r\u0259fli m\u00fcst\u0259vid\u0259 yax\u015f\u0131 n\u0259tic\u0259l\u0259rl\u0259 ba\u015fa vurma\u011fa xidm\u0259t g\u00f6st\u0259r\u0259c\u0259k, h\u0259m d\u0259 g\u0259l\u0259c\u0259k ill\u0259r \u00fc\u00e7\u00fcn d\u0259 g\u00f6z\u0259l z\u0259min olacaq.<\/p>\n\n\n\n<p>Bir daha h\u00f6rm\u0259tli c\u0259nab Prezident, d\u0259v\u0259t\u0259, qonaqp\u0259rv\u0259rliy\u0259 g\u00f6r\u0259 Siz\u0259 t\u0259\u015f\u0259kk\u00fcr\u00fcm\u00fc bildirm\u0259k ist\u0259yir\u0259m. F\u00fcrs\u0259td\u0259n istifad\u0259 ed\u0259r\u0259k, Sizi yenid\u0259n Bak\u0131ya s\u0259f\u0259r\u0259 d\u0259v\u0259t edir\u0259m. Sa\u011f olun.<\/p>\n\n\n\n<p><strong>X X X<\/strong><\/p>\n\n\n\n<p>Sonra Ukrayna d\u00f6vl\u0259t ba\u015f\u00e7\u0131s\u0131 b\u0259yanatla \u00e7\u0131x\u0131\u015f edib.<\/p>\n\n\n\n<p><strong>Ukrayna Prezidenti Volodimir Zelinskinin b\u0259yanat\u0131<\/strong><\/p>\n\n\n\n<p>&#8212; \u00c7ox sa\u011f olun.<\/p>\n\n\n\n<p>Sabah\u0131n\u0131z xeyir, h\u00f6rm\u0259tli jurnalistl\u0259r, h\u00f6rm\u0259tli qonaqlar.<\/p>\n\n\n\n<p>H\u00f6rm\u0259tli c\u0259nab Prezident.<\/p>\n\n\n\n<p>Xan\u0131mlar v\u0259 c\u0259nablar.<\/p>\n\n\n\n<p>Bu g\u00fcn m\u0259n m\u0259mnuniyy\u0259tl\u0259 Kiyev \u015f\u0259h\u0259rind\u0259 bizim etibarl\u0131 t\u0259r\u0259fda\u015f\u0131m\u0131z, m\u0259nim dostum Az\u0259rbaycan Respublikas\u0131n\u0131n Prezidenti c\u0259nab \u0130lham \u018fliyevi v\u0259 onun r\u0259hb\u0259rlik etdiyi n\u00fcmay\u0259nd\u0259 hey\u0259tinin \u00fczvl\u0259rini salamlay\u0131ram. Onun s\u0259f\u0259ri b\u00f6y\u00fck r\u0259mzi xarakter da\u015f\u0131y\u0131r, x\u00fcsusi bir s\u0259f\u0259rdir. \u018fslind\u0259, bizim \u00f6lk\u0259l\u0259rimiz aras\u0131nda diplomatik m\u00fcnasib\u0259tl\u0259rin qurulmas\u0131n\u0131n 30-cu ild\u00f6n\u00fcm\u00fcn\u0259 t\u0259sad\u00fcf ed\u0259n bu s\u0259f\u0259r ba\u015f tutur.<\/p>\n\n\n\n<p>Bu g\u00fcn biz siyas\u0259t, iqtisadiyyat v\u0259 t\u0259hl\u00fck\u0259sizlik sah\u0259sind\u0259 fikir m\u00fcbadil\u0259si apard\u0131q. Ukrayna v\u0259 Az\u0259rbaycan prezidentl\u0259ri B\u0259yanat imzalad\u0131lar. Bunun say\u0259sind\u0259 suverenlik v\u0259 \u0259razi b\u00fct\u00f6vl\u00fcy\u00fc m\u0259s\u0259l\u0259l\u0259rind\u0259 \u00f6lk\u0259l\u0259rimiz aras\u0131nda d\u0259st\u0259k ver\u0259c\u0259yik, bizim beyn\u0259lxalq s\u0259viyy\u0259d\u0259 m\u00fc\u0259yy\u0259n edilmi\u015f s\u0259rh\u0259dl\u0259rin qorunmas\u0131 \u00fc\u00e7\u00fcn \u00e7al\u0131\u015faca\u011f\u0131q. O c\u00fcml\u0259d\u0259n biz t\u0259hl\u00fck\u0259sizlik m\u0259s\u0259l\u0259l\u0259ri &#8212; X\u0259z\u0259r v\u0259 Qara d\u0259niz h\u00f6vz\u0259l\u0259rind\u0259 t\u0259hl\u00fck\u0259sizlik m\u0259s\u0259l\u0259l\u0259ri il\u0259 m\u0259\u015f\u011ful olaca\u011f\u0131q, terror\u00e7ulu\u011fa qar\u015f\u0131 birg\u0259 m\u00fcbariz\u0259 aparaca\u011f\u0131q, b\u00fct\u00fcn \u00e7\u0259tinlikl\u0259ri birg\u0259 n\u0259z\u0259rd\u0259n ke\u00e7ir\u0259r\u0259k ist\u0259r regional, ist\u0259r qlobal \u00e7\u0259tinlikl\u0259ri birg\u0259 ara\u015fd\u0131raraq cavab h\u0259ll\u0259rini haz\u0131rlayaca\u011f\u0131q.<\/p>\n\n\n\n<p>Biz, h\u0259m\u00e7inin t\u0259bii ki, m\u00fcnasib\u0259tl\u0259rimizin g\u00fccl\u0259ndirilm\u0259sin\u0259 x\u00fcsusi diqq\u0259t yetir\u0259c\u0259yik. K\u0259nd t\u0259s\u0259rr\u00fcfat\u0131, n\u0259qliyyat, energetika, ticar\u0259t sah\u0259l\u0259rin\u0259 aid olan ikit\u0259r\u0259fli 6 s\u0259n\u0259d imzaland\u0131. Bunlar \u00e7ox vacibdir. Qar\u015f\u0131m\u0131zda planlar\u0131m\u0131z \u00e7oxdur v\u0259 bu g\u00fcn biz c\u0259nab Az\u0259rbaycan Prezidenti il\u0259 geni\u015f m\u00fczakir\u0259 apard\u0131q. Bizim m\u0259hz qida t\u0259hl\u00fck\u0259sizliyi sah\u0259sind\u0259 raz\u0131la\u015fmam\u0131z, o c\u00fcml\u0259d\u0259n ticar\u0259t sah\u0259sind\u0259 apar\u0131lan m\u00fczakir\u0259l\u0259r geni\u015f imkanlar yarad\u0131r.<\/p>\n\n\n\n<p>\u018flb\u0259tt\u0259, biz bilirik ki, pandemiya qlobal s\u0259viyy\u0259d\u0259 h\u0259l\u0259 davam edir. Lakin COVID-19-a baxmayaraq, \u0259slind\u0259, 7 il \u0259rzind\u0259 ilk d\u0259f\u0259 olaraq bizim ikit\u0259r\u0259fli ticar\u0259timizin d\u00f6vriyy\u0259si t\u0259xmin\u0259n art\u0131q 1 milyard dollara \u00e7at\u0131b. Bu, bizim qar\u015f\u0131m\u0131zda daha m\u00fch\u00fcm m\u0259qs\u0259dl\u0259r qoyma\u011fa imkan yarad\u0131r. 2024-c\u00fc il\u0259 q\u0259d\u0259r bizim ticar\u0259t d\u00f6vriyy\u0259mizin bundan sonra da art\u0131r\u0131lmas\u0131 il\u0259 ba\u011fl\u0131 d\u0259qiq plan\u0131m\u0131z var. Biz, h\u0259m\u00e7inin bir s\u0131ra birg\u0259 geni\u015fmiqyasl\u0131 layih\u0259l\u0259r \u0259sas\u0131nda s\u0259rmay\u0259l\u0259rin qoyulmas\u0131, Az\u0259rbaycanda b\u0259rpa i\u015fl\u0259rinin apar\u0131lmas\u0131nda i\u015ftirak etm\u0259k fikrind\u0259yik. M\u0259n infrastruktur layih\u0259l\u0259rini n\u0259z\u0259rd\u0259 tuturam. Ukraynan\u0131n \u015firk\u0259tl\u0259ri Az\u0259rbaycanda h\u0259yata ke\u00e7iril\u0259n layih\u0259l\u0259rd\u0259 i\u015ftirak ed\u0259 bil\u0259r. \u0130ndic\u0259 c\u0259nab Az\u0259rbaycan Prezidenti bizi d\u0259v\u0259t etdi. T\u0259bii ki, Az\u0259rbaycan \u015firk\u0259tl\u0259ri d\u0259 Ukraynada f\u0259aliyy\u0259t g\u00f6st\u0259rir. Biz, eyni zamanda, t\u0259bii ki, avtomatla\u015fd\u0131rma v\u0259 bu kimi sah\u0259l\u0259rd\u0259 \u015firk\u0259tl\u0259rimizl\u0259 \u0259m\u0259kda\u015fl\u0131\u011f\u0131n geni\u015fl\u0259ndirilm\u0259si \u00fcz\u0259rind\u0259 d\u00fc\u015f\u00fcnm\u0259liyik. \u00c7\u00fcnki bu \u0259m\u0259kda\u015fl\u0131q qar\u015f\u0131l\u0131ql\u0131 \u015f\u0259kild\u0259 faydal\u0131 ola bil\u0259r.<\/p>\n\n\n\n<p>Biz, h\u0259m\u00e7inin bu ilin birinci yar\u0131s\u0131nda h\u00f6kum\u0259tl\u0259raras\u0131 birg\u0259 iqtisadi komissiyan\u0131n n\u00f6vb\u0259ti iclas\u0131n\u0131n ke\u00e7irilm\u0259si il\u0259 ba\u011fl\u0131 raz\u0131l\u0131\u011fa g\u0259ldik. Az\u0259rbaycan v\u0259 Ukrayna prezidentl\u0259ri bu m\u0259s\u0259l\u0259y\u0259 d\u0259 \u00f6z d\u0259st\u0259yini veribl\u0259r. Biz, h\u0259m\u00e7inin tranzit potensial\u0131n\u0131 n\u0259z\u0259rd\u0259n ke\u00e7irdik v\u0259 bel\u0259 bir n\u0259tic\u0259y\u0259 g\u0259ldik ki, m\u00fcxt\u0259lif d\u00f6vl\u0259t qurumlar\u0131 v\u0259 agentlikl\u0259ri aras\u0131nda bu t\u0259maslar\u0131 daha da geni\u015fl\u0259ndir\u0259r\u0259k bu sah\u0259d\u0259 t\u0259cr\u00fcb\u0259ni art\u0131rmal\u0131y\u0131q. Daha sonra aviasiya sah\u0259sind\u0259 ist\u0259rdik \u0259m\u0259kda\u015fl\u0131\u011f\u0131m\u0131z geni\u015fl\u0259nsin. Bir s\u0131ra t\u0259\u015f\u0259bb\u00fcsl\u0259ri ir\u0259li s\u00fcrm\u00fc\u015f\u00fck. Tutaq ki, n\u0259qliyyat d\u0259hlizl\u0259rinin GUAM \u00e7\u0259r\u00e7iv\u0259sind\u0259 daha da geni\u015fl\u0259ndirilm\u0259sind\u0259 i\u015ftirak etm\u0259liyik. Burada Az\u0259rbaycan, G\u00fcrc\u00fcstan, Moldova v\u0259 Ukrayna var, bildiyiniz kimi, bu \u0259laq\u0259l\u0259r geni\u015fl\u0259nm\u0259lidir. K\u0259nd t\u0259s\u0259rr\u00fcfat\u0131 sah\u0259sin\u0259 g\u0259ldikd\u0259, biz \u0259m\u0259kda\u015fl\u0131q \u00fczr\u0259 raz\u0131l\u0131\u011fa g\u0259lmi\u015fik. Daha sonra titan\u0131n istehsal\u0131 sah\u0259sind\u0259 m\u00fczakir\u0259l\u0259r aparm\u0131\u015f\u0131q.<\/p>\n\n\n\n<p>Yekun olaraq, icaz\u0259 verin, c\u0259nab Prezident \u0130lham \u018fliyev\u0259 v\u0259 onun r\u0259hb\u0259rlik etdiyi n\u00fcmay\u0259nd\u0259 hey\u0259tin\u0259 t\u0259\u015f\u0259kk\u00fcr\u00fcm\u00fc bildirim. Onlar, h\u0259m\u00e7inin m\u0259nim Sizin \u00f6lk\u0259niz\u0259 s\u0259f\u0259rimi xat\u0131rlatd\u0131lar. Biz\u0259 g\u00f6st\u0259rilmi\u015f qonaqp\u0259rv\u0259rlik h\u0259l\u0259 d\u0259 yad\u0131mdad\u0131r v\u0259 hesab edir\u0259m ki, m\u0259hz bu g\u00fcnd\u0259n etibar\u0259n bizim strateji t\u0259r\u0259fda\u015fl\u0131\u011f\u0131m\u0131z sah\u0259sind\u0259 biz yeni s\u0259hif\u0259ni a\u00e7aca\u011f\u0131q.<\/p>\n\n\n\n<p>M\u0259n bunu tarixi bir s\u0259f\u0259r adland\u0131r\u0131ram. Bizim \u00e7ox \u0259hat\u0259li \u0259m\u0259kda\u015fl\u0131\u011f\u0131m\u0131z var.<\/p>\n\n\n\n<p>Bir daha, c\u0259nab Prezident, Siz\u0259 t\u0259\u015f\u0259kk\u00fcr\u00fcm\u00fc bildirir\u0259m. Diqq\u0259tiniz\u0259 g\u00f6r\u0259 minn\u0259tdaram.<\/p>\n","protected":false},"excerpt":{"rendered":"<p>Yanvar\u0131n 14-d\u0259 Ukraynada i\u015fg\u00fczar s\u0259f\u0259rd\u0259 olan Az\u0259rbaycan Respublikas\u0131n\u0131n Prezidenti \u0130lham \u018fliyev v\u0259 Ukrayna Prezidenti Volodimir&#8230;<\/p>\n","protected":false},"author":3,"featured_media":0,"comment_status":"closed","ping_status":"closed","sticky":false,"template":"","format":"standard","meta":{"footnotes":""},"categories":[6],"tags":[],"class_list":["post-14381","post","type-post","status-publish","format-standard","hentry","category-cmiyyt"],"featured_image_urls":{"full":"","thumbnail":"","medium":"","medium_large":"","large":"","1536x1536":"","2048x2048":"","covernews-slider-full":"","covernews-slider-center":"","covernews-featured":"","covernews-medium":"","covernews-medium-square":""},"author_info":{"display_name":"Veteran.az","author_link":"https:\/\/veteran.az\/?author=3"},"category_info":"<a href=\"https:\/\/veteran.az\/?cat=6\" rel=\"category\">C\u0259miyy\u0259t<\/a>","tag_info":"C\u0259miyy\u0259t","comment_count":"0","_links":{"self":[{"href":"https:\/\/veteran.az\/index.php?rest_route=\/wp\/v2\/posts\/14381","targetHints":{"allow":["GET"]}}],"collection":[{"href":"https:\/\/veteran.az\/index.php?rest_route=\/wp\/v2\/posts"}],"about":[{"href":"https:\/\/veteran.az\/index.php?rest_route=\/wp\/v2\/types\/post"}],"author":[{"embeddable":true,"href":"https:\/\/veteran.az\/index.php?rest_route=\/wp\/v2\/users\/3"}],"replies":[{"embeddable":true,"href":"https:\/\/veteran.az\/index.php?rest_route=%2Fwp%2Fv2%2Fcomments&post=14381"}],"version-history":[{"count":1,"href":"https:\/\/veteran.az\/index.php?rest_route=\/wp\/v2\/posts\/14381\/revisions"}],"predecessor-version":[{"id":14383,"href":"https:\/\/veteran.az\/index.php?rest_route=\/wp\/v2\/posts\/14381\/revisions\/14383"}],"wp:attachment":[{"href":"https:\/\/veteran.az\/index.php?rest_route=%2Fwp%2Fv2%2Fmedia&parent=14381"}],"wp:term":[{"taxonomy":"category","embeddable":true,"href":"https:\/\/veteran.az\/index.php?rest_route=%2Fwp%2Fv2%2Fcategories&post=14381"},{"taxonomy":"post_tag","embeddable":true,"href":"https:\/\/veteran.az\/index.php?rest_route=%2Fwp%2Fv2%2Ftags&post=14381"}],"curies":[{"name":"wp","href":"https:\/\/api.w.org\/{rel}","templated":true}]}}