{"id":14363,"date":"2022-01-14T00:59:48","date_gmt":"2022-01-13T20:59:48","guid":{"rendered":"http:\/\/veteran.az\/?p=14363"},"modified":"2022-01-14T00:59:49","modified_gmt":"2022-01-13T20:59:49","slug":"turkiy%c9%99-mediasi-ilham-%c9%99liyevin-musahib%c9%99sind%c9%99n-yazir","status":"publish","type":"post","link":"https:\/\/veteran.az\/?p=14363","title":{"rendered":"T\u00fcrkiy\u0259 medias\u0131 \u0130lham \u018fliyevin m\u00fcsahib\u0259sind\u0259n yaz\u0131r"},"content":{"rendered":"\n<p><strong>Az\u0259rbaycan Prezidenti \u0130lham \u018fliyevin yanvar\u0131n 12-d\u0259 yerli televiziya kanallar\u0131na verdiyi m\u00fcsahib\u0259si T\u00fcrkiy\u0259nin n\u00fcfuzlu k\u00fctl\u0259vi informasiya vasit\u0259l\u0259ri t\u0259r\u0259find\u0259n geni\u015f i\u015f\u0131qland\u0131r\u0131l\u0131b.<\/strong><ins><\/ins><\/p>\n\n\n\n<p>\u0130HA x\u0259b\u0259r agentliyi, \u201cTRT Haber\u201d, \u201cHaber T\u00fcrk\u201d, \u201cCNN T\u00fcrk\u201d telekanallar\u0131, \u201cYeni \u015fafak\u201d, \u201cHurriyet\u201d, \u201cSabah\u201d q\u0259zetl\u0259ri v\u0259 dig\u0259r media orqanlar\u0131 m\u00fcsahib\u0259nin ayr\u0131-ayr\u0131 hiss\u0259l\u0259rini t\u00fcrkdilli ictimaiyy\u0259tin diqq\u0259tin\u0259 \u00e7atd\u0131r\u0131blar.<\/p>\n\n\n\n<p>T\u00fcrkiy\u0259 K\u0130V-l\u0259ri m\u0259lumat verir ki, Avropa \u0130ttifaq\u0131n\u0131n ikili standartlar siyas\u0259tini s\u0259rt t\u0259nqid ed\u0259n Az\u0259rbaycan\u0131n d\u00f6vl\u0259t ba\u015f\u00e7\u0131s\u0131 V\u0259t\u0259n m\u00fcharib\u0259sind\u0259n sonra regionda yaranm\u0131\u015f v\u0259ziyy\u0259t bar\u0259d\u0259 fikirl\u0259rini v\u0259 m\u00f6vqeyini bildirib.<\/p>\n\n\n\n<p>Qarda\u015f \u00f6lk\u0259 medias\u0131 yaz\u0131r ki, s\u0259rh\u0259dd\u0259ki t\u0259xribatlara g\u00f6r\u0259, Erm\u0259nistan r\u0259hb\u0259rliyini s\u0259rt ittiham ed\u0259n Prezident \u0130lham \u018fliyev \u201cSad\u0259c\u0259 olaraq, Erm\u0259nistan \u00f6z anti-Az\u0259rbaycan, islamofob, antit\u00fcrk xisl\u0259tl\u0259rind\u0259n \u0259l \u00e7\u0259km\u0259lidir. Erm\u0259nistan da t\u0259bii olaraq bundan fayda g\u00f6t\u00fcr\u0259 bil\u0259r\u201d fikri il\u0259 bir daha \u00f6z m\u00f6vqeyini xat\u0131rlad\u0131b.<\/p>\n","protected":false},"excerpt":{"rendered":"<p>Az\u0259rbaycan Prezidenti \u0130lham \u018fliyevin yanvar\u0131n 12-d\u0259 yerli televiziya kanallar\u0131na verdiyi m\u00fcsahib\u0259si T\u00fcrkiy\u0259nin n\u00fcfuzlu k\u00fctl\u0259vi informasiya&#8230;<\/p>\n","protected":false},"author":3,"featured_media":14335,"comment_status":"closed","ping_status":"closed","sticky":false,"template":"","format":"standard","meta":{"footnotes":""},"categories":[6],"tags":[],"class_list":["post-14363","post","type-post","status-publish","format-standard","has-post-thumbnail","hentry","category-cmiyyt"],"featured_image_urls":{"full":["https:\/\/veteran.az\/wp-content\/uploads\/2022\/01\/bdbe92d3f3f59560ec41621b159f72c0_2974370.jpg",1340,817,false],"thumbnail":["https:\/\/veteran.az\/wp-content\/uploads\/2022\/01\/bdbe92d3f3f59560ec41621b159f72c0_2974370-150x150.jpg",150,150,true],"medium":["https:\/\/veteran.az\/wp-content\/uploads\/2022\/01\/bdbe92d3f3f59560ec41621b159f72c0_2974370-300x183.jpg",300,183,true],"medium_large":["https:\/\/veteran.az\/wp-content\/uploads\/2022\/01\/bdbe92d3f3f59560ec41621b159f72c0_2974370-768x468.jpg",640,390,true],"large":["https:\/\/veteran.az\/wp-content\/uploads\/2022\/01\/bdbe92d3f3f59560ec41621b159f72c0_2974370-1024x624.jpg",640,390,true],"1536x1536":["https:\/\/veteran.az\/wp-content\/uploads\/2022\/01\/bdbe92d3f3f59560ec41621b159f72c0_2974370.jpg",1340,817,false],"2048x2048":["https:\/\/veteran.az\/wp-content\/uploads\/2022\/01\/bdbe92d3f3f59560ec41621b159f72c0_2974370.jpg",1340,817,false],"covernews-slider-full":["https:\/\/veteran.az\/wp-content\/uploads\/2022\/01\/bdbe92d3f3f59560ec41621b159f72c0_2974370.jpg",1115,680,false],"covernews-slider-center":["https:\/\/veteran.az\/wp-content\/uploads\/2022\/01\/bdbe92d3f3f59560ec41621b159f72c0_2974370-936x817.jpg",573,500,true],"covernews-featured":["https:\/\/veteran.az\/wp-content\/uploads\/2022\/01\/bdbe92d3f3f59560ec41621b159f72c0_2974370-1024x624.jpg",1024,624,true],"covernews-medium":["https:\/\/veteran.az\/wp-content\/uploads\/2022\/01\/bdbe92d3f3f59560ec41621b159f72c0_2974370-720x380.jpg",540,285,true],"covernews-medium-square":["https:\/\/veteran.az\/wp-content\/uploads\/2022\/01\/bdbe92d3f3f59560ec41621b159f72c0_2974370-675x450.jpg",375,250,true]},"author_info":{"display_name":"Veteran.az","author_link":"https:\/\/veteran.az\/?author=3"},"category_info":"<a href=\"https:\/\/veteran.az\/?cat=6\" rel=\"category\">C\u0259miyy\u0259t<\/a>","tag_info":"C\u0259miyy\u0259t","comment_count":"0","_links":{"self":[{"href":"https:\/\/veteran.az\/index.php?rest_route=\/wp\/v2\/posts\/14363","targetHints":{"allow":["GET"]}}],"collection":[{"href":"https:\/\/veteran.az\/index.php?rest_route=\/wp\/v2\/posts"}],"about":[{"href":"https:\/\/veteran.az\/index.php?rest_route=\/wp\/v2\/types\/post"}],"author":[{"embeddable":true,"href":"https:\/\/veteran.az\/index.php?rest_route=\/wp\/v2\/users\/3"}],"replies":[{"embeddable":true,"href":"https:\/\/veteran.az\/index.php?rest_route=%2Fwp%2Fv2%2Fcomments&post=14363"}],"version-history":[{"count":1,"href":"https:\/\/veteran.az\/index.php?rest_route=\/wp\/v2\/posts\/14363\/revisions"}],"predecessor-version":[{"id":14364,"href":"https:\/\/veteran.az\/index.php?rest_route=\/wp\/v2\/posts\/14363\/revisions\/14364"}],"wp:featuredmedia":[{"embeddable":true,"href":"https:\/\/veteran.az\/index.php?rest_route=\/wp\/v2\/media\/14335"}],"wp:attachment":[{"href":"https:\/\/veteran.az\/index.php?rest_route=%2Fwp%2Fv2%2Fmedia&parent=14363"}],"wp:term":[{"taxonomy":"category","embeddable":true,"href":"https:\/\/veteran.az\/index.php?rest_route=%2Fwp%2Fv2%2Fcategories&post=14363"},{"taxonomy":"post_tag","embeddable":true,"href":"https:\/\/veteran.az\/index.php?rest_route=%2Fwp%2Fv2%2Ftags&post=14363"}],"curies":[{"name":"wp","href":"https:\/\/api.w.org\/{rel}","templated":true}]}}