{"id":14309,"date":"2022-01-10T13:01:13","date_gmt":"2022-01-10T09:01:13","guid":{"rendered":"http:\/\/veteran.az\/?p=14309"},"modified":"2022-01-10T13:01:15","modified_gmt":"2022-01-10T09:01:15","slug":"saakasvili-qazaxistan-hakimiyy%c9%99ti-oz-xalqini-rus-v%c9%99-erm%c9%99ni-%c9%99sg%c9%99rl%c9%99rin%c9%99-qirdirir","status":"publish","type":"post","link":"https:\/\/veteran.az\/?p=14309","title":{"rendered":"Saaka\u015fvili: \u201cQazax\u0131stan hakimiyy\u0259ti \u00f6z xalq\u0131n\u0131 rus v\u0259 erm\u0259ni \u0259sg\u0259rl\u0259rin\u0259 q\u0131rd\u0131r\u0131r\u201d"},"content":{"rendered":"\n<blockquote class=\"wp-block-quote is-layout-flow wp-block-quote-is-layout-flow\"><p><strong>\u201c\u00c7oxsayl\u0131 etiraz dal\u011fas\u0131n\u0131 bir k\u0259skin etiraz dal\u011fas\u0131na \u00e7evir\u0259k v\u0259 \u00f6z \u00f6lk\u0259mizd\u0259 d\u0259y\u0259rli \u015f\u0259kild\u0259 ya\u015fama\u011f\u0131m\u0131za mane olan h\u0259r \u015feyi yuyaq\u201d.<\/strong><\/p><\/blockquote>\n\n\n\n<p><strong>Veteninfo.az<\/strong>\u00a0G\u00fcrc\u00fcstan medias\u0131na istinad\u0259nx\u0259b\u0259r verir ki, bu s\u00f6zl\u0259ri sabiq prezident Mixeil Saaka\u015fvili sosial media hesab\u0131nda qeyd edib.\u00a0<\/p>\n\n\n\n<p><strong>Saaka\u015fvilinin s\u00f6zl\u0259rin\u0259 g\u00f6r\u0259, hakim partiya son iki se\u00e7kid\u0259 m\u0259\u011flub olsa da \u00f6lk\u0259nin idar\u0259\u00e7iliyini \u0259lind\u0259 saxlay\u0131r:<\/strong><\/p>\n\n\n\n<p><strong>\u00a0<\/strong>\u201c\u00d6z\u00fcn\u00fc Rusiyan\u0131n t\u0259sir dair\u0259sind\u0259 oldu\u011funu b\u0259yan edib v\u0259 q\u0259rbd\u0259n uzaqla\u015fd\u0131qda n\u0259 ba\u015f verir? Orada b\u00fct\u00fcn \u0259hali sosial \u0259dal\u0259tsizliy\u0259, korrupsiyaya v\u0259 se\u00e7kil\u0259rin saxtala\u015fd\u0131r\u0131lmas\u0131na g\u00f6r\u0259 \u00fcsyan edir. Lakin bu g\u00fcn KTMQ (Kollektiv T\u0259hl\u00fck\u0259sizlik M\u00fcqavil\u0259si T\u0259\u015fkilat\u0131) himay\u0259si alt\u0131nda rus ordusunun Qazax\u0131stana geni\u015fmiqyasl\u0131 giri\u015fi ba\u015flay\u0131b. Bu o dem\u0259kdir ki, Qazax\u0131stan hakimiyy\u0259ti \u00f6z xalq\u0131n\u0131 rus, erm\u0259ni v\u0259 dig\u0259r qon\u015fu \u00f6lk\u0259l\u0259rin \u0259sg\u0259rl\u0259rin\u0259 q\u0131rd\u0131r\u0131r. Biz \u00f6lk\u0259miz \u00fc\u00e7\u00fcn bel\u0259 bir s\u0259hn\u0259 ist\u0259yirik? \u018flb\u0259tt\u0259 ki, yox. \u018fg\u0259r buna yox deyiriks\u0259, bu zaman b\u00fct\u00fcn \u015f\u0259xsi ambisiyalar\u0131m\u0131z\u0131 k\u0259nara qoymaq v\u0259 birlikd\u0259, geni\u015fmiqyasl\u0131 h\u0259r\u0259k\u0259tl\u0259rl\u0259 b\u00fct\u00fcn vasit\u0259l\u0259rd\u0259n istifad\u0259 ed\u0259r\u0259k h\u0259d\u0259f\u0259 \u00e7atma\u011f\u0131 \u00f6yr\u0259nm\u0259liyik. <\/p>\n\n\n\n<p>\u018fks t\u0259qdir\u0259, 80%-i yoxsulluq i\u00e7\u0259risind\u0259 ya\u015fayan xalq\u0131m\u0131z ya acl\u0131qdan q\u0131r\u0131lacaq ya da \u00f6lk\u0259ni t\u0259rk etm\u0259li olacaq. Bu c\u00fcr komunal x\u0259rcl\u0259rl\u0259, d\u0259rman v\u0259 \u0259rzaq m\u0259hsullar\u0131ndak\u0131 bu c\u00fcr qiym\u0259tl\u0259rl\u0259, \u0259m\u0259y\u0259 d\u0259y\u0259r verilm\u0259y\u0259n bir vaxtda ail\u0259ni t\u0259min etm\u0259k m\u00fcmk\u00fcns\u00fczd\u00fcr. Minimum son iki se\u00e7kid\u0259 m\u0259\u011flub olan komanda qeyri-legitim olaraq kabinetl\u0259rind\u0259 qalmaqda v\u0259 q\u0259rb \u0259leyhin\u0259 a\u00e7\u0131q \u015f\u0259kild\u0259 b\u0259yanatlar verm\u0259kd\u0259dir. Bel\u0259 bir halda \u0259limizi da\u015f\u0131n alt\u0131na qoymasaq, biziml\u0259 maraqlanan v\u0259 bizi m\u00fcdafi\u0259 ed\u0259nimiz d\u0259 qalmayacaq. <\/p>\n\n\n\n<p>90-c\u0131 ill\u0259rd\u0259n bu g\u00fcn\u0259d\u0259k G\u00fcrc\u00fcstanda indiki kimi bir m\u00fcxalif\u0259t olmay\u0131b. Haz\u0131rda \u00e7oxsayl\u0131 etiraz dal\u011fas\u0131n\u0131 bir k\u0259skin etiraz \u00e7ay\u0131na \u00e7evirm\u0259k siyas\u0259t\u00e7il\u0259rin, aktivistl\u0259rin v\u0259 adi v\u0259t\u0259nda\u015flar\u0131n borcudur\u201d, \u2013\u00a0<strong>dey\u0259 M. Saaka\u015fvili qeyd edib.<\/strong><\/p>\n","protected":false},"excerpt":{"rendered":"<p>\u201c\u00c7oxsayl\u0131 etiraz dal\u011fas\u0131n\u0131 bir k\u0259skin etiraz dal\u011fas\u0131na \u00e7evir\u0259k v\u0259 \u00f6z \u00f6lk\u0259mizd\u0259 d\u0259y\u0259rli \u015f\u0259kild\u0259 ya\u015fama\u011f\u0131m\u0131za mane&#8230;<\/p>\n","protected":false},"author":3,"featured_media":0,"comment_status":"closed","ping_status":"closed","sticky":false,"template":"","format":"standard","meta":{"footnotes":""},"categories":[6],"tags":[],"class_list":["post-14309","post","type-post","status-publish","format-standard","hentry","category-cmiyyt"],"featured_image_urls":{"full":"","thumbnail":"","medium":"","medium_large":"","large":"","1536x1536":"","2048x2048":"","covernews-slider-full":"","covernews-slider-center":"","covernews-featured":"","covernews-medium":"","covernews-medium-square":""},"author_info":{"display_name":"Veteran.az","author_link":"https:\/\/veteran.az\/?author=3"},"category_info":"<a href=\"https:\/\/veteran.az\/?cat=6\" rel=\"category\">C\u0259miyy\u0259t<\/a>","tag_info":"C\u0259miyy\u0259t","comment_count":"0","_links":{"self":[{"href":"https:\/\/veteran.az\/index.php?rest_route=\/wp\/v2\/posts\/14309","targetHints":{"allow":["GET"]}}],"collection":[{"href":"https:\/\/veteran.az\/index.php?rest_route=\/wp\/v2\/posts"}],"about":[{"href":"https:\/\/veteran.az\/index.php?rest_route=\/wp\/v2\/types\/post"}],"author":[{"embeddable":true,"href":"https:\/\/veteran.az\/index.php?rest_route=\/wp\/v2\/users\/3"}],"replies":[{"embeddable":true,"href":"https:\/\/veteran.az\/index.php?rest_route=%2Fwp%2Fv2%2Fcomments&post=14309"}],"version-history":[{"count":1,"href":"https:\/\/veteran.az\/index.php?rest_route=\/wp\/v2\/posts\/14309\/revisions"}],"predecessor-version":[{"id":14311,"href":"https:\/\/veteran.az\/index.php?rest_route=\/wp\/v2\/posts\/14309\/revisions\/14311"}],"wp:attachment":[{"href":"https:\/\/veteran.az\/index.php?rest_route=%2Fwp%2Fv2%2Fmedia&parent=14309"}],"wp:term":[{"taxonomy":"category","embeddable":true,"href":"https:\/\/veteran.az\/index.php?rest_route=%2Fwp%2Fv2%2Fcategories&post=14309"},{"taxonomy":"post_tag","embeddable":true,"href":"https:\/\/veteran.az\/index.php?rest_route=%2Fwp%2Fv2%2Ftags&post=14309"}],"curies":[{"name":"wp","href":"https:\/\/api.w.org\/{rel}","templated":true}]}}