{"id":14279,"date":"2022-01-09T11:23:47","date_gmt":"2022-01-09T07:23:47","guid":{"rendered":"http:\/\/veteran.az\/?p=14279"},"modified":"2022-01-09T11:23:47","modified_gmt":"2022-01-09T07:23:47","slug":"lukasenko-yeni-dogulacaq-imperiyaya-mamacaliq-edir","status":"publish","type":"post","link":"https:\/\/veteran.az\/?p=14279","title":{"rendered":"Luka\u015fenko yeni do\u011fulacaq imperiyaya &#171;mama\u00e7al\u0131q&#187; edir"},"content":{"rendered":"\n<p><strong>Bu il he\u00e7 d\u0259 sad\u0259 olmayacaq. D\u00fcnya ciddi \u015f\u0259kild\u0259 d\u0259yi\u015f\u0259c\u0259k. D\u00fcnya xalqlar\u0131n birl\u0259\u015fm\u0259si v\u0259 d\u00f6vl\u0259tl\u0259rin ittifaq\u0131 il\u0259 d\u0259yi\u015f\u0259c\u0259k.<\/strong><\/p>\n\n\n\n<p>Bu s\u00f6zl\u0259ri Belarus lideri Aleksandr Luka\u015fenko Misnkd\u0259 Milad bayram\u0131 il\u0259 ba\u011fl\u0131 ke\u00e7iril\u0259n m\u0259rasimd\u0259ki \u00e7\u0131x\u0131\u015f\u0131nda deyib.<\/p>\n\n\n\n<p>\u201cBizim kimi d\u00f6vl\u0259tl\u0259r t\u0259k halda ya\u015famas\u0131 t\u0259kc\u0259 \u00e7\u0259tin deyil, m\u00fcmk\u00fcns\u00fcz olacaq. Buna g\u00f6r\u0259 d\u0259 m\u0259n suverenitet v\u0259 m\u00fcst\u0259qilliyimizi saxlamaq \u00fc\u00e7\u00fcn, d\u00f6vl\u0259t olma\u011f\u0131m\u0131z \u00fc\u00e7\u00fcn olduqca s\u0259rt kurs se\u00e7dim. Amma \u0259n yax\u0131n dostlar\u0131m\u0131z, qarda\u015flar\u0131m\u0131zla s\u0131x \u0259laq\u0259d\u0259 idik. Kimdir bu? Bu, Rusiyad\u0131r, Qazax\u0131stand\u0131r, Ukraynad\u0131r. Orda haz\u0131rda n\u0259 ba\u015f verdiyi vacib deyil. Orda insanlar \u00e7ox yoxsuldurlar. Bel\u0259 \u00e7ox davam ed\u0259 bilm\u0259z. Biz h\u0259r \u015fey etm\u0259liyik ki, Ukraynan\u0131 qaytaraq\u201d, &#8212; Luka\u015fenko bildirib.<\/p>\n\n\n\n<p>Belarus lideri Ukraynada dini bax\u0131mdan da f\u0259rql\u0259r yarad\u0131lmas\u0131na c\u0259hd edildiyini xat\u0131rlad\u0131b v\u0259 bildirib ki, buna Belarusda da 2020-ci ild\u0259 c\u0259hdl\u0259r edilib:<\/p>\n\n\n\n<p>\u201cQazax\u0131stan (olaylar\u0131 \u2013 red.) \u2013 bu, postsovet \u00f6lk\u0259l\u0259rin\u0259 Rusiya perimetri boyunca h\u00fccum c\u0259hdidir. Bir daha t\u0259krar edir\u0259m: \u0259g\u0259r Rusiya da\u011f\u0131lsa, biz h\u0259tta hara d\u00fc\u015f\u0259c\u0259yimizi bilm\u0259y\u0259c\u0259yik, \u00fcst\u00fcm\u00fczd\u0259n sad\u0259c\u0259 ayaqlay\u0131b ke\u00e7\u0259c\u0259kl\u0259r. Buna g\u00f6r\u0259 d\u0259 biz \u00f6z sivilizasiyam\u0131z\u0131n, pravoslavl\u0131\u011f\u0131n m\u0259rk\u0259zini v\u0259 t\u0259kc\u0259 bunu qoy, h\u0259m d\u0259 Rusiya Federasiyas\u0131na daxil olan torpaqlar\u0131 qorumal\u0131y\u0131q\u201d.<\/p>\n","protected":false},"excerpt":{"rendered":"<p>Bu il he\u00e7 d\u0259 sad\u0259 olmayacaq. D\u00fcnya ciddi \u015f\u0259kild\u0259 d\u0259yi\u015f\u0259c\u0259k. D\u00fcnya xalqlar\u0131n birl\u0259\u015fm\u0259si v\u0259 d\u00f6vl\u0259tl\u0259rin&#8230;<\/p>\n","protected":false},"author":3,"featured_media":14280,"comment_status":"closed","ping_status":"closed","sticky":false,"template":"","format":"standard","meta":{"footnotes":""},"categories":[10],"tags":[],"class_list":["post-14279","post","type-post","status-publish","format-standard","has-post-thumbnail","hentry","category-avmvib"],"featured_image_urls":{"full":["https:\/\/veteran.az\/wp-content\/uploads\/2022\/01\/images-7.jpg",310,163,false],"thumbnail":["https:\/\/veteran.az\/wp-content\/uploads\/2022\/01\/images-7-150x150.jpg",150,150,true],"medium":["https:\/\/veteran.az\/wp-content\/uploads\/2022\/01\/images-7-300x158.jpg",300,158,true],"medium_large":["https:\/\/veteran.az\/wp-content\/uploads\/2022\/01\/images-7.jpg",310,163,false],"large":["https:\/\/veteran.az\/wp-content\/uploads\/2022\/01\/images-7.jpg",310,163,false],"1536x1536":["https:\/\/veteran.az\/wp-content\/uploads\/2022\/01\/images-7.jpg",310,163,false],"2048x2048":["https:\/\/veteran.az\/wp-content\/uploads\/2022\/01\/images-7.jpg",310,163,false],"covernews-slider-full":["https:\/\/veteran.az\/wp-content\/uploads\/2022\/01\/images-7.jpg",310,163,false],"covernews-slider-center":["https:\/\/veteran.az\/wp-content\/uploads\/2022\/01\/images-7.jpg",310,163,false],"covernews-featured":["https:\/\/veteran.az\/wp-content\/uploads\/2022\/01\/images-7.jpg",310,163,false],"covernews-medium":["https:\/\/veteran.az\/wp-content\/uploads\/2022\/01\/images-7.jpg",310,163,false],"covernews-medium-square":["https:\/\/veteran.az\/wp-content\/uploads\/2022\/01\/images-7.jpg",310,163,false]},"author_info":{"display_name":"Veteran.az","author_link":"https:\/\/veteran.az\/?author=3"},"category_info":"<a href=\"https:\/\/veteran.az\/?cat=10\" rel=\"category\">AVMV\u0130B<\/a>","tag_info":"AVMV\u0130B","comment_count":"0","_links":{"self":[{"href":"https:\/\/veteran.az\/index.php?rest_route=\/wp\/v2\/posts\/14279","targetHints":{"allow":["GET"]}}],"collection":[{"href":"https:\/\/veteran.az\/index.php?rest_route=\/wp\/v2\/posts"}],"about":[{"href":"https:\/\/veteran.az\/index.php?rest_route=\/wp\/v2\/types\/post"}],"author":[{"embeddable":true,"href":"https:\/\/veteran.az\/index.php?rest_route=\/wp\/v2\/users\/3"}],"replies":[{"embeddable":true,"href":"https:\/\/veteran.az\/index.php?rest_route=%2Fwp%2Fv2%2Fcomments&post=14279"}],"version-history":[{"count":1,"href":"https:\/\/veteran.az\/index.php?rest_route=\/wp\/v2\/posts\/14279\/revisions"}],"predecessor-version":[{"id":14281,"href":"https:\/\/veteran.az\/index.php?rest_route=\/wp\/v2\/posts\/14279\/revisions\/14281"}],"wp:featuredmedia":[{"embeddable":true,"href":"https:\/\/veteran.az\/index.php?rest_route=\/wp\/v2\/media\/14280"}],"wp:attachment":[{"href":"https:\/\/veteran.az\/index.php?rest_route=%2Fwp%2Fv2%2Fmedia&parent=14279"}],"wp:term":[{"taxonomy":"category","embeddable":true,"href":"https:\/\/veteran.az\/index.php?rest_route=%2Fwp%2Fv2%2Fcategories&post=14279"},{"taxonomy":"post_tag","embeddable":true,"href":"https:\/\/veteran.az\/index.php?rest_route=%2Fwp%2Fv2%2Ftags&post=14279"}],"curies":[{"name":"wp","href":"https:\/\/api.w.org\/{rel}","templated":true}]}}