{"id":14193,"date":"2022-01-04T12:03:18","date_gmt":"2022-01-04T08:03:18","guid":{"rendered":"http:\/\/veteran.az\/?p=14193"},"modified":"2022-01-04T12:03:19","modified_gmt":"2022-01-04T08:03:19","slug":"gozl%c9%99nil%c9%99n-muharib%c9%99-turkiy%c9%99nin-movqeyi-nec%c9%99-olacaq","status":"publish","type":"post","link":"https:\/\/veteran.az\/?p=14193","title":{"rendered":"G\u00f6zl\u0259nil\u0259n m\u00fcharib\u0259: T\u00fcrkiy\u0259nin m\u00f6vqeyi nec\u0259 olacaq?"},"content":{"rendered":"\n<p><strong>X\u0259b\u0259r verildiyi kimi, \u00f6t\u0259n g\u00fcn AB\u015e-\u0131n d\u00f6vl\u0259t katibi Entoni Blinken T\u00fcrkiy\u0259nin xarici i\u015fl\u0259r naziri M\u00f6vlud \u00c7avu\u015fo\u011fluna z\u0259ng vurub. T\u0259r\u0259fl\u0259r ikit\u0259r\u0259fli m\u00fcnasib\u0259tl\u0259ri v\u0259 regional m\u0259s\u0259l\u0259l\u0259ri, o c\u00fcml\u0259d\u0259n C\u0259nubi Qafqazdak\u0131 v\u0259ziyy\u0259ti m\u00fczakir\u0259 edibl\u0259r. Lakin telefon dan\u0131\u015f\u0131\u011f\u0131n\u0131n \u0259sas m\u00f6vzusu Rusiyan\u0131n Ukraynaya qar\u015f\u0131 g\u00f6zl\u0259nil\u0259n h\u0259rbi m\u00fcdaxil\u0259si olub.<\/strong><\/p>\n\n\n\n<p>D\u00f6vl\u0259t Departamentinin r\u0259smi n\u00fcmay\u0259nd\u0259si Ned Prays jurnalistl\u0259r\u0259 bildirib ki, Entoni Blinken M\u00f6vlud \u00c7avu\u015fo\u011flunu \u201cRusiyan\u0131n Ukraynaya m\u00fcdaxil\u0259 ed\u0259c\u0259yi t\u0259qdird\u0259 f\u0259aliyy\u0259tl\u0259rin koordinasiyas\u0131n\u0131n z\u0259ruriliyin\u0259\u201d inand\u0131rma\u011fa \u00e7al\u0131\u015f\u0131b.<\/p>\n\n\n\n<p>T\u00fcrkiy\u0259 NATO-nun m\u00fch\u00fcm \u00f6lk\u0259sidir v\u0259 ikinci h\u0259rbi g\u00fcc\u00fcd\u00fcr. Bu bax\u0131mdan Ukrayna \u0259traf\u0131ndak\u0131 v\u0259ziyy\u0259t NATO-Rusiya qar\u015f\u0131durmas\u0131na q\u0259d\u0259r inki\u015faf ets\u0259 o zaman T\u00fcrkiy\u0259nin hans\u0131 m\u00f6vqe tutmas\u0131n\u0131n kritik \u0259h\u0259miyy\u0259ti olacaq. Hans\u0131 ki, T\u00fcrkiy\u0259nin son ill\u0259r NATO il\u0259 m\u00fcnasib\u0259tl\u0259ri el\u0259 d\u0259 yax\u015f\u0131 deyil v\u0259 Ankara regional g\u00fcc olaraq Rusiya il\u0259 d\u0259 yax\u015f\u0131 m\u00fcnasib\u0259tl\u0259r saxlama\u011fa \u00e7al\u0131\u015f\u0131r.<\/p>\n\n\n\n<p>virtualaz.org x\u0259b\u0259r verir ki, daha \u0259vv\u0259l T\u00fcrkiy\u0259nin m\u00fcmk\u00fcn Rusiya-NATO qar\u015f\u0131durmas\u0131ndak\u0131 m\u00f6vqeyi Vladimir Putinl\u0259 R\u0259c\u0259b Tayyib \u018frdo\u011fan aras\u0131nda telefon dan\u0131\u015f\u0131\u011f\u0131 zaman\u0131 da m\u00fczakir\u0259 olunub. Bazar g\u00fcn\u00fc ba\u015f tutmu\u015f telefon dan\u0131\u015f\u0131\u011f\u0131 zaman\u0131 t\u0259r\u0259fl\u0259r Ukrayna \u0259traf\u0131ndak\u0131 situasiyan\u0131 v\u0259 Rusiyan\u0131n NATO-ya t\u0259qdim etdiyi, ultimativ xarakter da\u015f\u0131yan \u201ct\u0259hl\u00fck\u0259sizlik qarantiyas\u0131\u201d layih\u0259sini m\u00fczakir\u0259 edibl\u0259r.<\/p>\n\n\n\n<p>\u201cLe Figaro\u201d q\u0259zeti yaz\u0131r ki, Rusiya v\u0259 T\u00fcrkiy\u0259 f\u0259rqli v\u0259 b\u0259z\u0259n bir-biri il\u0259 r\u0259qab\u0259t aparan maraqlara baxmayaraq t\u0259r\u0259fda\u015f \u00f6lk\u0259l\u0259rdir. Lakin son vaxtlar Ankara il\u0259 Moskva aras\u0131nda Ukraynaya g\u00f6r\u0259 g\u0259rginlik art\u0131r. Putin T\u00fcrkiy\u0259nin Kiyev\u0259 \u201cBayraktar\u201d pilotsuz d\u00f6y\u00fc\u015f t\u0259yyar\u0259l\u0259rini verm\u0259sin\u0259 g\u00f6r\u0259 \u018frdo\u011fana irad bildirib. \u018frdo\u011fan is\u0259 q\u0259zetin yazd\u0131\u011f\u0131na g\u00f6r\u0259, Putini \u201cNATO-ya qar\u015f\u0131 birt\u0259r\u0259fli \u015f\u0259rtl\u0259r ir\u0259li s\u00fcrd\u00fcy\u00fc \u00fc\u00e7\u00fcn\u201d t\u0259nqid edib.<\/p>\n\n\n\n<p>Xat\u0131rladaq ki, Kremlin ir\u0259li s\u00fcrd\u00fcy\u00fc h\u0259min ultimatum \u0259sas\u0259n NATO Ukraynan\u0131 \u00f6z s\u0131ralar\u0131na q\u0259bul etm\u0259y\u0259c\u0259yin\u0259 dair yaz\u0131l\u0131 t\u0259minat verm\u0259lidir. El\u0259c\u0259 d\u0259 alyans v\u0259 ona \u00fczv olan \u00f6lk\u0259l\u0259r C\u0259nubi Qafqaz regionunda h\u0259r hans\u0131 h\u0259rbi f\u0259aliyy\u0259t\u0259 son qoymal\u0131d\u0131r. T\u0259hl\u00fck\u0259sizlik t\u0259minat\u0131 raz\u0131la\u015fmas\u0131 layih\u0259sind\u0259 NATO-nun \u015e\u0259rqi Avropada h\u00fccum silahlar\u0131 yerl\u0259\u015fdirm\u0259m\u0259si v\u0259 dig\u0259r bu kimi t\u0259l\u0259bl\u0259r d\u0259 yer al\u0131r. Moskvadan s\u0259sl\u0259n\u0259n b\u0259yanatlara \u0259sas\u0259n bu t\u0259l\u0259bl\u0259r\u0259 tezlikl\u0259 cavab verilm\u0259s\u0259 o zaman Rusiya h\u0259r\u0259k\u0259t\u0259 ke\u00e7\u0259c\u0259k.<\/p>\n\n\n\n<p>M\u0259nb\u0259: Virtualaz.org<\/p>\n","protected":false},"excerpt":{"rendered":"<p>X\u0259b\u0259r verildiyi kimi, \u00f6t\u0259n g\u00fcn AB\u015e-\u0131n d\u00f6vl\u0259t katibi Entoni Blinken T\u00fcrkiy\u0259nin xarici i\u015fl\u0259r naziri M\u00f6vlud&#8230;<\/p>\n","protected":false},"author":3,"featured_media":14194,"comment_status":"closed","ping_status":"closed","sticky":false,"template":"","format":"standard","meta":{"footnotes":""},"categories":[7],"tags":[],"class_list":["post-14193","post","type-post","status-publish","format-standard","has-post-thumbnail","hentry","category-dunya"],"featured_image_urls":{"full":["https:\/\/veteran.az\/wp-content\/uploads\/2022\/01\/7-6.jpg",780,450,false],"thumbnail":["https:\/\/veteran.az\/wp-content\/uploads\/2022\/01\/7-6-150x150.jpg",150,150,true],"medium":["https:\/\/veteran.az\/wp-content\/uploads\/2022\/01\/7-6-300x173.jpg",300,173,true],"medium_large":["https:\/\/veteran.az\/wp-content\/uploads\/2022\/01\/7-6-768x443.jpg",640,369,true],"large":["https:\/\/veteran.az\/wp-content\/uploads\/2022\/01\/7-6.jpg",640,369,false],"1536x1536":["https:\/\/veteran.az\/wp-content\/uploads\/2022\/01\/7-6.jpg",780,450,false],"2048x2048":["https:\/\/veteran.az\/wp-content\/uploads\/2022\/01\/7-6.jpg",780,450,false],"covernews-slider-full":["https:\/\/veteran.az\/wp-content\/uploads\/2022\/01\/7-6.jpg",780,450,false],"covernews-slider-center":["https:\/\/veteran.az\/wp-content\/uploads\/2022\/01\/7-6.jpg",780,450,false],"covernews-featured":["https:\/\/veteran.az\/wp-content\/uploads\/2022\/01\/7-6.jpg",780,450,false],"covernews-medium":["https:\/\/veteran.az\/wp-content\/uploads\/2022\/01\/7-6-720x380.jpg",540,285,true],"covernews-medium-square":["https:\/\/veteran.az\/wp-content\/uploads\/2022\/01\/7-6-675x450.jpg",375,250,true]},"author_info":{"display_name":"Veteran.az","author_link":"https:\/\/veteran.az\/?author=3"},"category_info":"<a href=\"https:\/\/veteran.az\/?cat=7\" rel=\"category\">D\u00fcnya<\/a>","tag_info":"D\u00fcnya","comment_count":"0","_links":{"self":[{"href":"https:\/\/veteran.az\/index.php?rest_route=\/wp\/v2\/posts\/14193","targetHints":{"allow":["GET"]}}],"collection":[{"href":"https:\/\/veteran.az\/index.php?rest_route=\/wp\/v2\/posts"}],"about":[{"href":"https:\/\/veteran.az\/index.php?rest_route=\/wp\/v2\/types\/post"}],"author":[{"embeddable":true,"href":"https:\/\/veteran.az\/index.php?rest_route=\/wp\/v2\/users\/3"}],"replies":[{"embeddable":true,"href":"https:\/\/veteran.az\/index.php?rest_route=%2Fwp%2Fv2%2Fcomments&post=14193"}],"version-history":[{"count":1,"href":"https:\/\/veteran.az\/index.php?rest_route=\/wp\/v2\/posts\/14193\/revisions"}],"predecessor-version":[{"id":14195,"href":"https:\/\/veteran.az\/index.php?rest_route=\/wp\/v2\/posts\/14193\/revisions\/14195"}],"wp:featuredmedia":[{"embeddable":true,"href":"https:\/\/veteran.az\/index.php?rest_route=\/wp\/v2\/media\/14194"}],"wp:attachment":[{"href":"https:\/\/veteran.az\/index.php?rest_route=%2Fwp%2Fv2%2Fmedia&parent=14193"}],"wp:term":[{"taxonomy":"category","embeddable":true,"href":"https:\/\/veteran.az\/index.php?rest_route=%2Fwp%2Fv2%2Fcategories&post=14193"},{"taxonomy":"post_tag","embeddable":true,"href":"https:\/\/veteran.az\/index.php?rest_route=%2Fwp%2Fv2%2Ftags&post=14193"}],"curies":[{"name":"wp","href":"https:\/\/api.w.org\/{rel}","templated":true}]}}