{"id":14150,"date":"2022-01-01T12:43:48","date_gmt":"2022-01-01T08:43:48","guid":{"rendered":"http:\/\/veteran.az\/?p=14150"},"modified":"2022-01-01T13:20:43","modified_gmt":"2022-01-01T09:20:43","slug":"rusiya-qaqauzlari-n%c9%99-ucun-etibarli-silah-hesab-edir-taninmis-turkoloq-hesab-edir-ki-turkiy%c9%99-artiq-bu-topluma-sahib-cixmalidir","status":"publish","type":"post","link":"https:\/\/veteran.az\/?p=14150","title":{"rendered":"RUS\u0130YA QAQAUZLARI N\u018f \u00dc\u00c7\u00dcN \u201cET\u0130BARLI S\u0130LAH\u201d HESAB ED\u0130R\u2026 &#8212; Tan\u0131nm\u0131\u015f t\u00fcrkoloq hesab edir ki, T\u00fcrkiy\u0259 art\u0131q bu topluma sahib \u00e7\u0131xmal\u0131d\u0131r\u2026"},"content":{"rendered":"\n<p><strong>\u201cMoskva Moldova h\u00f6kum\u0259tin\u0259 qar\u015f\u0131 t\u00fcrk qaqauz xalq\u0131ndan d\u0259f\u0259l\u0259rl\u0259 istifad\u0259 edib. Buna baxmayaraq, T\u00fcrkiy\u0259nin \u0259sas\u0259n rus pravoslav xalq\u0131 yan\u0131nda ki\u00e7ik, lakin f\u0259al m\u00fcs\u0259lman azl\u0131\u011f\u0131 \u00f6z t\u0259r\u0259fin\u0259 \u00e7\u0259km\u0259sind\u0259n v\u0259 bu yar\u0131\u015f\u0131 qazanmas\u0131ndan getdikc\u0259 daha \u00e7ox narahat olur\u201d.<\/strong><\/p>\n\n\n\n<p>Bu haqda t\u00fcrk xalqlar\u0131 \u00fczr\u0259 m\u00fct\u0259x\u0259ssis Alim Maxsutov bildirib.<\/p>\n\n\n\n<p>Onun fikrinc\u0259, yax\u0131n vaxtlara q\u0259d\u0259r Rusiya hakimiyy\u0259ti, bu toplumun i\u00e7ind\u0259 rus dilinin geni\u015f yay\u0131lmas\u0131n\u0131 n\u0259z\u0259r\u0259 almaqla, qaqauzlara tamamil\u0259 \u201cetibarl\u0131 al\u0259t&#187; kimi bax\u0131rd\u0131. \u201cLakin bu hissl\u0259r d\u0259yi\u015fm\u0259y\u0259 ba\u015flay\u0131b\u201d, &#8212; dey\u0259n Alim Maxsutov T\u00fcrkiy\u0259nin Qaqauzlar aras\u0131nda \u00fcst\u00fcnl\u00fck \u0259ld\u0259 etm\u0259sinin s\u0259b\u0259bl\u0259rind\u0259n birin\u0259 \u2013 onlar\u0131n aras\u0131nda Pravoslav Rusiyas\u0131 il\u0259 m\u00fcqayis\u0259d\u0259 \u0130slam T\u00fcrkiy\u0259si il\u0259 daha \u00e7ox ortaql\u0131q hiss ed\u0259n ki\u00e7ik, lakin s\u0259s-k\u00fcyl\u00fc m\u00fcs\u0259lman azl\u0131\u011f\u0131n m\u00f6vcudlu\u011funa i\u015far\u0259 edir.<\/p>\n\n\n\n<figure class=\"wp-block-image size-large\"><img loading=\"lazy\" decoding=\"async\" width=\"1024\" height=\"768\" src=\"http:\/\/veteran.az\/wp-content\/uploads\/2022\/01\/Hederlez_in_Chisinau_May_7_2017_41-1024x768.jpg\" alt=\"\" class=\"wp-image-14154\" srcset=\"https:\/\/veteran.az\/wp-content\/uploads\/2022\/01\/Hederlez_in_Chisinau_May_7_2017_41-1024x768.jpg 1024w, https:\/\/veteran.az\/wp-content\/uploads\/2022\/01\/Hederlez_in_Chisinau_May_7_2017_41-300x225.jpg 300w, https:\/\/veteran.az\/wp-content\/uploads\/2022\/01\/Hederlez_in_Chisinau_May_7_2017_41-768x576.jpg 768w, https:\/\/veteran.az\/wp-content\/uploads\/2022\/01\/Hederlez_in_Chisinau_May_7_2017_41-1536x1152.jpg 1536w, https:\/\/veteran.az\/wp-content\/uploads\/2022\/01\/Hederlez_in_Chisinau_May_7_2017_41-2048x1536.jpg 2048w\" sizes=\"auto, (max-width: 1024px) 100vw, 1024px\" \/><\/figure>\n\n\n\n<p>Qeyd ed\u0259k ki, Moldovada ya\u015fayan qaqauzlar\u0131n \u0259ks\u0259riyy\u0259ti din bax\u0131m\u0131ndan pravoslavd\u0131r, lakin onlar\u0131n aras\u0131nda m\u00fcs\u0259lmanlar da var \u2013 qaqauzlar \u00f6nc\u0259 k\u00fctl\u0259vi \u015f\u0259kild\u0259 \u0130slam\u0131, bir ne\u00e7\u0259 \u0259sr \u0259vv\u0259l yenid\u0259n pravoslavl\u0131\u011f\u0131 q\u0259bul edibl\u0259r. Y\u0259ni Osmanl\u0131 zaman\u0131nda onun &#171;d\u00f6vl\u0259ti aliyy\u0259nin&#187; idar\u0259\u00e7iliyi alt\u0131nda ya\u015fayan qaqauzlar rus imperiyas\u0131n\u0131n t\u0259rkbin\u0259 m\u0259cburi qat\u0131ld\u0131qdan sonra dinl\u0259rind\u0259n d\u00f6nm\u0259y\u0259 m\u0259cbur edildil\u0259r. Bundan \u0259lav\u0259, \u0259h\u0259miyy\u0259tli m\u00fcs\u0259lman qaqauz \u0259halisi var. Bu adamlar \u00f6zl\u0259rini &#171;Qacallar&#187; adland\u0131r\u0131rlar, bu insanlar\u0131n aras\u0131nda ya\u015fayanlar\u0131n \u00e7oxu is\u0259 onlar\u0131 t\u00fcrk adland\u0131r\u0131r. \u0130ki qaqauz qrupunun f\u0259rqli dinl\u0259r\u0259 malik olmas\u0131na baxmayaraq, Qacallar \u00f6zl\u0259rini pravoslav qaqauzlardan bir az f\u0259rqli v\u0259 din f\u0259rqin\u0259 baxmayaraq \u00f6zl\u0259rini onlara s\u0131x ba\u011fl\u0131 hesab edirl\u0259r. Maxsutov g\u00fcman edir ki, bu, onlara T\u00fcrkiy\u0259y\u0259 daxil olmaq imkan\u0131 verir.<\/p>\n\n\n\n<figure class=\"wp-block-image size-large\"><img loading=\"lazy\" decoding=\"async\" width=\"1024\" height=\"768\" src=\"http:\/\/veteran.az\/wp-content\/uploads\/2022\/01\/Welcome_to_Gagauzia-1024x768.jpg\" alt=\"\" class=\"wp-image-14151\" srcset=\"https:\/\/veteran.az\/wp-content\/uploads\/2022\/01\/Welcome_to_Gagauzia-1024x768.jpg 1024w, https:\/\/veteran.az\/wp-content\/uploads\/2022\/01\/Welcome_to_Gagauzia-300x225.jpg 300w, https:\/\/veteran.az\/wp-content\/uploads\/2022\/01\/Welcome_to_Gagauzia-768x576.jpg 768w, https:\/\/veteran.az\/wp-content\/uploads\/2022\/01\/Welcome_to_Gagauzia-1536x1152.jpg 1536w, https:\/\/veteran.az\/wp-content\/uploads\/2022\/01\/Welcome_to_Gagauzia-2048x1536.jpg 2048w\" sizes=\"auto, (max-width: 1024px) 100vw, 1024px\" \/><figcaption>OLYMPUS DIGITAL CAMERA<\/figcaption><\/figure>\n\n\n\n<p>V\u0259 bu t\u0259sirin artaca\u011f\u0131 ehtimal\u0131 var, \u00e7\u00fcnki Qacallardan ba\u015fqa Qaqauzlar\u0131n say\u0131na dair \u0259n geni\u015f hesablamalar yaln\u0131z onlar\u0131n 250.000 n\u0259f\u0259r civar\u0131nda olmas\u0131d\u0131r ki, onlar\u0131n da yar\u0131s\u0131 Moldovan\u0131n c\u0259nub-\u015f\u0259rqind\u0259 ya\u015fay\u0131r. \u018ftraf b\u00f6lg\u0259l\u0259rd\u0259 is\u0259 m\u00fcs\u0259lman qaqauzlar\u0131n say\u0131n\u0131n&nbsp; 300.000-\u0259 \u00e7atd\u0131\u011f\u0131 deyilir. Rusiya m\u0259tbuat\u0131nda bu m\u0259s\u0259l\u0259ni ilk g\u00fcnd\u0259m\u0259 g\u0259tir\u0259nl\u0259rd\u0259n biri d\u0259 Maxsutovdur. Lakin o, \u0259lb\u0259tt\u0259 ki, o, sonuncu olmayacaq, x\u00fcsus\u0259n d\u0259 Ankara t\u00fcrk d\u00fcnyas\u0131n\u0131 formala\u015fd\u0131rmaq s\u0259yl\u0259rini geni\u015fl\u0259ndirdiyi bir vaxtda&#8230;<\/p>\n\n\n\n<p>M\u0259nb\u0259: Qafqaz.media<\/p>\n","protected":false},"excerpt":{"rendered":"<p>\u201cMoskva Moldova h\u00f6kum\u0259tin\u0259 qar\u015f\u0131 t\u00fcrk qaqauz xalq\u0131ndan d\u0259f\u0259l\u0259rl\u0259 istifad\u0259 edib. Buna baxmayaraq, T\u00fcrkiy\u0259nin \u0259sas\u0259n rus&#8230;<\/p>\n","protected":false},"author":3,"featured_media":0,"comment_status":"closed","ping_status":"closed","sticky":false,"template":"","format":"standard","meta":{"footnotes":""},"categories":[6],"tags":[],"class_list":["post-14150","post","type-post","status-publish","format-standard","hentry","category-cmiyyt"],"featured_image_urls":{"full":"","thumbnail":"","medium":"","medium_large":"","large":"","1536x1536":"","2048x2048":"","covernews-slider-full":"","covernews-slider-center":"","covernews-featured":"","covernews-medium":"","covernews-medium-square":""},"author_info":{"display_name":"Veteran.az","author_link":"https:\/\/veteran.az\/?author=3"},"category_info":"<a href=\"https:\/\/veteran.az\/?cat=6\" rel=\"category\">C\u0259miyy\u0259t<\/a>","tag_info":"C\u0259miyy\u0259t","comment_count":"0","_links":{"self":[{"href":"https:\/\/veteran.az\/index.php?rest_route=\/wp\/v2\/posts\/14150","targetHints":{"allow":["GET"]}}],"collection":[{"href":"https:\/\/veteran.az\/index.php?rest_route=\/wp\/v2\/posts"}],"about":[{"href":"https:\/\/veteran.az\/index.php?rest_route=\/wp\/v2\/types\/post"}],"author":[{"embeddable":true,"href":"https:\/\/veteran.az\/index.php?rest_route=\/wp\/v2\/users\/3"}],"replies":[{"embeddable":true,"href":"https:\/\/veteran.az\/index.php?rest_route=%2Fwp%2Fv2%2Fcomments&post=14150"}],"version-history":[{"count":2,"href":"https:\/\/veteran.az\/index.php?rest_route=\/wp\/v2\/posts\/14150\/revisions"}],"predecessor-version":[{"id":14156,"href":"https:\/\/veteran.az\/index.php?rest_route=\/wp\/v2\/posts\/14150\/revisions\/14156"}],"wp:attachment":[{"href":"https:\/\/veteran.az\/index.php?rest_route=%2Fwp%2Fv2%2Fmedia&parent=14150"}],"wp:term":[{"taxonomy":"category","embeddable":true,"href":"https:\/\/veteran.az\/index.php?rest_route=%2Fwp%2Fv2%2Fcategories&post=14150"},{"taxonomy":"post_tag","embeddable":true,"href":"https:\/\/veteran.az\/index.php?rest_route=%2Fwp%2Fv2%2Ftags&post=14150"}],"curies":[{"name":"wp","href":"https:\/\/api.w.org\/{rel}","templated":true}]}}