{"id":14123,"date":"2021-12-30T01:18:40","date_gmt":"2021-12-29T21:18:40","guid":{"rendered":"http:\/\/veteran.az\/?p=14123"},"modified":"2021-12-30T01:18:41","modified_gmt":"2021-12-29T21:18:41","slug":"moskva-firtinasi-vasinqton-kul%c9%99yini-%c9%99v%c9%99zl%c9%99y%c9%99-bil%c9%99c%c9%99kmi-ankara-cox-diqq%c9%99tlidir","status":"publish","type":"post","link":"https:\/\/veteran.az\/?p=14123","title":{"rendered":"Moskva f\u0131rt\u0131nas\u0131 Va\u015finqton k\u00fcl\u0259yini \u0259v\u0259zl\u0259y\u0259 bil\u0259c\u0259kmi? &#8212; Ankara \u00e7ox diqq\u0259tlidir"},"content":{"rendered":"\n<p><strong>T\u00fcrkiy\u0259nin xarici i\u015fl\u0259r naziri M\u00f6vlud \u00c7avu\u015fo\u011flu Erm\u0259nistan-T\u00fcrkiy\u0259 x\u00fcsusi n\u00fcmay\u0259nd\u0259l\u0259rinin g\u00f6r\u00fc\u015f\u00fcn\u00fcn Moskvada ba\u015f tutaca\u011f\u0131n\u0131 b\u0259yan edib. O, vaxt a\u00e7\u0131qlamay\u0131b. Erm\u0259nistan Xarici \u0130\u015fl\u0259r Nazirliyinin s\u00f6z\u00e7\u00fcs\u00fc b\u0259yan edib ki, g\u00f6r\u00fc\u015f\u00fcn vaxt\u0131 il\u0259 ba\u011fl\u0131 h\u0259l\u0259lik raz\u0131l\u0131q yoxdur. \u00c7avu\u015fo\u011flu onu da bildirib ki, Moskvan\u0131n g\u00f6r\u00fc\u015f yerinin n\u0259z\u0259r\u0259 al\u0131nmas\u0131 erm\u0259ni t\u0259r\u0259finin ist\u0259yidir. <\/strong><\/p>\n\n\n\n<p>\u0130r\u0259vanda Erm\u0259nistan-T\u00fcrkiy\u0259 m\u00fcnasib\u0259tl\u0259rinin normalla\u015fd\u0131r\u0131lmas\u0131n\u0131 b\u00f6y\u00fck riskl\u0259rl\u0259 xarakteriz\u0259 etm\u0259y\u0259 \u00e7al\u0131\u015f\u0131rlar.\u00a0Onlar Erm\u0259nistan\u0131n \u00fc\u00e7\u00fcnc\u00fc t\u0259r\u0259fl\u0259rl\u0259 m\u00fcnasib\u0259tl\u0259rinin balans\u0131ndan, bu amild\u0259n, h\u0259m\u00e7inin \u00fc\u00e7\u00fcnc\u00fc t\u0259r\u0259fl\u0259rin m\u00fcmk\u00fcn m\u0259nfi t\u0259sir riskind\u0259n dan\u0131\u015f\u0131rlar. \u00c7avu\u015fo\u011flunun Erm\u0259nistan v\u0259 T\u00fcrkiy\u0259d\u0259n x\u00fcsusi n\u00fcmay\u0259nd\u0259l\u0259r t\u0259yin edil\u0259c\u0259yini a\u00e7\u0131qlamas\u0131n\u0131n ard\u0131nca, \u201cBloomberg\u201dd\u0259 T\u00fcrkiy\u0259nin bu add\u0131m\u0131 Baydenin oktyabrda Erdo\u011fana m\u00fcraci\u0259ti kontekstind\u0259 atd\u0131\u011f\u0131, AB\u015e-la m\u00fcnasib\u0259tl\u0259ri yax\u015f\u0131la\u015fd\u0131rma\u011fa \u00e7al\u0131\u015fd\u0131\u011f\u0131 bildirilib.<\/p>\n\n\n\n<p>Bel\u0259likl\u0259, n\u0259 T\u00fcrkiy\u0259, n\u0259 d\u0259 Va\u015finqton bu fakt\u0131 inkar etmir. \u018fg\u0259r Erm\u0259nistan-T\u00fcrkiy\u0259 m\u00fcnasib\u0259tl\u0259rinin indiki normalla\u015fmas\u0131 prosesinin \u201cyelk\u0259ni\u201d Va\u015finqtonun \u201ck\u00fcl\u0259yi\u201d hesab\u0131na ba\u015f veribs\u0259, onda bu prosesin bird\u0259n-bir\u0259 Rusiya \u201cf\u0131rt\u0131nas\u0131\u201d il\u0259 toqqu\u015fmamas\u0131 burada daha vacib olur. Bu m\u0259nada, erm\u0259ni t\u0259r\u0259fi Rusiya istiqam\u0259tind\u0259 f\u0259aliyy\u0259t g\u00f6st\u0259rm\u0259y\u0259 can at\u0131r.<\/p>\n\n\n\n<p>X\u00fcsus\u0259n d\u0259 Erm\u0259nistan\u0131n ba\u015f naziri Nikol Pa\u015finyan dekabr\u0131n 24-d\u0259 ke\u00e7irdiyi m\u0259tbuat konfrans\u0131nda ictimai g\u00f6zl\u0259ntil\u0259ri cilovlama\u011fa \u00e7al\u0131\u015faraq bunun kifay\u0259t q\u0259d\u0259r m\u00fcr\u0259kk\u0259b proses oldu\u011funu b\u0259yan edib. Bu bax\u0131mdan \u0130r\u0259vanda bir o q\u0259d\u0259r d\u0259 optimist g\u00f6zl\u0259ntil\u0259r\u0259 qap\u0131lma\u011f\u0131 d\u00fc\u015f\u00fcnm\u00fcrl\u0259r.<\/p>\n\n\n\n<p>M\u0259nb\u0259: Ordu.az<\/p>\n","protected":false},"excerpt":{"rendered":"<p>T\u00fcrkiy\u0259nin xarici i\u015fl\u0259r naziri M\u00f6vlud \u00c7avu\u015fo\u011flu Erm\u0259nistan-T\u00fcrkiy\u0259 x\u00fcsusi n\u00fcmay\u0259nd\u0259l\u0259rinin g\u00f6r\u00fc\u015f\u00fcn\u00fcn Moskvada ba\u015f tutaca\u011f\u0131n\u0131 b\u0259yan edib&#8230;.<\/p>\n","protected":false},"author":3,"featured_media":0,"comment_status":"closed","ping_status":"closed","sticky":false,"template":"","format":"standard","meta":{"footnotes":""},"categories":[7],"tags":[],"class_list":["post-14123","post","type-post","status-publish","format-standard","hentry","category-dunya"],"featured_image_urls":{"full":"","thumbnail":"","medium":"","medium_large":"","large":"","1536x1536":"","2048x2048":"","covernews-slider-full":"","covernews-slider-center":"","covernews-featured":"","covernews-medium":"","covernews-medium-square":""},"author_info":{"display_name":"Veteran.az","author_link":"https:\/\/veteran.az\/?author=3"},"category_info":"<a href=\"https:\/\/veteran.az\/?cat=7\" rel=\"category\">D\u00fcnya<\/a>","tag_info":"D\u00fcnya","comment_count":"0","_links":{"self":[{"href":"https:\/\/veteran.az\/index.php?rest_route=\/wp\/v2\/posts\/14123","targetHints":{"allow":["GET"]}}],"collection":[{"href":"https:\/\/veteran.az\/index.php?rest_route=\/wp\/v2\/posts"}],"about":[{"href":"https:\/\/veteran.az\/index.php?rest_route=\/wp\/v2\/types\/post"}],"author":[{"embeddable":true,"href":"https:\/\/veteran.az\/index.php?rest_route=\/wp\/v2\/users\/3"}],"replies":[{"embeddable":true,"href":"https:\/\/veteran.az\/index.php?rest_route=%2Fwp%2Fv2%2Fcomments&post=14123"}],"version-history":[{"count":1,"href":"https:\/\/veteran.az\/index.php?rest_route=\/wp\/v2\/posts\/14123\/revisions"}],"predecessor-version":[{"id":14125,"href":"https:\/\/veteran.az\/index.php?rest_route=\/wp\/v2\/posts\/14123\/revisions\/14125"}],"wp:attachment":[{"href":"https:\/\/veteran.az\/index.php?rest_route=%2Fwp%2Fv2%2Fmedia&parent=14123"}],"wp:term":[{"taxonomy":"category","embeddable":true,"href":"https:\/\/veteran.az\/index.php?rest_route=%2Fwp%2Fv2%2Fcategories&post=14123"},{"taxonomy":"post_tag","embeddable":true,"href":"https:\/\/veteran.az\/index.php?rest_route=%2Fwp%2Fv2%2Ftags&post=14123"}],"curies":[{"name":"wp","href":"https:\/\/api.w.org\/{rel}","templated":true}]}}