{"id":14105,"date":"2021-12-29T15:49:48","date_gmt":"2021-12-29T11:49:48","guid":{"rendered":"http:\/\/veteran.az\/?p=14105"},"modified":"2021-12-29T15:55:13","modified_gmt":"2021-12-29T11:55:13","slug":"qarabagdaki-erm%c9%99ni-sakin-%c9%99sg%c9%99rl%c9%99rimiz%c9%99-sigindi","status":"publish","type":"post","link":"https:\/\/veteran.az\/?p=14105","title":{"rendered":"Qaraba\u011fdak\u0131 erm\u0259ni sakin \u0259sg\u0259rl\u0259rimiz\u0259 s\u0131\u011f\u0131nd\u0131"},"content":{"rendered":"\n<p><strong>Erm\u0259ni medias\u0131 bu g\u00fcn Az\u0259rbaycan\u0131n Qaraba\u011f iqtisadi zonas\u0131n\u0131n rus s\u00fclhm\u0259raml\u0131lar\u0131n\u0131n m\u00fcv\u0259qq\u0259ti m\u0259suliyy\u0259t zonas\u0131nda m\u0259skunla\u015fd\u0131r\u0131lan erm\u0259ni sakinin itkin d\u00fc\u015fd\u00fcy\u00fc haqda m\u0259lumat yay\u0131b.<\/strong><\/p>\n\n\n\n<p>Xank\u0259ndid\u0259 rus s\u00fclhm\u0259raml\u0131lar\u0131n\u0131n arxas\u0131nda gizl\u0259n\u0259r\u0259k, f\u0259aliyy\u0259tl\u0259rini davam etdirm\u0259y\u0259 \u00e7al\u0131\u015fan separat\u00e7\u0131-terror\u00e7u t\u00f6r-t\u00f6k\u00fcnt\u00fcl\u0259ri ke\u00e7mi\u015f \u018fsg\u0259ran rayonunun Ayasl\u0131 k\u0259nd sakini, 1971-ci il t\u0259v\u0259ll\u00fcdl\u00fc Armen Verdyan\u0131n s\u0259h\u0259r saat &#8212; 7:30 rad\u0259l\u0259rind\u0259 itkin d\u00fc\u015fd\u00fcy\u00fc haqda m\u0259lumat ald\u0131qlar\u0131n\u0131 bildiribl\u0259r.<\/p>\n\n\n\n<p>Bildirilib ki, Ayasl\u0131 k\u0259nd sakini Nax\u00e7\u0131vanik istiqam\u0259tind\u0259 \u201caz\u0131b\u201d v\u0259 Az\u0259rbaycan Ordusunun n\u0259zar\u0259tind\u0259 olan \u0259raziy\u0259 ke\u00e7ib.<\/p>\n\n\n\n<p>Onun itm\u0259si bar\u0259d\u0259 rus s\u00fclhm\u0259raml\u0131lar\u0131 art\u0131q m\u0259lumatl\u0131d\u0131r.<\/p>\n\n\n\n<p>Qeyd ed\u0259k ki, Armen Verdyan adl\u0131 erm\u0259ni \u0259silli \u015f\u0259xsin hans\u0131 pe\u015f\u0259nin sahibi oldu\u011fu, niy\u0259 o saatlarda yola \u00e7\u0131xd\u0131\u011f\u0131 v\u0259 \u201cazd\u0131\u011f\u0131\u201d bildirilmir. Onun azaraq Az\u0259rbaycan \u0259sg\u0259rin\u0259 s\u0131\u011f\u0131nd\u0131\u011f\u0131, yoxsa t\u0259xribat\u00e7\u0131 oldu\u011funu Az\u0259rbaycan Ordusu m\u00fc\u0259yy\u0259nl\u0259\u015fdir\u0259c\u0259k.<\/p>\n","protected":false},"excerpt":{"rendered":"<p>Erm\u0259ni medias\u0131 bu g\u00fcn Az\u0259rbaycan\u0131n Qaraba\u011f iqtisadi zonas\u0131n\u0131n rus s\u00fclhm\u0259raml\u0131lar\u0131n\u0131n m\u00fcv\u0259qq\u0259ti m\u0259suliyy\u0259t zonas\u0131nda m\u0259skunla\u015fd\u0131r\u0131lan erm\u0259ni&#8230;<\/p>\n","protected":false},"author":3,"featured_media":0,"comment_status":"closed","ping_status":"closed","sticky":false,"template":"","format":"standard","meta":{"footnotes":""},"categories":[9],"tags":[],"class_list":["post-14105","post","type-post","status-publish","format-standard","hentry","category-sq"],"featured_image_urls":{"full":"","thumbnail":"","medium":"","medium_large":"","large":"","1536x1536":"","2048x2048":"","covernews-slider-full":"","covernews-slider-center":"","covernews-featured":"","covernews-medium":"","covernews-medium-square":""},"author_info":{"display_name":"Veteran.az","author_link":"https:\/\/veteran.az\/?author=3"},"category_info":"<a href=\"https:\/\/veteran.az\/?cat=9\" rel=\"category\">Silahl\u0131 Q\u00fcvv\u0259l\u0259r<\/a>","tag_info":"Silahl\u0131 Q\u00fcvv\u0259l\u0259r","comment_count":"0","_links":{"self":[{"href":"https:\/\/veteran.az\/index.php?rest_route=\/wp\/v2\/posts\/14105","targetHints":{"allow":["GET"]}}],"collection":[{"href":"https:\/\/veteran.az\/index.php?rest_route=\/wp\/v2\/posts"}],"about":[{"href":"https:\/\/veteran.az\/index.php?rest_route=\/wp\/v2\/types\/post"}],"author":[{"embeddable":true,"href":"https:\/\/veteran.az\/index.php?rest_route=\/wp\/v2\/users\/3"}],"replies":[{"embeddable":true,"href":"https:\/\/veteran.az\/index.php?rest_route=%2Fwp%2Fv2%2Fcomments&post=14105"}],"version-history":[{"count":1,"href":"https:\/\/veteran.az\/index.php?rest_route=\/wp\/v2\/posts\/14105\/revisions"}],"predecessor-version":[{"id":14107,"href":"https:\/\/veteran.az\/index.php?rest_route=\/wp\/v2\/posts\/14105\/revisions\/14107"}],"wp:attachment":[{"href":"https:\/\/veteran.az\/index.php?rest_route=%2Fwp%2Fv2%2Fmedia&parent=14105"}],"wp:term":[{"taxonomy":"category","embeddable":true,"href":"https:\/\/veteran.az\/index.php?rest_route=%2Fwp%2Fv2%2Fcategories&post=14105"},{"taxonomy":"post_tag","embeddable":true,"href":"https:\/\/veteran.az\/index.php?rest_route=%2Fwp%2Fv2%2Ftags&post=14105"}],"curies":[{"name":"wp","href":"https:\/\/api.w.org\/{rel}","templated":true}]}}