{"id":14080,"date":"2021-12-26T12:39:20","date_gmt":"2021-12-26T08:39:20","guid":{"rendered":"http:\/\/veteran.az\/?p=14080"},"modified":"2021-12-26T12:39:21","modified_gmt":"2021-12-26T08:39:21","slug":"erm%c9%99nistan-sulh%c9%99-hazirdir-bu-informasiyalar-yalniz-r%c9%99smi-ir%c9%99vanin-t%c9%99bligatina-xidm%c9%99t-edir","status":"publish","type":"post","link":"https:\/\/veteran.az\/?p=14080","title":{"rendered":"Erm\u0259nistan s\u00fclh\u0259 haz\u0131rd\u0131r? &#8212; \u201cBu informasiyalar yaln\u0131z r\u0259smi \u0130r\u0259van\u0131n t\u0259bli\u011fat\u0131na xidm\u0259t edir\u201d"},"content":{"rendered":"\n<p><strong>B\u0259zi yerli media resurslar\u0131nda Erm\u0259nistan\u0131n ba\u015f naziri Nikol Pa\u015finyan\u0131n s\u00fclh m\u00fcqavil\u0259si il\u0259 ba\u011fl\u0131 son m\u0259tbuat konfrans\u0131nda s\u0259sl\u0259ndirdiyi fikirl\u0259rinin alayar\u0131m\u00e7\u0131q t\u0259qdim olunmas\u0131n\u0131n izah\u0131n\u0131 tapa bilmir\u0259m. S\u0259b\u0259b n\u0259dir?<\/strong><\/p>\n\n\n\n<p>B\u0259li, Pa\u015finyan\u0131n deyib ki, Erm\u0259nistan Az\u0259rbaycanla s\u00fclh m\u00fcqavil\u0259si imzalama\u011fa haz\u0131rd\u0131r. Amma daha sonra dedikl\u0259ri bunun \u0259ksini s\u00fcbuta yetirir. Sitat: \u201c\u018flb\u0259td\u0259, biz bu m\u00f6vzuda dan\u0131\u015f\u0131qlar\u0131n ba\u015flamas\u0131na v\u0259 s\u00fclh m\u00fcqavil\u0259sinin imzalanmas\u0131na haz\u0131r\u0131q. Bir m\u00fcdd\u0259t \u00f6nc\u0259 AT\u018fT-in Minsk qrupunun h\u0259ms\u0259drl\u0259ri dan\u0131\u015f\u0131qlar\u0131n g\u00fcnd\u0259liyini t\u0259klif etmi\u015fdil\u0259r. M\u00fcdd\u0259alardan biri h\u0259rt\u0259r\u0259fli s\u00fclh m\u00fcqavil\u0259si m\u0259s\u0259l\u0259si il\u0259 ba\u011fl\u0131 idi. B\u0259li, biz bunda maraql\u0131y\u0131q.<\/p>\n\n\n\n<p>&#8230;Bel\u0259 bir t\u0259s\u0259vv\u00fcr yarad\u0131l\u0131r ki, guya biz s\u00fclh m\u00fcqavil\u0259sinin v\u0259 \u201cQaraba\u011f m\u00fcnaqi\u015f\u0259si\u201dnin h\u0259rt\u0259r\u0259fli h\u0259llinin \u0259leyhin\u0259yik. \u018flb\u0259td\u0259 ki, bu bel\u0259 deyil. Biz bunda maraql\u0131y\u0131q\u201d. Bu s\u00f6zl\u0259rd\u0259n d\u0259rhal sonra Nikol \u00f6lk\u0259sinin s\u0259rh\u0259dl\u0259rin delimitasiya v\u0259 demarkasiyas\u0131nda, h\u0259m\u00e7inin kommunikasiyalar\u0131n a\u00e7\u0131lmas\u0131nda da maraql\u0131 oldu\u011funu iddia edir.<\/p>\n\n\n\n<p>G\u00f6r\u00fcnd\u00fcy\u00fc kimi, Pa\u015finyan \u00f6z \u00e7\u0131x\u0131\u015f\u0131nda s\u00fclh m\u00fcqavil\u0259sinin imzalanmas\u0131n\u0131n m\u00fcmk\u00fcns\u00fcz ed\u0259n iki m\u0259qam\u0131 manipulyativ \u015f\u0259kild\u0259, g\u0259li\u015fig\u00f6z\u0259l s\u00f6zl\u0259rin i\u00e7\u0259risind\u0259 \u201c\u0259ritm\u0259kl\u0259\u201d ictimai r\u0259y\u0259 s\u0131r\u0131ma\u011fa c\u0259hd g\u00f6st\u0259rir. Bunlardan biri AT\u018fT-in Minsk qrupunun h\u0259ms\u0259drl\u0259rinin t\u0259klif etdiyi g\u00fcnd\u0259likl\u0259, dig\u0259ri is\u0259, Az\u0259rbaycan Ordusunun q\u0259l\u0259b\u0259si il\u0259 b\u00fct\u00fcn g\u00fcnd\u0259likl\u0259rd\u0259n silinmi\u015f \u201cDa\u011fl\u0131q Qaraba\u011f m\u00fcnaqi\u015f\u0259si\u201d ifad\u0259si il\u0259 ba\u011fl\u0131d\u0131r. Pa\u015finyan iddia edir ki, AT\u018fT-in Minsk qrupu dan\u0131\u015f\u0131qlar\u0131n apar\u0131lmas\u0131 \u00fc\u00e7\u00fcn g\u00fcnd\u0259lik t\u0259qdim edib v\u0259 bu g\u00fcnd\u0259likd\u0259ki m\u00fcdd\u0259alardan biri s\u00fclh m\u00fcqavil\u0259si il\u0259 ba\u011fl\u0131d\u0131r. O zaman tamamil\u0259 t\u0259bii bir sual \u00e7\u0131x\u0131r ortal\u0131\u011fa: B\u0259s g\u00fcnd\u0259likd\u0259ki dig\u0259r m\u00fcdd\u0259alar n\u0259 il\u0259 ba\u011fl\u0131d\u0131r? V\u0259 daha sonra Pa\u015finyan \u201cErm\u0259nistan\u0131n s\u00fclh m\u00fcqavil\u0259sinin v\u0259 \u201cQaraba\u011f m\u00fcnaqi\u015f\u0259si\u201dnin h\u0259rt\u0259r\u0259fli h\u0259llinin \u0259leyhin\u0259 olmad\u0131\u011f\u0131n\u0131\u201d vur\u011fulamaqla, dolay\u0131s\u0131yla g\u00fcnd\u0259likd\u0259 Ordumuzun \u201cd\u0259fn etdiyi \u00f6l\u00fcn\u00fcn\u201d yenid\u0259n xortlad\u0131lmas\u0131 ehtimal\u0131n\u0131n oldu\u011funu ictimai r\u0259y\u0259 s\u0131r\u0131ma\u011fa \u00e7al\u0131\u015f\u0131r.<\/p>\n\n\n\n<p>\u018fvv\u0259la, Nikol Pa\u015finyan\u0131n AT\u018fT-in Minsk qrupunun \u201cg\u00fcnd\u0259liyind\u0259 yer alan m\u0259s\u0259l\u0259l\u0259r\u201dl\u0259 ba\u011fl\u0131 m\u00fclahiz\u0259l\u0259rinin he\u00e7 birinin \u2013 birba\u015fa v\u0259 dolay\u0131s\u0131yla t\u0259qdim olunan istiqam\u0259tl\u0259rinin &#8212; Az\u0259rbaycan t\u0259r\u0259find\u0259n q\u0259bul edilm\u0259diyi h\u0259r k\u0259s\u0259 b\u0259llidir.<\/p>\n\n\n\n<p>\u00c7\u00fcnki Az\u0259rbaycan-Erm\u0259nistan s\u0259rh\u0259dl\u0259rinin delimitasiya v\u0259 demarkasiya prosesi Minsk qrupu h\u0259ms\u0259drl\u0259rinin f\u0259aliyy\u0259td\u0259 oldu\u011fu zaman k\u0259siyind\u0259 d\u0259 bu f\u0259rsiz t\u0259sisat\u0131n mandat\u0131na daxil olmay\u0131b. Haz\u0131rda is\u0259 konkret delimitasiya v\u0259 demarkasiya il\u0259 ba\u011fl\u0131 m\u0259s\u0259l\u0259l\u0259rin yaln\u0131z iki d\u00f6vl\u0259tin yaratd\u0131\u011f\u0131, Rusiya v\u0259 Avropa \u0130ttifaq\u0131n\u0131n m\u0259\u015fv\u0259r\u0259t\u00e7i kimi i\u015ftirak etdiyi i\u015f\u00e7i qrupu \u00e7\u0259r\u00e7iv\u0259sind\u0259 m\u00fczakir\u0259 edil\u0259c\u0259yi bar\u0259d\u0259 yekun q\u0259rar\u0131n oldu\u011fu h\u0259r k\u0259s\u0259 b\u0259llidir. Y\u0259ni bu m\u0259s\u0259l\u0259d\u0259 \u201cAT\u018fT-in Minsk qrupu\u201d format olaraq he\u00e7 \u201cehtiyat oyun\u00e7ular\u201d skamyas\u0131nda da deyil. Kommunikasiyalar\u0131n a\u00e7\u0131lmas\u0131na g\u0259ldikd\u0259 is\u0259, bu m\u0259s\u0259l\u0259nin d\u0259 Minsk qrupu il\u0259 yax\u0131ndan uza\u011fa he\u00e7 bir \u0259laq\u0259si yoxdur. Bu m\u0259s\u0259l\u0259 10 noyabr 2020-ci il, 11 yanvar 2021-ci il v\u0259 26 noyabr 2021-ci il b\u0259yanatlar\u0131n\u0131n prinspl\u0259rin\u0259 uy\u011fun bir \u015f\u0259kild\u0259 ger\u00e7\u0259kl\u0259\u015fdirilir.<\/p>\n\n\n\n<p>\u201cDa\u011fl\u0131q Qaraba\u011f\u201d v\u0259 \u201cm\u00fcnaqi\u015f\u0259\u201d ifad\u0259l\u0259rini is\u0259 c\u0259h\u0259nn\u0259m\u0259 g\u00f6nd\u0259rmi\u015fik v\u0259 son olaraq, h\u0259m NATO-nun \u015eimali Atlantika \u015euras\u0131n\u0131n son toplant\u0131s\u0131n\u0131n yekun s\u0259n\u0259dind\u0259, h\u0259m d\u0259 Avropa \u0130ttifaq\u0131 \u015euras\u0131n\u0131n prezidenti \u015earl Mi\u015felin Az\u0259rbaycan\u0131n d\u00f6vl\u0259t ba\u015f\u00e7\u0131s\u0131 il\u0259 Erm\u0259nistan\u0131n ba\u015f naziri aras\u0131nda ke\u00e7iril\u0259n g\u00f6r\u00fc\u015fd\u0259n sonra yayd\u0131\u011f\u0131 b\u0259yanatda bu ifad\u0259l\u0259rin yer almamas\u0131, beyn\u0259lxalq birliyin r\u0259smi Bak\u0131n\u0131n m\u00f6vqeyini q\u0259bul etdiyini g\u00f6st\u0259rir. Bel\u0259 oldu\u011fu t\u0259qdird\u0259, Nikol Pa\u015finyan\u0131n s\u00fclh m\u00fcqavil\u0259sinin imzalanmas\u0131na mane ola bil\u0259c\u0259k m\u0259s\u0259l\u0259l\u0259ri yenid\u0259n g\u00fcnd\u0259m\u0259 g\u0259tirm\u0259si, r\u0259smi \u0130r\u0259van\u0131n k\u00f6hn\u0259 oyunlar\u0131ndan \u0259l \u00e7\u0259km\u0259diyini n\u00fcmayi\u015f etdirir. Bu bax\u0131mdan, \u201cErm\u0259nistan s\u00fclh m\u00fcqavil\u0259si imzalama\u011fa haz\u0131rd\u0131r\u201d kimi t\u0259qdimatlar\u0131n verilm\u0259si k\u00f6k\u00fcnd\u0259n yanl\u0131\u015fd\u0131r v\u0259 bu q\u0259bild\u0259n olan informasiyalar\u0131n d\u00f6vriyy\u0259y\u0259 burax\u0131lmas\u0131 yaln\u0131z r\u0259smi \u0130r\u0259van\u0131n t\u0259bli\u011fat\u0131na xidm\u0259t edir.<\/p>\n\n\n\n<p>M\u0259nb\u0259: Yenisabah<a rel=\"noreferrer noopener\" target=\"_blank\" href=\"https:\/\/qafqaz.media\/#facebook\"><\/a><\/p>\n","protected":false},"excerpt":{"rendered":"<p>B\u0259zi yerli media resurslar\u0131nda Erm\u0259nistan\u0131n ba\u015f naziri Nikol Pa\u015finyan\u0131n s\u00fclh m\u00fcqavil\u0259si il\u0259 ba\u011fl\u0131 son m\u0259tbuat&#8230;<\/p>\n","protected":false},"author":3,"featured_media":0,"comment_status":"closed","ping_status":"closed","sticky":false,"template":"","format":"standard","meta":{"footnotes":""},"categories":[6],"tags":[],"class_list":["post-14080","post","type-post","status-publish","format-standard","hentry","category-cmiyyt"],"featured_image_urls":{"full":"","thumbnail":"","medium":"","medium_large":"","large":"","1536x1536":"","2048x2048":"","covernews-slider-full":"","covernews-slider-center":"","covernews-featured":"","covernews-medium":"","covernews-medium-square":""},"author_info":{"display_name":"Veteran.az","author_link":"https:\/\/veteran.az\/?author=3"},"category_info":"<a href=\"https:\/\/veteran.az\/?cat=6\" rel=\"category\">C\u0259miyy\u0259t<\/a>","tag_info":"C\u0259miyy\u0259t","comment_count":"0","_links":{"self":[{"href":"https:\/\/veteran.az\/index.php?rest_route=\/wp\/v2\/posts\/14080","targetHints":{"allow":["GET"]}}],"collection":[{"href":"https:\/\/veteran.az\/index.php?rest_route=\/wp\/v2\/posts"}],"about":[{"href":"https:\/\/veteran.az\/index.php?rest_route=\/wp\/v2\/types\/post"}],"author":[{"embeddable":true,"href":"https:\/\/veteran.az\/index.php?rest_route=\/wp\/v2\/users\/3"}],"replies":[{"embeddable":true,"href":"https:\/\/veteran.az\/index.php?rest_route=%2Fwp%2Fv2%2Fcomments&post=14080"}],"version-history":[{"count":1,"href":"https:\/\/veteran.az\/index.php?rest_route=\/wp\/v2\/posts\/14080\/revisions"}],"predecessor-version":[{"id":14082,"href":"https:\/\/veteran.az\/index.php?rest_route=\/wp\/v2\/posts\/14080\/revisions\/14082"}],"wp:attachment":[{"href":"https:\/\/veteran.az\/index.php?rest_route=%2Fwp%2Fv2%2Fmedia&parent=14080"}],"wp:term":[{"taxonomy":"category","embeddable":true,"href":"https:\/\/veteran.az\/index.php?rest_route=%2Fwp%2Fv2%2Fcategories&post=14080"},{"taxonomy":"post_tag","embeddable":true,"href":"https:\/\/veteran.az\/index.php?rest_route=%2Fwp%2Fv2%2Ftags&post=14080"}],"curies":[{"name":"wp","href":"https:\/\/api.w.org\/{rel}","templated":true}]}}