{"id":14077,"date":"2021-12-26T12:29:55","date_gmt":"2021-12-26T08:29:55","guid":{"rendered":"http:\/\/veteran.az\/?p=14077"},"modified":"2021-12-26T12:29:55","modified_gmt":"2021-12-26T08:29:55","slug":"mehriban-%c9%99liyeva-susanin-%c9%99n-g%c9%99nc-general-leytenanti-4-yasli-asif-video","status":"publish","type":"post","link":"https:\/\/veteran.az\/?p=14077","title":{"rendered":"Mehriban \u018fliyeva: \u201c\u015eu\u015fan\u0131n \u0259n g\u0259nc general-leytenant\u0131 4 ya\u015fl\u0131 Asif\u201d \u2013 V\u0130DEO"},"content":{"rendered":"\n<p><strong>Az\u0259rbaycan\u0131n Birinci vitse-prezidenti Mehriban \u018fliyeva r\u0259smi \u201cFacebook\u201d s\u0259hif\u0259sind\u0259 \u015eu\u015fadan video payla\u015f\u0131b.<\/strong><\/p>\n\n\n\n<p>Videoda Az\u0259rbaycan Respublikas\u0131n\u0131n Prezidenti, Ali Ba\u015f Komandan \u0130lham \u018fliyevl\u0259 balaca Asifin dialoqu yer al\u0131b.<\/p>\n\n\n\n<figure class=\"wp-block-embed is-type-video is-provider-youtube wp-block-embed-youtube wp-embed-aspect-16-9 wp-has-aspect-ratio\"><div class=\"wp-block-embed__wrapper\">\n<iframe loading=\"lazy\" title=\"\u015eu\u015fan\u0131n \u0259n g\u0259nc general-leytenant\u0131 4 ya\u015fl\u0131 Asif  Baku TV\" width=\"640\" height=\"360\" src=\"https:\/\/www.youtube.com\/embed\/y4V7A2aoVPI?feature=oembed\" frameborder=\"0\" allow=\"accelerometer; autoplay; clipboard-write; encrypted-media; gyroscope; picture-in-picture; web-share\" referrerpolicy=\"strict-origin-when-cross-origin\" allowfullscreen><\/iframe>\n<\/div><\/figure>\n","protected":false},"excerpt":{"rendered":"<p>Az\u0259rbaycan\u0131n Birinci vitse-prezidenti Mehriban \u018fliyeva r\u0259smi \u201cFacebook\u201d s\u0259hif\u0259sind\u0259 \u015eu\u015fadan video payla\u015f\u0131b. Videoda Az\u0259rbaycan Respublikas\u0131n\u0131n Prezidenti,&#8230;<\/p>\n","protected":false},"author":3,"featured_media":0,"comment_status":"closed","ping_status":"closed","sticky":false,"template":"","format":"standard","meta":{"footnotes":""},"categories":[9],"tags":[],"class_list":["post-14077","post","type-post","status-publish","format-standard","hentry","category-sq"],"featured_image_urls":{"full":"","thumbnail":"","medium":"","medium_large":"","large":"","1536x1536":"","2048x2048":"","covernews-slider-full":"","covernews-slider-center":"","covernews-featured":"","covernews-medium":"","covernews-medium-square":""},"author_info":{"display_name":"Veteran.az","author_link":"https:\/\/veteran.az\/?author=3"},"category_info":"<a href=\"https:\/\/veteran.az\/?cat=9\" rel=\"category\">Silahl\u0131 Q\u00fcvv\u0259l\u0259r<\/a>","tag_info":"Silahl\u0131 Q\u00fcvv\u0259l\u0259r","comment_count":"0","_links":{"self":[{"href":"https:\/\/veteran.az\/index.php?rest_route=\/wp\/v2\/posts\/14077","targetHints":{"allow":["GET"]}}],"collection":[{"href":"https:\/\/veteran.az\/index.php?rest_route=\/wp\/v2\/posts"}],"about":[{"href":"https:\/\/veteran.az\/index.php?rest_route=\/wp\/v2\/types\/post"}],"author":[{"embeddable":true,"href":"https:\/\/veteran.az\/index.php?rest_route=\/wp\/v2\/users\/3"}],"replies":[{"embeddable":true,"href":"https:\/\/veteran.az\/index.php?rest_route=%2Fwp%2Fv2%2Fcomments&post=14077"}],"version-history":[{"count":1,"href":"https:\/\/veteran.az\/index.php?rest_route=\/wp\/v2\/posts\/14077\/revisions"}],"predecessor-version":[{"id":14079,"href":"https:\/\/veteran.az\/index.php?rest_route=\/wp\/v2\/posts\/14077\/revisions\/14079"}],"wp:attachment":[{"href":"https:\/\/veteran.az\/index.php?rest_route=%2Fwp%2Fv2%2Fmedia&parent=14077"}],"wp:term":[{"taxonomy":"category","embeddable":true,"href":"https:\/\/veteran.az\/index.php?rest_route=%2Fwp%2Fv2%2Fcategories&post=14077"},{"taxonomy":"post_tag","embeddable":true,"href":"https:\/\/veteran.az\/index.php?rest_route=%2Fwp%2Fv2%2Ftags&post=14077"}],"curies":[{"name":"wp","href":"https:\/\/api.w.org\/{rel}","templated":true}]}}