{"id":14072,"date":"2021-12-26T11:48:19","date_gmt":"2021-12-26T07:48:19","guid":{"rendered":"http:\/\/veteran.az\/?p=14072"},"modified":"2021-12-26T11:48:20","modified_gmt":"2021-12-26T07:48:20","slug":"%c9%99%c9%99smn-in-yaradilmasindan-103-il-otur","status":"publish","type":"post","link":"https:\/\/veteran.az\/?p=14072","title":{"rendered":"\u018f\u018fSMN-in yarad\u0131lmas\u0131ndan 103 il \u00f6t\u00fcr"},"content":{"rendered":"\n<p><strong>Bu g\u00fcn \u018fm\u0259k v\u0259 \u018fhalinin Sosial M\u00fcdafi\u0259si Nazirliyinin yarad\u0131lmas\u0131n\u0131n 103 ili tamam olur.<\/strong><\/p>\n\n\n\n<p>1918-ci il dekabr\u0131n 26-da Po\u00e7t, Teleqraf v\u0259 \u018fm\u0259k Nazirliyi, daha sonra ayr\u0131ca qurum kimi \u018fm\u0259k Nazirliyi yarad\u0131l\u0131b. H\u0259min g\u00fcn (1918-ci ilin 26 dekabr\u0131) \u018fm\u0259k v\u0259 \u018fhalinin Sosial M\u00fcdafi\u0259si Nazirliyinin yarad\u0131ld\u0131\u011f\u0131 g\u00fcnd\u00fcr.<\/p>\n\n\n\n<p>Po\u00e7t, Teleqraf v\u0259 \u018fm\u0259k Nazirliyi v\u0259 az sonra qurulan \u018fm\u0259k Nazirliyi \u0259m\u0259k, m\u0259\u015f\u011fulluq, sosial m\u00fcdafi\u0259 sah\u0259sind\u0259 m\u00fch\u00fcm q\u0259rarlar q\u0259bul edib, sosial \u0259h\u0259miyy\u0259t k\u0259sb ed\u0259n m\u0259s\u0259l\u0259l\u0259rin h\u0259lli istiqam\u0259tind\u0259 bir s\u0131ra z\u0259ruri add\u0131mlar\u0131n at\u0131lmas\u0131na nail olub.<\/p>\n\n\n\n<p>1970-80-ci ill\u0259rd\u0259 \u00fcmummilli lider Heyd\u0259r \u018fliyevin Az\u0259rbaycana r\u0259hb\u0259rliyi d\u00f6vr\u00fcnd\u0259 \u00f6lk\u0259mizd\u0259 b\u00fct\u00fcn sah\u0259l\u0259rd\u0259 oldu\u011fu kimi, sosial inki\u015faf istqam\u0259tind\u0259 d\u0259 b\u00f6y\u00fck ir\u0259lil\u0259yi\u015fl\u0259r \u0259ld\u0259 olunub. Ulu \u00f6nd\u0259r Heyd\u0259r \u018fliyev 1993-c\u00fc ilin iyun ay\u0131nda xalq\u0131n \u00e7a\u011f\u0131r\u0131\u015f\u0131 il\u0259 yenid\u0259n respublikam\u0131za r\u0259hb\u0259rliy\u0259 qay\u0131td\u0131qdan sonra da m\u00fcst\u0259qil d\u00f6vl\u0259t quruculu\u011funu u\u011furla h\u0259yata ke\u00e7irm\u0259kl\u0259 b\u0259rab\u0259r, d\u00f6vl\u0259timizin u\u011furlu sosial siyas\u0259tinin formala\u015fmas\u0131n\u0131, sosial rifah\u0131n yax\u015f\u0131la\u015fd\u0131r\u0131lmas\u0131, h\u0259ssas qruplar\u0131n d\u00f6vl\u0259t qay\u011f\u0131s\u0131 il\u0259 \u0259hat\u0259 olunmas\u0131 istiqam\u0259tind\u0259 m\u00fch\u00fcm t\u0259dbirl\u0259r\u0259 ba\u015flanmas\u0131n\u0131 t\u0259min edib.<\/p>\n\n\n\n<p>Bu sosial siyas\u0259t Prezident \u0130lham \u018fliyev t\u0259r\u0259find\u0259n y\u00fcks\u0259k s\u0259viyy\u0259d\u0259 davam v\u0259 inki\u015faf etdirilir. D\u00f6vl\u0259t ba\u015f\u00e7\u0131s\u0131n\u0131n siyas\u0259tinin m\u0259rk\u0259zind\u0259 v\u0259t\u0259nda\u015f rifah\u0131n\u0131n t\u0259minat\u0131 prinsipinin dayanmas\u0131 n\u0259tic\u0259sind\u0259 son 18 ild\u0259 \u0259halinin sosial m\u00fcdafi\u0259sinin g\u00fccl\u0259ndirilm\u0259si, rifah hal\u0131n\u0131n yax\u015f\u0131la\u015fd\u0131r\u0131lmas\u0131, \u0259halinin m\u0259\u015f\u011fulluq imkanlar\u0131n\u0131n art\u0131r\u0131lmas\u0131, \u0259m\u0259k, m\u0259\u015f\u011fulluq, sosial t\u0259minat sisteml\u0259rinin m\u00fcasir t\u0259l\u0259bl\u0259r\u0259 uy\u011fun qurulmas\u0131 istiqam\u0259tind\u0259 m\u00fch\u00fcm add\u0131mlar at\u0131l\u0131b.<\/p>\n\n\n\n<p>Nazirliyin yarad\u0131lmas\u0131n\u0131n 103 illiyi d\u00f6vl\u0259t ba\u015f\u00e7\u0131s\u0131n\u0131n u\u011furlu sosial islahatlar proqram\u0131n\u0131n n\u0259tic\u0259si olaraq v\u0259t\u0259nda\u015f rifah\u0131n\u0131n t\u0259minat\u0131, \u0259halinin sosial m\u00fcdafi\u0259sinin g\u00fccl\u0259ndirilm\u0259si istiqam\u0259tind\u0259 m\u00fch\u00fcm ir\u0259lil\u0259yi\u015fl\u0259rl\u0259, \u0259m\u0259k, m\u0259\u015f\u011fulluq, sosial t\u0259minat, \u0259lillik v\u0259 reabilitasiya sah\u0259l\u0259rind\u0259 v\u0259t\u0259nda\u015f m\u0259mnunlu\u011fu prinsipin\u0259 uy\u011fun m\u00fcasir, innovativ yana\u015fmalar\u0131n geni\u015f t\u0259tbiqi n\u0259tic\u0259sind\u0259 \u0259ld\u0259 olunmu\u015f nailiyy\u0259tl\u0259rl\u0259 qeyd edilir.<\/p>\n","protected":false},"excerpt":{"rendered":"<p>Bu g\u00fcn \u018fm\u0259k v\u0259 \u018fhalinin Sosial M\u00fcdafi\u0259si Nazirliyinin yarad\u0131lmas\u0131n\u0131n 103 ili tamam olur. 1918-ci il&#8230;<\/p>\n","protected":false},"author":3,"featured_media":0,"comment_status":"closed","ping_status":"closed","sticky":false,"template":"","format":"standard","meta":{"footnotes":""},"categories":[5],"tags":[],"class_list":["post-14072","post","type-post","status-publish","format-standard","hentry","category-sosial"],"featured_image_urls":{"full":"","thumbnail":"","medium":"","medium_large":"","large":"","1536x1536":"","2048x2048":"","covernews-slider-full":"","covernews-slider-center":"","covernews-featured":"","covernews-medium":"","covernews-medium-square":""},"author_info":{"display_name":"Veteran.az","author_link":"https:\/\/veteran.az\/?author=3"},"category_info":"<a href=\"https:\/\/veteran.az\/?cat=5\" rel=\"category\">Sosial<\/a>","tag_info":"Sosial","comment_count":"0","_links":{"self":[{"href":"https:\/\/veteran.az\/index.php?rest_route=\/wp\/v2\/posts\/14072","targetHints":{"allow":["GET"]}}],"collection":[{"href":"https:\/\/veteran.az\/index.php?rest_route=\/wp\/v2\/posts"}],"about":[{"href":"https:\/\/veteran.az\/index.php?rest_route=\/wp\/v2\/types\/post"}],"author":[{"embeddable":true,"href":"https:\/\/veteran.az\/index.php?rest_route=\/wp\/v2\/users\/3"}],"replies":[{"embeddable":true,"href":"https:\/\/veteran.az\/index.php?rest_route=%2Fwp%2Fv2%2Fcomments&post=14072"}],"version-history":[{"count":1,"href":"https:\/\/veteran.az\/index.php?rest_route=\/wp\/v2\/posts\/14072\/revisions"}],"predecessor-version":[{"id":14074,"href":"https:\/\/veteran.az\/index.php?rest_route=\/wp\/v2\/posts\/14072\/revisions\/14074"}],"wp:attachment":[{"href":"https:\/\/veteran.az\/index.php?rest_route=%2Fwp%2Fv2%2Fmedia&parent=14072"}],"wp:term":[{"taxonomy":"category","embeddable":true,"href":"https:\/\/veteran.az\/index.php?rest_route=%2Fwp%2Fv2%2Fcategories&post=14072"},{"taxonomy":"post_tag","embeddable":true,"href":"https:\/\/veteran.az\/index.php?rest_route=%2Fwp%2Fv2%2Ftags&post=14072"}],"curies":[{"name":"wp","href":"https:\/\/api.w.org\/{rel}","templated":true}]}}