{"id":14060,"date":"2021-12-25T01:27:00","date_gmt":"2021-12-24T21:27:00","guid":{"rendered":"http:\/\/veteran.az\/?p=14060"},"modified":"2021-12-25T01:27:01","modified_gmt":"2021-12-24T21:27:01","slug":"50-s%c9%99hid-ail%c9%99si-v%c9%99-muharib%c9%99-%c9%99lili-m%c9%99nzill%c9%99-t%c9%99min-edildi","status":"publish","type":"post","link":"https:\/\/veteran.az\/?p=14060","title":{"rendered":"50 \u015f\u0259hid ail\u0259si v\u0259 m\u00fcharib\u0259 \u0259lili m\u0259nzill\u0259 t\u0259min edildi"},"content":{"rendered":"\n<p><strong>\u018fm\u0259k v\u0259 \u018fhalinin Sosial M\u00fcdafi\u0259si Nazirliyi t\u0259r\u0259find\u0259n bu g\u00fcn daha 50 m\u0259nzil \u015f\u0259hid ail\u0259l\u0259ri v\u0259 m\u00fcharib\u0259 \u0259lill\u0259rin\u0259 verilib.<\/strong><\/p>\n\n\n\n<p>Bu bar\u0259d\u0259\u00a0nazirlikd\u0259n m\u0259lumat verilib.<\/p>\n\n\n\n<p>4 sayl\u0131 DOST M\u0259rk\u0259zind\u0259 m\u0259nzill\u0259rin s\u0259n\u0259dl\u0259rinin t\u0259qdim edilm\u0259si t\u0259dbirind\u0259 \u0259m\u0259k v\u0259 \u0259halinin sosial m\u00fcdafi\u0259si naziri Sahil Babayev Prezident \u0130lham \u018fliyevin u\u011furlu sosial-iqtisadi siyas\u0259tinin m\u0259rk\u0259zind\u0259 v\u0259t\u0259nda\u015f rifah\u0131n\u0131n t\u0259minat\u0131 prinsipinin dayand\u0131\u011f\u0131n\u0131 vur\u011fulay\u0131b.<\/p>\n\n\n\n<p>Nazir bildirib ki, \u00fcmummilli liderimiz Heyd\u0259r \u018fliyevin m\u00fcdrik siyas\u0259ti, sosial sah\u0259y\u0259 b\u00f6y\u00fck qay\u011f\u0131s\u0131 2003-c\u00fc ild\u0259n Prezident \u0130lham \u018fliyev t\u0259r\u0259find\u0259n y\u00fcks\u0259k s\u0259viyy\u0259d\u0259 davam v\u0259 inki\u015faf etdirilir. Bunun n\u0259tic\u0259sidir ki, \u00f6t\u0259n 18 ild\u0259 Az\u0259rbaycan b\u00fct\u00fcn sah\u0259l\u0259rd\u0259 m\u00fch\u00fcm tarixi nailiyy\u0259tl\u0259r \u0259ld\u0259 edib. 2020-ci ild\u0259 Prezident, M\u00fcz\u0259ff\u0259r Ali Ba\u015f Komandan \u0130lham \u018fliyevin r\u0259hb\u0259rliyi il\u0259 Az\u0259rbaycan Ordusunun V\u0259t\u0259n m\u00fcharib\u0259sind\u0259 qazand\u0131\u011f\u0131 m\u00f6ht\u0259\u015f\u0259m Z\u0259f\u0259r, torpaqlar\u0131m\u0131z\u0131n Erm\u0259nistan\u0131n i\u015f\u011fal\u0131ndan azad edilm\u0259si is\u0259 tariximiz\u0259 \u015fanl\u0131 q\u0259hr\u0259manl\u0131q salnam\u0259si kimi yaz\u0131l\u0131b.<\/p>\n\n\n\n<p>Prezident \u0130lham \u018fliyevin u\u011furlu siyas\u0259tinin sosial sah\u0259d\u0259 d\u0259 ard\u0131c\u0131l u\u011furlar\u0131, sosial inki\u015faf istiqam\u0259tind\u0259 m\u00fch\u00fcm ir\u0259lil\u0259yi\u015fl\u0259ri t\u0259min etdiyini vur\u011fulayan S.Babayev \u00f6t\u0259n 18 ild\u0259 Az\u0259rbaycan\u0131n \u0259ld\u0259 etdiyi sosial nailiyy\u0259tl\u0259ri diqq\u0259t\u0259 \u00e7atd\u0131r\u0131b.<\/p>\n\n\n\n<p>Sosial \u00f6d\u0259ni\u015fl\u0259rd\u0259 m\u00fct\u0259madi olaraq ciddi art\u0131mlar edildiyini, x\u00fcsusil\u0259 son 3 ild\u0259 d\u00f6vl\u0259t ba\u015f\u00e7\u0131s\u0131n\u0131n t\u0259qdim etdiyi inqilabi sosial paketl\u0259r \u00e7\u0259r\u00e7iv\u0259sind\u0259 bu \u00f6d\u0259ni\u015fl\u0259rin orta hesabla 2,5 d\u0259f\u0259 artd\u0131\u011f\u0131n\u0131, sosial \u00f6d\u0259ni\u015fl\u0259r \u00fczr\u0259 x\u0259rcl\u0259rd\u0259 son 3 ild\u0259 60% v\u0259 ya 2,4 milyard manat art\u0131m oldu\u011funu qeyd edib. Habel\u0259 \u00f6lk\u0259mizd\u0259 \u00e7oxsayl\u0131 reabilitasiya v\u0259 sosial xidm\u0259t m\u00fc\u0259ssis\u0259l\u0259rinin yarad\u0131laraq i\u015f\u0259 sal\u0131nd\u0131\u011f\u0131n\u0131 bildirib.<\/p>\n\n\n\n<p>\u015e\u0259hid ail\u0259l\u0259ri v\u0259 m\u00fcharib\u0259 \u0259lill\u0259rinin d\u00f6vl\u0259t ba\u015f\u00e7\u0131s\u0131n\u0131n x\u00fcsusi qay\u011f\u0131s\u0131 il\u0259 \u0259hat\u0259 olundu\u011funu vur\u011fulayan nazir diqq\u0259t\u0259 \u00e7atd\u0131r\u0131b ki, Prezident \u0130lham \u018fliyevin tap\u015f\u0131r\u0131\u011f\u0131na \u0259sas\u0259n \u015f\u0259hid ail\u0259l\u0259ri v\u0259 m\u00fcharib\u0259 \u0259lill\u0259rinin m\u0259nzill\u0259 t\u0259minat\u0131 proqram\u0131 bu il 5 d\u0259f\u0259 geni\u015fl\u0259nib.<\/p>\n\n\n\n<p>2021-2025-ci ill\u0259rd\u0259 daha 11 min, o c\u00fcml\u0259d\u0259n 2021-ci ild\u0259 3 min m\u0259nzil v\u0259 f\u0259rdi evin \u015f\u0259hid ail\u0259l\u0259ri v\u0259 m\u00fcharib\u0259 \u0259lilin\u0259 verilm\u0259si n\u0259z\u0259rd\u0259 tutulub. Bu il art\u0131q 2800, \u00fcmum\u0259n \u00f6t\u0259n d\u00f6vrd\u0259 is\u0259 12 min \u015f\u0259hid ail\u0259si v\u0259 m\u00fcharib\u0259 \u0259lili m\u0259nzil v\u0259 f\u0259rdi evl\u0259 t\u0259min edilib.<\/p>\n\n\n\n<p>S.Babayev V\u0259t\u0259n m\u00fcharib\u0259sind\u0259n sonra \u015f\u0259hid ail\u0259l\u0259ri v\u0259 m\u00fcharib\u0259 i\u015ftirak\u00e7\u0131lar\u0131, erm\u0259ni terrorundan z\u0259r\u0259r \u00e7\u0259k\u0259nl\u0259r daxil olmaqla 40 min insan\u0131n sosial d\u0259st\u0259kl\u0259 \u0259hat\u0259 olundu\u011funu, onlara d\u0259st\u0259k y\u00f6n\u00fcml\u00fc 46 min xidm\u0259tin g\u00f6st\u0259rildiyini deyib. Qeyd edib ki, d\u00f6vl\u0259t ba\u015f\u00e7\u0131s\u0131n\u0131n F\u0259rmanlar\u0131 is\u0259 n\u00f6vb\u0259ti d\u0259f\u0259 olmaqla 2021-ci ilin \u0259vv\u0259lind\u0259n \u015f\u0259hid ail\u0259l\u0259ri, m\u00fcharib\u0259 \u0259lill\u0259ri \u00fc\u00e7\u00fcn Prezidentin ayl\u0131q t\u0259qa\u00fcd\u00fc orta hesabla 50 faiz, b\u0259zi istiqam\u0259tl\u0259r \u00fczr\u0259 100 faiz\u0259 yax\u0131n art\u0131r\u0131l\u0131b. H\u0259m\u00e7inin Milli Q\u0259hr\u0259manlar \u00fc\u00e7\u00fcn t\u0259qa\u00fcd 1500 manatdan 1800 manata \u00e7atd\u0131r\u0131l\u0131b. \u201cV\u0259t\u0259n M\u00fcharib\u0259si Q\u0259hr\u0259man\u0131\u201d ad\u0131 verilmi\u015f \u015f\u0259xsl\u0259r\u0259 Prezidentin ayl\u0131q t\u0259qa\u00fcd\u00fc (2000 manat) t\u0259sis edilib.<\/p>\n\n\n\n<p>Yeni m\u0259nzill\u0259 t\u0259min edil\u0259n v\u0259t\u0259nda\u015flar, o c\u00fcml\u0259d\u0259n Az\u0259rbaycan\u0131n Mili Q\u0259hr\u0259man\u0131 Yusif \u018fliyevin atas\u0131 \u018fliyusif \u018fliyev, \u015f\u0259hid Nicat N\u0259biyevin anas\u0131 \u018ffsan\u0259 \u018fb\u00fclf\u0259tova, V\u0259t\u0259n m\u00fcharib\u0259si \u0259lili Taleh A\u015furov d\u00f6vl\u0259t ba\u015f\u00e7\u0131s\u0131n\u0131n \u015f\u0259hid ail\u0259l\u0259rin\u0259, m\u00fcharib\u0259 \u0259lill\u0259rin\u0259, dig\u0259r h\u0259ssas qruplara diqq\u0259t v\u0259 qay\u011f\u0131s\u0131ndan, bu kateqoriyalardan olan v\u0259t\u0259nda\u015flar\u0131n sosial d\u0259st\u0259kl\u0259 \u0259hat\u0259 edilm\u0259l\u0259ri, rifah hal\u0131n\u0131n yax\u015f\u0131la\u015fd\u0131r\u0131lmas\u0131 \u00fc\u00e7\u00fcn h\u0259yata ke\u00e7iril\u0259n t\u0259dbirl\u0259rd\u0259n raz\u0131l\u0131qla s\u00f6z a\u00e7\u0131blar.<\/p>\n\n\n\n<p>Onlar g\u00f6st\u0259ril\u0259n diqq\u0259t v\u0259 qay\u011f\u0131ya, bu g\u00fcn m\u00fcasir t\u0259l\u0259bl\u0259r\u0259 uy\u011fun yeni m\u0259nzill\u0259rl\u0259 t\u0259min edildikl\u0259rin\u0259 g\u00f6r\u0259 Prezident \u0130lham \u018fliyev\u0259 minn\u0259tdarl\u0131qlar\u0131n\u0131 ifad\u0259 edibl\u0259r.<\/p>\n","protected":false},"excerpt":{"rendered":"<p>\u018fm\u0259k v\u0259 \u018fhalinin Sosial M\u00fcdafi\u0259si Nazirliyi t\u0259r\u0259find\u0259n bu g\u00fcn daha 50 m\u0259nzil \u015f\u0259hid ail\u0259l\u0259ri v\u0259&#8230;<\/p>\n","protected":false},"author":3,"featured_media":14061,"comment_status":"closed","ping_status":"closed","sticky":false,"template":"","format":"standard","meta":{"footnotes":""},"categories":[5],"tags":[],"class_list":["post-14060","post","type-post","status-publish","format-standard","has-post-thumbnail","hentry","category-sosial"],"featured_image_urls":{"full":["https:\/\/veteran.az\/wp-content\/uploads\/2021\/12\/be426570b104.jpg",800,450,false],"thumbnail":["https:\/\/veteran.az\/wp-content\/uploads\/2021\/12\/be426570b104-150x150.jpg",150,150,true],"medium":["https:\/\/veteran.az\/wp-content\/uploads\/2021\/12\/be426570b104-300x169.jpg",300,169,true],"medium_large":["https:\/\/veteran.az\/wp-content\/uploads\/2021\/12\/be426570b104-768x432.jpg",640,360,true],"large":["https:\/\/veteran.az\/wp-content\/uploads\/2021\/12\/be426570b104.jpg",640,360,false],"1536x1536":["https:\/\/veteran.az\/wp-content\/uploads\/2021\/12\/be426570b104.jpg",800,450,false],"2048x2048":["https:\/\/veteran.az\/wp-content\/uploads\/2021\/12\/be426570b104.jpg",800,450,false],"covernews-slider-full":["https:\/\/veteran.az\/wp-content\/uploads\/2021\/12\/be426570b104.jpg",800,450,false],"covernews-slider-center":["https:\/\/veteran.az\/wp-content\/uploads\/2021\/12\/be426570b104.jpg",800,450,false],"covernews-featured":["https:\/\/veteran.az\/wp-content\/uploads\/2021\/12\/be426570b104.jpg",800,450,false],"covernews-medium":["https:\/\/veteran.az\/wp-content\/uploads\/2021\/12\/be426570b104-720x380.jpg",540,285,true],"covernews-medium-square":["https:\/\/veteran.az\/wp-content\/uploads\/2021\/12\/be426570b104-675x450.jpg",375,250,true]},"author_info":{"display_name":"Veteran.az","author_link":"https:\/\/veteran.az\/?author=3"},"category_info":"<a href=\"https:\/\/veteran.az\/?cat=5\" rel=\"category\">Sosial<\/a>","tag_info":"Sosial","comment_count":"0","_links":{"self":[{"href":"https:\/\/veteran.az\/index.php?rest_route=\/wp\/v2\/posts\/14060","targetHints":{"allow":["GET"]}}],"collection":[{"href":"https:\/\/veteran.az\/index.php?rest_route=\/wp\/v2\/posts"}],"about":[{"href":"https:\/\/veteran.az\/index.php?rest_route=\/wp\/v2\/types\/post"}],"author":[{"embeddable":true,"href":"https:\/\/veteran.az\/index.php?rest_route=\/wp\/v2\/users\/3"}],"replies":[{"embeddable":true,"href":"https:\/\/veteran.az\/index.php?rest_route=%2Fwp%2Fv2%2Fcomments&post=14060"}],"version-history":[{"count":1,"href":"https:\/\/veteran.az\/index.php?rest_route=\/wp\/v2\/posts\/14060\/revisions"}],"predecessor-version":[{"id":14062,"href":"https:\/\/veteran.az\/index.php?rest_route=\/wp\/v2\/posts\/14060\/revisions\/14062"}],"wp:featuredmedia":[{"embeddable":true,"href":"https:\/\/veteran.az\/index.php?rest_route=\/wp\/v2\/media\/14061"}],"wp:attachment":[{"href":"https:\/\/veteran.az\/index.php?rest_route=%2Fwp%2Fv2%2Fmedia&parent=14060"}],"wp:term":[{"taxonomy":"category","embeddable":true,"href":"https:\/\/veteran.az\/index.php?rest_route=%2Fwp%2Fv2%2Fcategories&post=14060"},{"taxonomy":"post_tag","embeddable":true,"href":"https:\/\/veteran.az\/index.php?rest_route=%2Fwp%2Fv2%2Ftags&post=14060"}],"curies":[{"name":"wp","href":"https:\/\/api.w.org\/{rel}","templated":true}]}}