{"id":14046,"date":"2021-12-24T13:27:03","date_gmt":"2021-12-24T09:27:03","guid":{"rendered":"http:\/\/veteran.az\/?p=14046"},"modified":"2021-12-24T13:27:04","modified_gmt":"2021-12-24T09:27:04","slug":"m%c9%99nsimovdan-ilham-%c9%99liyev%c9%99-yubiley-t%c9%99briki","status":"publish","type":"post","link":"https:\/\/veteran.az\/?p=14046","title":{"rendered":"M\u0259nsimovdan \u0130lham \u018fliyev\u0259 yubiley t\u0259briki"},"content":{"rendered":"\n<p><strong>T\u00fcrkiy\u0259d\u0259 ya\u015fayan i\u015f adam\u0131, \u201cPalmali\u201d \u015eirk\u0259tl\u0259r Qrupunun r\u0259hb\u0259ri M\u00fcbariz M\u0259nsumov Prezident \u0130lham \u018fliyevi 60 illik yubileyi m\u00fcnasib\u0259ti il\u0259 t\u0259brik edib.<\/strong><\/p>\n\n\n\n<p> M.M\u0259nsimov t\u0259brikini \u0130nstaqram s\u0259hif\u0259sind\u0259n payla\u015f\u0131b.<\/p>\n\n\n\n<p>\u201cAz\u0259rbaycan Respublikas\u0131n\u0131n Prezidenti, Ali Ba\u015f Komandan, Zati-Alil\u0259ri c\u0259nab \u0130lham \u018fliyev!<\/p>\n\n\n\n<p>Palmali\u201d \u015eirk\u0259tl\u0259r Qrupu kollektivimizin h\u0259r bir \u00fczv\u00fc ad\u0131ndan Sizi 60 illik yubileyiniz m\u00fcnasib\u0259til\u0259 t\u0259brik edir, uzun \u00f6m\u00fcr, m\u00f6hk\u0259m cansa\u011fl\u0131\u011f\u0131, xo\u015fb\u0259xtlik, Az\u0259rbaycan d\u00f6vl\u0259tinin t\u0259r\u0259qqisi v\u0259 g\u0259l\u0259c\u0259k u\u011furlar\u0131 namin\u0259 h\u0259m \u00f6lk\u0259 daxilind\u0259, h\u0259m d\u0259 beyn\u0259lxalq s\u0259viyy\u0259d\u0259 g\u00f6rd\u00fcy\u00fcn\u00fcz b\u00fct\u00fcn i\u015fl\u0259rd\u0259 yeni-yeni nailiyy\u0259tl\u0259r arzulay\u0131r\u0131q.<\/p>\n\n\n\n<p>M\u00fcz\u0259ff\u0259r Ali Ba\u015f Komandan!<\/p>\n\n\n\n<p>Az\u0259rbaycan\u0131n tarixin\u0259 q\u0131z\u0131l h\u0259rfl\u0259rl\u0259 Z\u0259f\u0259r g\u00fcnl\u0259rini yazd\u0131n\u0131z. Bir az\u0259rbaycanl\u0131 olaraq bununla f\u0259xr edir v\u0259 q\u00fcrurlan\u0131ram. Sizin r\u0259hb\u0259rliyiniz alt\u0131nda 44 g\u00fcn davam ed\u0259n \u201cD\u0259mir yumruq\u201d \u0259ks-h\u00fccum \u0259m\u0259liyyat\u0131 n\u0259tic\u0259sind\u0259 Az\u0259rbaycan Ordusu Erm\u0259nistan\u0131n 30 il m\u00fcdd\u0259tind\u0259 qurdu\u011fu mifl\u0259ri darmada\u011f\u0131n etdi. \u0130\u015f\u011fal alt\u0131nda saxlan\u0131lan torpaqlar\u0131m\u0131z m\u0259nfur d\u00fc\u015fm\u0259nd\u0259n azad edildi, Sizin r\u0259hb\u0259rliyinizl\u0259 Ordumuz b\u00fct\u00fcn d\u00fcnyaya \u00f6z q\u00fcdr\u0259tini, g\u00fcc\u00fcn\u00fc, xalq\u0131m\u0131z is\u0259 d\u0259mir yumruq olub Sizin yan\u0131n\u0131zda oldu\u011funu n\u00fcmayi\u015f etdirdi. Bu \u015fanl\u0131 q\u0259l\u0259b\u0259 Az\u0259rbaycan tarixind\u0259 \u0259b\u0259di qalacaqd\u0131r. Siz 44 g\u00fcnl\u00fck V\u0259t\u0259n m\u00fcharib\u0259sinin Z\u0259f\u0259r \u00e7alm\u0131\u015f s\u0259rk\u0259rd\u0259sisiniz. Biz Siz\u0259 h\u0259r zaman inan\u0131r v\u0259 g\u00fcv\u0259nirik. Bu inam v\u0259 g\u00fcv\u0259n sars\u0131lmazd\u0131r. Tanr\u0131 Sizi, q\u0259hr\u0259man Ordumuzu v\u0259 Az\u0259rbaycan\u0131m\u0131z\u0131 qorusun!\u201d \u2013 t\u0259brikd\u0259 bildirilib.<\/p>\n","protected":false},"excerpt":{"rendered":"<p>T\u00fcrkiy\u0259d\u0259 ya\u015fayan i\u015f adam\u0131, \u201cPalmali\u201d \u015eirk\u0259tl\u0259r Qrupunun r\u0259hb\u0259ri M\u00fcbariz M\u0259nsumov Prezident \u0130lham \u018fliyevi 60 illik&#8230;<\/p>\n","protected":false},"author":3,"featured_media":0,"comment_status":"closed","ping_status":"closed","sticky":false,"template":"","format":"standard","meta":{"footnotes":""},"categories":[6],"tags":[],"class_list":["post-14046","post","type-post","status-publish","format-standard","hentry","category-cmiyyt"],"featured_image_urls":{"full":"","thumbnail":"","medium":"","medium_large":"","large":"","1536x1536":"","2048x2048":"","covernews-slider-full":"","covernews-slider-center":"","covernews-featured":"","covernews-medium":"","covernews-medium-square":""},"author_info":{"display_name":"Veteran.az","author_link":"https:\/\/veteran.az\/?author=3"},"category_info":"<a href=\"https:\/\/veteran.az\/?cat=6\" rel=\"category\">C\u0259miyy\u0259t<\/a>","tag_info":"C\u0259miyy\u0259t","comment_count":"0","_links":{"self":[{"href":"https:\/\/veteran.az\/index.php?rest_route=\/wp\/v2\/posts\/14046","targetHints":{"allow":["GET"]}}],"collection":[{"href":"https:\/\/veteran.az\/index.php?rest_route=\/wp\/v2\/posts"}],"about":[{"href":"https:\/\/veteran.az\/index.php?rest_route=\/wp\/v2\/types\/post"}],"author":[{"embeddable":true,"href":"https:\/\/veteran.az\/index.php?rest_route=\/wp\/v2\/users\/3"}],"replies":[{"embeddable":true,"href":"https:\/\/veteran.az\/index.php?rest_route=%2Fwp%2Fv2%2Fcomments&post=14046"}],"version-history":[{"count":1,"href":"https:\/\/veteran.az\/index.php?rest_route=\/wp\/v2\/posts\/14046\/revisions"}],"predecessor-version":[{"id":14048,"href":"https:\/\/veteran.az\/index.php?rest_route=\/wp\/v2\/posts\/14046\/revisions\/14048"}],"wp:attachment":[{"href":"https:\/\/veteran.az\/index.php?rest_route=%2Fwp%2Fv2%2Fmedia&parent=14046"}],"wp:term":[{"taxonomy":"category","embeddable":true,"href":"https:\/\/veteran.az\/index.php?rest_route=%2Fwp%2Fv2%2Fcategories&post=14046"},{"taxonomy":"post_tag","embeddable":true,"href":"https:\/\/veteran.az\/index.php?rest_route=%2Fwp%2Fv2%2Ftags&post=14046"}],"curies":[{"name":"wp","href":"https:\/\/api.w.org\/{rel}","templated":true}]}}