{"id":14042,"date":"2021-12-24T02:00:08","date_gmt":"2021-12-23T22:00:08","guid":{"rendered":"http:\/\/veteran.az\/?p=14042"},"modified":"2021-12-24T02:00:09","modified_gmt":"2021-12-23T22:00:09","slug":"mehriban-%c9%99liyeva-ilham-%c9%99liyevin-ad-gunu-munasib%c9%99til%c9%99-instaqram-s%c9%99hif%c9%99sind%c9%99-paylasim-edib","status":"publish","type":"post","link":"https:\/\/veteran.az\/?p=14042","title":{"rendered":"Mehriban \u018fliyeva \u0130lham \u018fliyevin ad g\u00fcn\u00fc m\u00fcnasib\u0259til\u0259 \u0130nstaqram s\u0259hif\u0259sind\u0259 payla\u015f\u0131m edib"},"content":{"rendered":"\n<p><strong>Az\u0259rbaycan\u0131n Birinci vitse-prezidenti Mehriban \u018fliyeva \u00f6z \u201c\u0130nstaqram\u201d s\u0259hif\u0259sind\u0259 Prezident \u0130lham \u018fliyevin do\u011fum g\u00fcn\u00fc m\u00fcnasib\u0259til\u0259 payla\u015f\u0131m edib.&nbsp;Qafqaz.media&nbsp;Birinci vitse-prezidentin statusunu t\u0259qdim edir:<\/strong><\/p>\n\n\n\n<p>&#171;H\u00f6rm\u0259tli c\u0259nab Prezident!<\/p>\n\n\n\n<p>Bu g\u00fcn m\u0259n milyonlarla Az\u0259rbaycan v\u0259t\u0259nda\u015f\u0131 kimi Siz\u0259 d\u0259rin t\u0259\u015f\u0259kk\u00fcr\u00fcm\u00fc bildirm\u0259k ist\u0259yir\u0259m. Biz\u0259 \u2013 Az\u0259rbaycan xalq\u0131na milli q\u00fcrur v\u0259 birlik hissi b\u0259x\u015f etdiyiniz\u0259 g\u00f6r\u0259 Siz\u0259 t\u0259\u015f\u0259kk\u00fcr edirik. Uzun ill\u0259rdir ki, h\u0259r bir az\u0259rbaycanl\u0131n\u0131n q\u0259lbind\u0259 ya\u015fayan ist\u0259yini v\u0259 m\u00fcq\u0259dd\u0259s arzusunu \u00e7in etdiyiniz\u0259 g\u00f6r\u0259 Siz\u0259 minn\u0259tdar\u0131q. Az\u0259rbaycan xalq\u0131 \u2013 m\u00fcz\u0259ff\u0259r xalqd\u0131r!<\/p>\n\n\n\n<p>B\u00f6y\u00fck i\u015fl\u0259r bir anda ba\u015f tutmur. \u0130st\u0259nil\u0259n tarixi nailiyy\u0259t\u0259 aparan yol uzun, m\u00fcr\u0259kk\u0259b v\u0259 \u00e7\u0259tin olur. Sizin tarixi xidm\u0259tiniz ondad\u0131r ki, bu yola q\u0259d\u0259m qoydunuz v\u0259 onu \u015f\u0259r\u0259fl\u0259 ke\u00e7diniz. Misilsiz xidm\u0259tiniz ondad\u0131r ki, b\u00fct\u00fcn bu ill\u0259r \u0259rzind\u0259 \u00f6lk\u0259y\u0259 ba\u015f\u00e7\u0131l\u0131q ed\u0259r\u0259k verdiyiniz q\u0259rarlarla Az\u0259rbaycan xalq\u0131n\u0131n Z\u0259f\u0259r qazanmas\u0131n\u0131 t\u0259min etdiniz.<\/p>\n\n\n\n<p>Sizin g\u00fcc\u00fcn\u00fcz ondad\u0131r ki, bu yolda Siz xalq\u0131n etimad\u0131n\u0131 qazanma\u011f\u0131 bacard\u0131n\u0131z v\u0259 m\u0259hz xalq\u0131n inam v\u0259 sevgisin\u0259 arxalanaraq bu d\u0259y\u0259rli etimad\u0131 do\u011frulda bildiniz. Tarixi xidm\u0259tiniz ondad\u0131r ki, bu ill\u0259r \u0259rzind\u0259 b\u00fct\u00fcn \u00e7\u0259tinlikl\u0259r\u0259, t\u0259zyiql\u0259r\u0259, b\u0259z\u0259n \u0259sass\u0131z v\u0259 \u0259dal\u0259tsiz fikirl\u0259rl\u0259 \u00fczl\u0259\u015fdiyiniz\u0259 baxmayaraq bir an bel\u0259 inam\u0131n\u0131z\u0131, \u00fcmidinizi v\u0259 irad\u0259nizi itirm\u0259diniz. \u00d6lk\u0259mizin \u0259razi b\u00fct\u00f6vl\u00fcy\u00fcn\u00fcn t\u0259min edilm\u0259si kimi b\u00f6y\u00fck Missiyan\u0131n yerin\u0259 yetirilm\u0259si d\u0259 m\u0259hz Sizin yenilm\u0259z irad\u0259niz say\u0259sind\u0259 m\u00fcmk\u00fcn oldu.<\/p>\n\n\n\n<p>M\u0259n bilir\u0259m ki, Siz h\u0259mi\u015f\u0259 \u00f6z xalq\u0131n\u0131za inanm\u0131s\u0131n\u0131z. M\u0259hz bu inam Sizin b\u00fct\u00fcn \u015f\u0259xsi keyfiyy\u0259tl\u0259rinizl\u0259 birg\u0259 qazand\u0131\u011f\u0131n\u0131z v\u0259 qazanaca\u011f\u0131n\u0131z q\u0259l\u0259b\u0259l\u0259rin m\u0259nb\u0259yidir.<\/p>\n\n\n\n<p>Siz\u0259 \u0259n s\u0259mimi t\u0259\u015f\u0259kk\u00fcrl\u0259r!<\/p>\n\n\n\n<p>\u0130caz\u0259nizl\u0259, yubiley g\u00fcn\u00fcn\u00fczd\u0259 Siz\u0259 v\u0259 b\u00fct\u00fcn Az\u0259rbaycan xalq\u0131na uzun \u00f6m\u00fcr, m\u00f6hk\u0259m cansa\u011fl\u0131\u011f\u0131 v\u0259 b\u00fct\u00fcn arzular\u0131n\u0131z\u0131n yerin\u0259 yetm\u0259sini dil\u0259yir\u0259m.<\/p>\n\n\n\n<p>Sizin u\u011fur yolunuz davam etm\u0259kd\u0259dir v\u0259 qar\u015f\u0131da h\u0259l\u0259 V\u0259t\u0259nimiz namin\u0259 g\u00f6r\u0259c\u0259yiniz \u00e7oxlu i\u015fl\u0259r var.<\/p>\n\n\n\n<p>Tanr\u0131 Siz\u0259 g\u00fcc v\u0259 s\u0259bir versin! Uca Allah Sizi v\u0259 Az\u0259rbaycan xalq\u0131n\u0131 bu m\u00fcq\u0259dd\u0259s yolda qorusun!<\/p>\n\n\n\n<p>Biz Sizinl\u0259 f\u0259xr edir v\u0259 Sizi \u00e7ox sevirik!.<\/p>\n\n\n\n<p>Mehriban \u018fliyeva&#187;.<\/p>\n\n\n\n<figure class=\"wp-block-image size-large\"><img loading=\"lazy\" decoding=\"async\" width=\"587\" height=\"587\" src=\"http:\/\/veteran.az\/wp-content\/uploads\/2021\/12\/390053_src.jpg\" alt=\"\" class=\"wp-image-14043\" srcset=\"https:\/\/veteran.az\/wp-content\/uploads\/2021\/12\/390053_src.jpg 587w, https:\/\/veteran.az\/wp-content\/uploads\/2021\/12\/390053_src-300x300.jpg 300w, https:\/\/veteran.az\/wp-content\/uploads\/2021\/12\/390053_src-150x150.jpg 150w\" sizes=\"auto, (max-width: 587px) 100vw, 587px\" \/><\/figure>\n","protected":false},"excerpt":{"rendered":"<p>Az\u0259rbaycan\u0131n Birinci vitse-prezidenti Mehriban \u018fliyeva \u00f6z \u201c\u0130nstaqram\u201d s\u0259hif\u0259sind\u0259 Prezident \u0130lham \u018fliyevin do\u011fum g\u00fcn\u00fc m\u00fcnasib\u0259til\u0259 payla\u015f\u0131m&#8230;<\/p>\n","protected":false},"author":3,"featured_media":14044,"comment_status":"closed","ping_status":"closed","sticky":false,"template":"","format":"standard","meta":{"footnotes":""},"categories":[6],"tags":[],"class_list":["post-14042","post","type-post","status-publish","format-standard","has-post-thumbnail","hentry","category-cmiyyt"],"featured_image_urls":{"full":["https:\/\/veteran.az\/wp-content\/uploads\/2021\/12\/images-3.jpg",312,161,false],"thumbnail":["https:\/\/veteran.az\/wp-content\/uploads\/2021\/12\/images-3-150x150.jpg",150,150,true],"medium":["https:\/\/veteran.az\/wp-content\/uploads\/2021\/12\/images-3-300x155.jpg",300,155,true],"medium_large":["https:\/\/veteran.az\/wp-content\/uploads\/2021\/12\/images-3.jpg",312,161,false],"large":["https:\/\/veteran.az\/wp-content\/uploads\/2021\/12\/images-3.jpg",312,161,false],"1536x1536":["https:\/\/veteran.az\/wp-content\/uploads\/2021\/12\/images-3.jpg",312,161,false],"2048x2048":["https:\/\/veteran.az\/wp-content\/uploads\/2021\/12\/images-3.jpg",312,161,false],"covernews-slider-full":["https:\/\/veteran.az\/wp-content\/uploads\/2021\/12\/images-3.jpg",312,161,false],"covernews-slider-center":["https:\/\/veteran.az\/wp-content\/uploads\/2021\/12\/images-3.jpg",312,161,false],"covernews-featured":["https:\/\/veteran.az\/wp-content\/uploads\/2021\/12\/images-3.jpg",312,161,false],"covernews-medium":["https:\/\/veteran.az\/wp-content\/uploads\/2021\/12\/images-3.jpg",312,161,false],"covernews-medium-square":["https:\/\/veteran.az\/wp-content\/uploads\/2021\/12\/images-3.jpg",312,161,false]},"author_info":{"display_name":"Veteran.az","author_link":"https:\/\/veteran.az\/?author=3"},"category_info":"<a href=\"https:\/\/veteran.az\/?cat=6\" rel=\"category\">C\u0259miyy\u0259t<\/a>","tag_info":"C\u0259miyy\u0259t","comment_count":"0","_links":{"self":[{"href":"https:\/\/veteran.az\/index.php?rest_route=\/wp\/v2\/posts\/14042","targetHints":{"allow":["GET"]}}],"collection":[{"href":"https:\/\/veteran.az\/index.php?rest_route=\/wp\/v2\/posts"}],"about":[{"href":"https:\/\/veteran.az\/index.php?rest_route=\/wp\/v2\/types\/post"}],"author":[{"embeddable":true,"href":"https:\/\/veteran.az\/index.php?rest_route=\/wp\/v2\/users\/3"}],"replies":[{"embeddable":true,"href":"https:\/\/veteran.az\/index.php?rest_route=%2Fwp%2Fv2%2Fcomments&post=14042"}],"version-history":[{"count":1,"href":"https:\/\/veteran.az\/index.php?rest_route=\/wp\/v2\/posts\/14042\/revisions"}],"predecessor-version":[{"id":14045,"href":"https:\/\/veteran.az\/index.php?rest_route=\/wp\/v2\/posts\/14042\/revisions\/14045"}],"wp:featuredmedia":[{"embeddable":true,"href":"https:\/\/veteran.az\/index.php?rest_route=\/wp\/v2\/media\/14044"}],"wp:attachment":[{"href":"https:\/\/veteran.az\/index.php?rest_route=%2Fwp%2Fv2%2Fmedia&parent=14042"}],"wp:term":[{"taxonomy":"category","embeddable":true,"href":"https:\/\/veteran.az\/index.php?rest_route=%2Fwp%2Fv2%2Fcategories&post=14042"},{"taxonomy":"post_tag","embeddable":true,"href":"https:\/\/veteran.az\/index.php?rest_route=%2Fwp%2Fv2%2Ftags&post=14042"}],"curies":[{"name":"wp","href":"https:\/\/api.w.org\/{rel}","templated":true}]}}