{"id":14035,"date":"2021-12-23T16:31:53","date_gmt":"2021-12-23T12:31:53","guid":{"rendered":"http:\/\/veteran.az\/?p=14035"},"modified":"2021-12-23T16:31:53","modified_gmt":"2021-12-23T12:31:53","slug":"daxili-isl%c9%99r-nazirliyi-%c9%99m%c9%99kdaslarinin-maasi-artirildi-f%c9%99rman","status":"publish","type":"post","link":"https:\/\/veteran.az\/?p=14035","title":{"rendered":"Daxili \u0130\u015fl\u0259r Nazirliyi \u0259m\u0259kda\u015flar\u0131n\u0131n maa\u015f\u0131 art\u0131r\u0131ld\u0131 &#8212; F\u018fRMAN"},"content":{"rendered":"\n<p><strong>Prezident \u0130lham \u018fliyev Daxili \u0130\u015fl\u0259r Nazirliyinin x\u00fcsusi r\u00fctb\u0259si olan \u0259m\u0259kda\u015flar\u0131n\u0131n ayl\u0131q pul t\u0259minat\u0131n\u0131n v\u0259 d\u00f6vl\u0259t qulluq\u00e7usu olmayan m\u00fclki i\u015f\u00e7il\u0259rinin ayl\u0131q v\u0259zif\u0259 (tarif) maa\u015flar\u0131n\u0131n art\u0131r\u0131lmas\u0131 haqq\u0131nda f\u0259rman imzalay\u0131b.<\/strong><\/p>\n\n\n\n<p><strong>Veteran.az <\/strong>x\u0259b\u0259r verir ki, f\u0259rmanda deyilir:<\/p>\n\n\n\n<p>1. Az\u0259rbaycan Respublikas\u0131 Daxili \u0130\u015fl\u0259r Nazirliyinin x\u00fcsusi r\u00fctb\u0259si olan \u0259m\u0259kda\u015flar\u0131n\u0131n ayl\u0131q v\u0259zif\u0259 maa\u015flar\u0131na h\u0259min maa\u015f\u0131n 20 faizi m\u0259bl\u0259\u011find\u0259 \u0259lav\u0259 m\u00fc\u0259yy\u0259n edilsin.<\/p>\n\n\n\n<p>2. Az\u0259rbaycan Respublikas\u0131 Daxili \u0130\u015fl\u0259r Nazirliyinin d\u00f6vl\u0259t qulluq\u00e7usu olmayan m\u00fclki i\u015f\u00e7il\u0259rinin ayl\u0131q v\u0259zif\u0259 (tarif) maa\u015flar\u0131 orta hesabla 20 faiz art\u0131r\u0131ls\u0131n.<\/p>\n\n\n\n<p>3. Az\u0259rbaycan Respublikas\u0131n\u0131n Nazirl\u0259r Kabineti bu F\u0259rmandan ir\u0259li g\u0259l\u0259n m\u0259s\u0259l\u0259l\u0259ri h\u0259ll etsin.<\/p>\n\n\n\n<p>4. M\u00fc\u0259yy\u0259n edilsin ki, bu F\u0259rman\u0131n 1-ci hiss\u0259sind\u0259 n\u0259z\u0259rd\u0259 tutulan \u0259lav\u0259 Az\u0259rbaycan Respublikas\u0131n\u0131n Maliyy\u0259 Nazirliyi il\u0259 raz\u0131la\u015fd\u0131r\u0131lm\u0131\u015f say v\u0259 t\u0259rkib\u0259 uy\u011fun olaraq, Az\u0259rbaycan Respublikas\u0131n\u0131n Daxili \u0130\u015fl\u0259r Nazirliyi t\u0259r\u0259find\u0259n \u00f6d\u0259nilir.<\/p>\n\n\n\n<p>5. Az\u0259rbaycan Respublikas\u0131n\u0131n Daxili \u0130\u015fl\u0259r Nazirliyi v\u0259 Az\u0259rbaycan Respublikas\u0131n\u0131n Maliyy\u0259 Nazirliyi bu F\u0259rmandan ir\u0259li g\u0259l\u0259n m\u0259s\u0259l\u0259l\u0259rin h\u0259lli \u00fc\u00e7\u00fcn z\u0259ruri t\u0259dbirl\u0259r g\u00f6rs\u00fcnl\u0259r.<\/p>\n\n\n\n<p>6. Bu F\u0259rman 2022-ci il yanvar\u0131n 1-d\u0259n q\u00fcvv\u0259y\u0259 minir.<\/p>\n\n\n\n<p>\u0130lham \u018fliyev<\/p>\n\n\n\n<p>Az\u0259rbaycan Respublikas\u0131n\u0131n Prezidenti<\/p>\n","protected":false},"excerpt":{"rendered":"<p>Prezident \u0130lham \u018fliyev Daxili \u0130\u015fl\u0259r Nazirliyinin x\u00fcsusi r\u00fctb\u0259si olan \u0259m\u0259kda\u015flar\u0131n\u0131n ayl\u0131q pul t\u0259minat\u0131n\u0131n v\u0259 d\u00f6vl\u0259t&#8230;<\/p>\n","protected":false},"author":3,"featured_media":13822,"comment_status":"closed","ping_status":"closed","sticky":false,"template":"","format":"standard","meta":{"footnotes":""},"categories":[5],"tags":[],"class_list":["post-14035","post","type-post","status-publish","format-standard","has-post-thumbnail","hentry","category-sosial"],"featured_image_urls":{"full":["https:\/\/veteran.az\/wp-content\/uploads\/2021\/12\/1629886718_untitled-1.jpg",800,450,false],"thumbnail":["https:\/\/veteran.az\/wp-content\/uploads\/2021\/12\/1629886718_untitled-1-150x150.jpg",150,150,true],"medium":["https:\/\/veteran.az\/wp-content\/uploads\/2021\/12\/1629886718_untitled-1-300x169.jpg",300,169,true],"medium_large":["https:\/\/veteran.az\/wp-content\/uploads\/2021\/12\/1629886718_untitled-1-768x432.jpg",640,360,true],"large":["https:\/\/veteran.az\/wp-content\/uploads\/2021\/12\/1629886718_untitled-1.jpg",640,360,false],"1536x1536":["https:\/\/veteran.az\/wp-content\/uploads\/2021\/12\/1629886718_untitled-1.jpg",800,450,false],"2048x2048":["https:\/\/veteran.az\/wp-content\/uploads\/2021\/12\/1629886718_untitled-1.jpg",800,450,false],"covernews-slider-full":["https:\/\/veteran.az\/wp-content\/uploads\/2021\/12\/1629886718_untitled-1.jpg",800,450,false],"covernews-slider-center":["https:\/\/veteran.az\/wp-content\/uploads\/2021\/12\/1629886718_untitled-1.jpg",800,450,false],"covernews-featured":["https:\/\/veteran.az\/wp-content\/uploads\/2021\/12\/1629886718_untitled-1.jpg",800,450,false],"covernews-medium":["https:\/\/veteran.az\/wp-content\/uploads\/2021\/12\/1629886718_untitled-1-720x380.jpg",540,285,true],"covernews-medium-square":["https:\/\/veteran.az\/wp-content\/uploads\/2021\/12\/1629886718_untitled-1-675x450.jpg",375,250,true]},"author_info":{"display_name":"Veteran.az","author_link":"https:\/\/veteran.az\/?author=3"},"category_info":"<a href=\"https:\/\/veteran.az\/?cat=5\" rel=\"category\">Sosial<\/a>","tag_info":"Sosial","comment_count":"0","_links":{"self":[{"href":"https:\/\/veteran.az\/index.php?rest_route=\/wp\/v2\/posts\/14035","targetHints":{"allow":["GET"]}}],"collection":[{"href":"https:\/\/veteran.az\/index.php?rest_route=\/wp\/v2\/posts"}],"about":[{"href":"https:\/\/veteran.az\/index.php?rest_route=\/wp\/v2\/types\/post"}],"author":[{"embeddable":true,"href":"https:\/\/veteran.az\/index.php?rest_route=\/wp\/v2\/users\/3"}],"replies":[{"embeddable":true,"href":"https:\/\/veteran.az\/index.php?rest_route=%2Fwp%2Fv2%2Fcomments&post=14035"}],"version-history":[{"count":1,"href":"https:\/\/veteran.az\/index.php?rest_route=\/wp\/v2\/posts\/14035\/revisions"}],"predecessor-version":[{"id":14036,"href":"https:\/\/veteran.az\/index.php?rest_route=\/wp\/v2\/posts\/14035\/revisions\/14036"}],"wp:featuredmedia":[{"embeddable":true,"href":"https:\/\/veteran.az\/index.php?rest_route=\/wp\/v2\/media\/13822"}],"wp:attachment":[{"href":"https:\/\/veteran.az\/index.php?rest_route=%2Fwp%2Fv2%2Fmedia&parent=14035"}],"wp:term":[{"taxonomy":"category","embeddable":true,"href":"https:\/\/veteran.az\/index.php?rest_route=%2Fwp%2Fv2%2Fcategories&post=14035"},{"taxonomy":"post_tag","embeddable":true,"href":"https:\/\/veteran.az\/index.php?rest_route=%2Fwp%2Fv2%2Ftags&post=14035"}],"curies":[{"name":"wp","href":"https:\/\/api.w.org\/{rel}","templated":true}]}}