{"id":14029,"date":"2021-12-23T15:09:50","date_gmt":"2021-12-23T11:09:50","guid":{"rendered":"http:\/\/veteran.az\/?p=14029"},"modified":"2021-12-23T15:09:50","modified_gmt":"2021-12-23T11:09:50","slug":"rusiyanin-patriarxi-prezident-ilham-%c9%99liyevi-t%c9%99brik-etdi","status":"publish","type":"post","link":"https:\/\/veteran.az\/?p=14029","title":{"rendered":"Rusiyan\u0131n Patriarx\u0131 Prezident \u0130lham \u018fliyevi t\u0259brik etdi"},"content":{"rendered":"\n<p><strong>Moskvan\u0131n v\u0259 B\u00fct\u00fcn Rusiyan\u0131n Patriarx\u0131 Kirill Az\u0259rbaycan Respublikas\u0131n\u0131n Prezidenti \u0130lham \u018fliyev\u0259 t\u0259brik m\u0259ktubu g\u00f6nd\u0259rib.<\/strong><\/p>\n\n\n\n<p>M\u0259tnd\u0259 deyilir:<\/p>\n\n\n\n<p><br><strong>&#171;Zati-alil\u0259ri,<br>M\u00f6ht\u0259r\u0259m \u0130lham Heyd\u0259r o\u011flu,<\/strong><\/p>\n\n\n\n<p><br>\u015e\u0259xsi h\u0259yat\u0131n\u0131zda \u0259lam\u0259tdar g\u00fcn \u2013 60 illik yubileyiniz m\u00fcnasib\u0259til\u0259 t\u0259brikl\u0259rimi q\u0259bul edin.<\/p>\n\n\n\n<p>Siz Az\u0259rbaycan Prezidenti v\u0259zif\u0259sind\u0259 ill\u0259r boyu s\u0259yl\u0259 \u00e7al\u0131\u015faraq Qafqaz regionunda ictimai h\u0259mr\u0259yliyin m\u00f6hk\u0259ml\u0259nm\u0259sin\u0259 sanball\u0131 t\u00f6hf\u0259 verirsiniz. Sevindirici hald\u0131r ki, toplad\u0131\u011f\u0131n\u0131z qiym\u0259tli t\u0259cr\u00fcb\u0259 respublikan\u0131z\u0131n xalqlar\u0131 \u00fc\u00e7\u00fcn layiqli h\u0259yat \u015f\u0259raiti yarad\u0131lmas\u0131na v\u0259 onlar\u0131n ah\u0259ngdar ya\u015fay\u0131\u015f\u0131na k\u00f6m\u0259k ed\u0259n m\u00fch\u00fcm strateji q\u0259rarlar q\u0259bul etm\u0259yiniz\u0259 imkan verir.<\/p>\n\n\n\n<p><br>Rus Pravoslav Kils\u0259sinin Bak\u0131 Yeparxiyas\u0131 il\u0259 xo\u015f qar\u015f\u0131l\u0131ql\u0131 m\u00fcnasib\u0259t\u0259, h\u0259m\u00e7inin Az\u0259rbaycan, Rusiya v\u0259 Erm\u0259nistan\u0131n dini liderl\u0259rinin Qaraba\u011fda s\u00fclh\u00fcn b\u0259rq\u0259rar olmas\u0131na y\u00f6n\u0259lmi\u015f birg\u0259 s\u0259yl\u0259rin\u0259 g\u00f6st\u0259rdiyiniz diqq\u0259t\u0259 g\u00f6r\u0259 Siz\u0259 minn\u0259tdaram.<\/p>\n\n\n\n<p><br>Siz\u0259 m\u00f6hk\u0259m cansa\u011fl\u0131\u011f\u0131, firavanl\u0131q v\u0259 ali v\u0259zif\u0259nizd\u0259 Tanr\u0131n\u0131n bundan sonra da yard\u0131m\u00e7\u0131 olmas\u0131n\u0131 arzu edir\u0259m&#187;.<\/p>\n","protected":false},"excerpt":{"rendered":"<p>Moskvan\u0131n v\u0259 B\u00fct\u00fcn Rusiyan\u0131n Patriarx\u0131 Kirill Az\u0259rbaycan Respublikas\u0131n\u0131n Prezidenti \u0130lham \u018fliyev\u0259 t\u0259brik m\u0259ktubu g\u00f6nd\u0259rib. M\u0259tnd\u0259&#8230;<\/p>\n","protected":false},"author":3,"featured_media":14030,"comment_status":"closed","ping_status":"closed","sticky":false,"template":"","format":"standard","meta":{"footnotes":""},"categories":[6],"tags":[],"class_list":["post-14029","post","type-post","status-publish","format-standard","has-post-thumbnail","hentry","category-cmiyyt"],"featured_image_urls":{"full":["https:\/\/veteran.az\/wp-content\/uploads\/2021\/12\/1640256282_a9827996-c215-320b-b0b9-ddfe4922575b_850.jpg",850,530,false],"thumbnail":["https:\/\/veteran.az\/wp-content\/uploads\/2021\/12\/1640256282_a9827996-c215-320b-b0b9-ddfe4922575b_850-150x150.jpg",150,150,true],"medium":["https:\/\/veteran.az\/wp-content\/uploads\/2021\/12\/1640256282_a9827996-c215-320b-b0b9-ddfe4922575b_850-300x187.jpg",300,187,true],"medium_large":["https:\/\/veteran.az\/wp-content\/uploads\/2021\/12\/1640256282_a9827996-c215-320b-b0b9-ddfe4922575b_850-768x479.jpg",640,399,true],"large":["https:\/\/veteran.az\/wp-content\/uploads\/2021\/12\/1640256282_a9827996-c215-320b-b0b9-ddfe4922575b_850.jpg",640,399,false],"1536x1536":["https:\/\/veteran.az\/wp-content\/uploads\/2021\/12\/1640256282_a9827996-c215-320b-b0b9-ddfe4922575b_850.jpg",850,530,false],"2048x2048":["https:\/\/veteran.az\/wp-content\/uploads\/2021\/12\/1640256282_a9827996-c215-320b-b0b9-ddfe4922575b_850.jpg",850,530,false],"covernews-slider-full":["https:\/\/veteran.az\/wp-content\/uploads\/2021\/12\/1640256282_a9827996-c215-320b-b0b9-ddfe4922575b_850.jpg",850,530,false],"covernews-slider-center":["https:\/\/veteran.az\/wp-content\/uploads\/2021\/12\/1640256282_a9827996-c215-320b-b0b9-ddfe4922575b_850.jpg",800,500,false],"covernews-featured":["https:\/\/veteran.az\/wp-content\/uploads\/2021\/12\/1640256282_a9827996-c215-320b-b0b9-ddfe4922575b_850.jpg",850,530,false],"covernews-medium":["https:\/\/veteran.az\/wp-content\/uploads\/2021\/12\/1640256282_a9827996-c215-320b-b0b9-ddfe4922575b_850-720x380.jpg",540,285,true],"covernews-medium-square":["https:\/\/veteran.az\/wp-content\/uploads\/2021\/12\/1640256282_a9827996-c215-320b-b0b9-ddfe4922575b_850-675x450.jpg",375,250,true]},"author_info":{"display_name":"Veteran.az","author_link":"https:\/\/veteran.az\/?author=3"},"category_info":"<a href=\"https:\/\/veteran.az\/?cat=6\" rel=\"category\">C\u0259miyy\u0259t<\/a>","tag_info":"C\u0259miyy\u0259t","comment_count":"0","_links":{"self":[{"href":"https:\/\/veteran.az\/index.php?rest_route=\/wp\/v2\/posts\/14029","targetHints":{"allow":["GET"]}}],"collection":[{"href":"https:\/\/veteran.az\/index.php?rest_route=\/wp\/v2\/posts"}],"about":[{"href":"https:\/\/veteran.az\/index.php?rest_route=\/wp\/v2\/types\/post"}],"author":[{"embeddable":true,"href":"https:\/\/veteran.az\/index.php?rest_route=\/wp\/v2\/users\/3"}],"replies":[{"embeddable":true,"href":"https:\/\/veteran.az\/index.php?rest_route=%2Fwp%2Fv2%2Fcomments&post=14029"}],"version-history":[{"count":1,"href":"https:\/\/veteran.az\/index.php?rest_route=\/wp\/v2\/posts\/14029\/revisions"}],"predecessor-version":[{"id":14031,"href":"https:\/\/veteran.az\/index.php?rest_route=\/wp\/v2\/posts\/14029\/revisions\/14031"}],"wp:featuredmedia":[{"embeddable":true,"href":"https:\/\/veteran.az\/index.php?rest_route=\/wp\/v2\/media\/14030"}],"wp:attachment":[{"href":"https:\/\/veteran.az\/index.php?rest_route=%2Fwp%2Fv2%2Fmedia&parent=14029"}],"wp:term":[{"taxonomy":"category","embeddable":true,"href":"https:\/\/veteran.az\/index.php?rest_route=%2Fwp%2Fv2%2Fcategories&post=14029"},{"taxonomy":"post_tag","embeddable":true,"href":"https:\/\/veteran.az\/index.php?rest_route=%2Fwp%2Fv2%2Ftags&post=14029"}],"curies":[{"name":"wp","href":"https:\/\/api.w.org\/{rel}","templated":true}]}}