{"id":13992,"date":"2021-12-21T21:56:35","date_gmt":"2021-12-21T17:56:35","guid":{"rendered":"http:\/\/veteran.az\/?p=13992"},"modified":"2021-12-21T21:56:44","modified_gmt":"2021-12-21T17:56:44","slug":"erm%c9%99ni-blogger-komandirl%c9%99rimiz-qizil-disl%c9%99r%c9%99-gor%c9%99-az%c9%99rbaycan-q%c9%99birl%c9%99rini-qazirdi","status":"publish","type":"post","link":"https:\/\/veteran.az\/?p=13992","title":{"rendered":"Erm\u0259ni blogger: Komandirl\u0259rimiz q\u0131z\u0131l di\u015fl\u0259r\u0259 g\u00f6r\u0259 Az\u0259rbaycan q\u0259birl\u0259rini qaz\u0131rd\u0131"},"content":{"rendered":"\n<p>Erm\u0259ni bloqqer Nairi Axverdi \u0130r\u0259van\u0131n i\u015f\u011fal\u00e7\u0131l\u0131q siyas\u0259tind\u0259n, Birinci Qaraba\u011f m\u00fcharib\u0259si zaman\u0131 erm\u0259ni s\u0259hra komandirl\u0259rinin v\u0259 yaraql\u0131lar\u0131n\u0131n g\u00f6st\u0259rdiyi v\u0259h\u015filikl\u0259rd\u0259n dan\u0131\u015f\u0131b.<\/p>\n\n\n\n<p>\u00a0\u00a0<strong>Anews.az<\/strong>\u00a0x\u0259b\u0259r verir ki, bunu Hollandiyadan Erm\u0259nistana repatriasiya olunmu\u015f t\u0259rc\u00fcm\u0259\u00e7i, publisist v\u0259 bloqqer Nairi Axverdi &#171;Twitter\u201d s\u0259hif\u0259sind\u0259 yaz\u0131b.<\/p>\n\n\n\n<p>\u00a0&#171;Ba\u015f\u00e7\u0131lar\u0131m\u0131z bizi \u00e7ox pis ruhdan sald\u0131lar. Bu, 7 rayonun etnik t\u0259mizl\u0259m\u0259y\u0259 m\u0259ruz qald\u0131\u011f\u0131n\u0131 v\u0259 bu hekay\u0259nin rahatl\u0131qla v\u0259t\u0259np\u0259rv\u0259r azadl\u0131q \u015f\u00fcarlar\u0131 il\u0259 i\u015f\u0131qland\u0131r\u0131ld\u0131\u011f\u0131n\u0131 bilm\u0259y\u0259n, c\u0259hal\u0259t i\u00e7ind\u0259 b\u00f6y\u00fcm\u00fc\u015f bir \u00e7ox erm\u0259ni g\u0259ncini heyr\u0259t\u0259 g\u0259tirmi\u015fdi. Birinci Qaraba\u011f m\u00fcharib\u0259sind\u0259 vuru\u015fmu\u015f erm\u0259nil\u0259r \u00e7ox vaxt ya\u015fad\u0131qlar\u0131n\u0131 a\u00e7\u0131q dan\u0131\u015f\u0131rlar. Bir veteran m\u0259n\u0259 b\u00fct\u00fcn h\u0259rb\u00e7il\u0259r\u0259\u00a0az\u0259rbaycanl\u0131lar\u0131n m\u0259zarlar\u0131n\u0131 qazmaq v\u0259 q\u0131z\u0131l di\u015f axtarmaq \u00fc\u00e7\u00fcn nec\u0259 \u0259mr verdiyind\u0259n dan\u0131\u015fd\u0131.\u00a0 O, komandirin v\u0259 h\u0259mkarlar\u0131n\u0131n h\u0259risliyin\u0259 d\u0259h\u015f\u0259tl\u0259 baxd\u0131\u011f\u0131n\u0131 bildirdi\u201d, &#8212; dey\u0259 Nairi Axverdi \u0259lav\u0259 edib.<\/p>\n\n\n\n<p>\u00a0<strong>Fehruz Rza<\/strong><\/p>\n","protected":false},"excerpt":{"rendered":"<p>Erm\u0259ni bloqqer Nairi Axverdi \u0130r\u0259van\u0131n i\u015f\u011fal\u00e7\u0131l\u0131q siyas\u0259tind\u0259n, Birinci Qaraba\u011f m\u00fcharib\u0259si zaman\u0131 erm\u0259ni s\u0259hra komandirl\u0259rinin v\u0259&#8230;<\/p>\n","protected":false},"author":3,"featured_media":13993,"comment_status":"closed","ping_status":"closed","sticky":false,"template":"","format":"standard","meta":{"footnotes":""},"categories":[10],"tags":[],"class_list":["post-13992","post","type-post","status-publish","format-standard","has-post-thumbnail","hentry","category-avmvib"],"featured_image_urls":{"full":["https:\/\/veteran.az\/wp-content\/uploads\/2021\/12\/1638777869_thumbs_b2_6e5ac7b321988ce27aa14d5a307e5f4a.jpg",954,636,false],"thumbnail":["https:\/\/veteran.az\/wp-content\/uploads\/2021\/12\/1638777869_thumbs_b2_6e5ac7b321988ce27aa14d5a307e5f4a-150x150.jpg",150,150,true],"medium":["https:\/\/veteran.az\/wp-content\/uploads\/2021\/12\/1638777869_thumbs_b2_6e5ac7b321988ce27aa14d5a307e5f4a-300x200.jpg",300,200,true],"medium_large":["https:\/\/veteran.az\/wp-content\/uploads\/2021\/12\/1638777869_thumbs_b2_6e5ac7b321988ce27aa14d5a307e5f4a-768x512.jpg",640,427,true],"large":["https:\/\/veteran.az\/wp-content\/uploads\/2021\/12\/1638777869_thumbs_b2_6e5ac7b321988ce27aa14d5a307e5f4a.jpg",640,427,false],"1536x1536":["https:\/\/veteran.az\/wp-content\/uploads\/2021\/12\/1638777869_thumbs_b2_6e5ac7b321988ce27aa14d5a307e5f4a.jpg",954,636,false],"2048x2048":["https:\/\/veteran.az\/wp-content\/uploads\/2021\/12\/1638777869_thumbs_b2_6e5ac7b321988ce27aa14d5a307e5f4a.jpg",954,636,false],"covernews-slider-full":["https:\/\/veteran.az\/wp-content\/uploads\/2021\/12\/1638777869_thumbs_b2_6e5ac7b321988ce27aa14d5a307e5f4a.jpg",954,636,false],"covernews-slider-center":["https:\/\/veteran.az\/wp-content\/uploads\/2021\/12\/1638777869_thumbs_b2_6e5ac7b321988ce27aa14d5a307e5f4a-936x636.jpg",736,500,true],"covernews-featured":["https:\/\/veteran.az\/wp-content\/uploads\/2021\/12\/1638777869_thumbs_b2_6e5ac7b321988ce27aa14d5a307e5f4a.jpg",954,636,false],"covernews-medium":["https:\/\/veteran.az\/wp-content\/uploads\/2021\/12\/1638777869_thumbs_b2_6e5ac7b321988ce27aa14d5a307e5f4a-720x380.jpg",540,285,true],"covernews-medium-square":["https:\/\/veteran.az\/wp-content\/uploads\/2021\/12\/1638777869_thumbs_b2_6e5ac7b321988ce27aa14d5a307e5f4a-675x450.jpg",375,250,true]},"author_info":{"display_name":"Veteran.az","author_link":"https:\/\/veteran.az\/?author=3"},"category_info":"<a href=\"https:\/\/veteran.az\/?cat=10\" rel=\"category\">AVMV\u0130B<\/a>","tag_info":"AVMV\u0130B","comment_count":"0","_links":{"self":[{"href":"https:\/\/veteran.az\/index.php?rest_route=\/wp\/v2\/posts\/13992","targetHints":{"allow":["GET"]}}],"collection":[{"href":"https:\/\/veteran.az\/index.php?rest_route=\/wp\/v2\/posts"}],"about":[{"href":"https:\/\/veteran.az\/index.php?rest_route=\/wp\/v2\/types\/post"}],"author":[{"embeddable":true,"href":"https:\/\/veteran.az\/index.php?rest_route=\/wp\/v2\/users\/3"}],"replies":[{"embeddable":true,"href":"https:\/\/veteran.az\/index.php?rest_route=%2Fwp%2Fv2%2Fcomments&post=13992"}],"version-history":[{"count":1,"href":"https:\/\/veteran.az\/index.php?rest_route=\/wp\/v2\/posts\/13992\/revisions"}],"predecessor-version":[{"id":13994,"href":"https:\/\/veteran.az\/index.php?rest_route=\/wp\/v2\/posts\/13992\/revisions\/13994"}],"wp:featuredmedia":[{"embeddable":true,"href":"https:\/\/veteran.az\/index.php?rest_route=\/wp\/v2\/media\/13993"}],"wp:attachment":[{"href":"https:\/\/veteran.az\/index.php?rest_route=%2Fwp%2Fv2%2Fmedia&parent=13992"}],"wp:term":[{"taxonomy":"category","embeddable":true,"href":"https:\/\/veteran.az\/index.php?rest_route=%2Fwp%2Fv2%2Fcategories&post=13992"},{"taxonomy":"post_tag","embeddable":true,"href":"https:\/\/veteran.az\/index.php?rest_route=%2Fwp%2Fv2%2Ftags&post=13992"}],"curies":[{"name":"wp","href":"https:\/\/api.w.org\/{rel}","templated":true}]}}