{"id":13974,"date":"2021-12-20T02:00:04","date_gmt":"2021-12-19T22:00:04","guid":{"rendered":"http:\/\/veteran.az\/?p=13974"},"modified":"2021-12-20T02:00:05","modified_gmt":"2021-12-19T22:00:05","slug":"hamimiz-hikm%c9%99t-mirz%c9%99yevik-avmvib-b%c9%99yanat-yaydi","status":"publish","type":"post","link":"https:\/\/veteran.az\/?p=13974","title":{"rendered":"\u00abHAMIMIZ H\u0130KM\u018fT M\u0130RZ\u018fYEV\u0130K!\u00bb \u2014 AVMV\u0130B B\u018fYANAT YAYDI"},"content":{"rendered":"\n<p><strong>Az\u0259rbaycan V\u0259t\u0259n M\u00fcharib\u0259si Veteranlar\u0131 \u0130ctimai Birliyinin (AVMV\u0130B) \u0130dar\u0259 Hey\u0259ti \u00e7ox minlik veteranlar ordusu ad\u0131ndan b\u0259yanat ver\u0259r\u0259k, son vaxtlar m\u00fcharib\u0259 i\u015ftirak\u00e7\u0131lar\u0131na, m\u00fcharib\u0259nin q\u0259hr\u0259manlar\u0131na v\u0259 Ali Ba\u015f Komandan\u0131na qar\u015f\u0131 y\u00f6n\u0259lmi\u015f yalan, b\u00f6htan v\u0259 \u015f\u0259r kompaniyas\u0131ndan narahat\u0131\u011f\u0131n\u0131 bildirib v\u0259 bu xain add\u0131mlar\u0131 pisl\u0259yib.<\/strong><\/p>\n\n\n\n<p><br>B\u0259yanatda deyilir:<\/p>\n\n\n\n<p><br>\u2014 \u0130ll\u0259r boyu arzusunda oldu\u011fumuz Qaraba\u011f\u0131n d\u00fc\u015fm\u0259nd\u0259n azad edilm\u0259si b\u00f6y\u00fck bir tarixi hadis\u0259dir. Bu tarix g\u00f6zl\u0259rimiz \u00f6n\u00fcnd\u0259 v\u0259 bizl\u0259rin i\u015ftirak\u0131yla yaz\u0131ld\u0131. \u015eanl\u0131 tariximizi Ali Ba\u015f Komandan\u0131m\u0131z\u0131n r\u0259hb\u0259rliyi il\u0259 yazanlar\u0131n bu g\u00fcn h\u0259d\u0259f\u0259 g\u0259tirilm\u0259si m\u0259krli bir d\u00fc\u015fm\u0259n plan\u0131d\u0131r. Plan\u0131n icra\u00e7\u0131lar\u0131 daxild\u0259 \u00f6lk\u0259nin m\u00fcdafi\u0259 g\u00fcc\u00fcn\u00fc z\u0259ifl\u0259tm\u0259k, h\u0259rbi-v\u0259t\u0259np\u0259rv\u0259rli ruhunu z\u0259d\u0259l\u0259m\u0259k v\u0259 daxild\u0259 sosial partlay\u0131\u015fla xaos yaratmaq ist\u0259yini realla\u015fd\u0131rmaq yolunda add\u0131mlar atmaqdad\u0131r. Lakin bu h\u0259qiq\u0259ti xalq\u0131m\u0131z art\u0131q yax\u015f\u0131 d\u0259rk edir ki, \u015f\u0259hid nurlanm\u0131\u015f, d\u00f6y\u00fc\u015f\u00e7\u00fcl\u0259r is\u0259 \u015f\u0259r\u0259fl\u0259nmi\u015f \u0259sg\u0259rl\u0259rdi. Bunu d\u0259rk etm\u0259y\u0259n v\u0259 q\u0259bul etm\u0259y\u0259nl\u0259rin bizim xalqa aidiyyat\u0131 yoxdur. Q\u0259hr\u0259man \u0259sg\u0259r v\u0259 zabitl\u0259rimizin, d\u00f6y\u00fc\u015f\u00e7\u00fc generallar\u0131m\u0131z\u0131n \u0259leyhin\u0259 apar\u0131lan qarayaxma kompaniyas\u0131nda yer alm\u0131\u015f bu adamlar n\u0259 vaxtad\u0259k \u00f6lk\u0259mizin \u0259leyhin\u0259 i\u015f aparacaqlar?<\/p>\n\n\n\n<p><br>Qazan\u0131lm\u0131\u015f Z\u0259f\u0259rimizi h\u0259zm ed\u0259 bilm\u0259y\u0259n i\u00e7imizd\u0259ki xainl\u0259r v\u0259 onlar\u0131n xaricd\u0259ki uzant\u0131lar\u0131 g\u00fcnb\u0259g\u00fcn h\u0259yas\u0131zla\u015fmaqdad\u0131rlar. Onlar\u0131 b\u0259sl\u0259y\u0259nl\u0259rd\u0259n ald\u0131qlar\u0131 t\u0259limat \u00fczr\u0259 sosial \u015f\u0259b\u0259k\u0259l\u0259rd\u0259, K\u0130V -l\u0259rd\u0259 he\u00e7 bir informasiya t\u0259hl\u00fck\u0259sizliyi g\u00f6zl\u0259m\u0259d\u0259n qazil\u0259rimiz, \u015f\u0259hidl\u0259rimiz v\u0259 q\u0259hr\u0259manlar\u0131m\u0131z haqq\u0131nda yay\u0131lan yalan m\u0259lumatlar he\u00e7 d\u0259 t\u0259sad\u00fcfi say\u0131la bilm\u0259z. X\u00fcsus\u0259n d\u0259 44 g\u00fcnl\u00fck V\u0259t\u0259n m\u00fcharib\u0259sind\u0259 qazan\u0131lm\u0131\u015f Z\u0259f\u0259rd\u0259 \u00f6z \u015f\u0259r\u0259fli imzas\u0131n\u0131 qoymu\u015f Hikm\u0259t Mirz\u0259yev bar\u0259d\u0259 yalan informasiyan\u0131 yayanlar c\u0259zas\u0131z burax\u0131lmamal\u0131d\u0131r. \u00c7\u00fcnki bu \u00f6nc\u0259 x\u0259yan\u0259tdir v\u0259 jurnalist etikas\u0131na s\u0131\u011fmayan iyr\u0259nclikdir.<\/p>\n\n\n\n<p><br>84 minlik veteranlar ordusu ad\u0131ndan b\u0259yan edirik ki, i\u00e7imizd\u0259ki bu xainl\u0259r\u0259 qar\u015f\u0131 h\u0259r k\u0259s ay\u0131q olmal\u0131d\u0131r. He\u00e7 kim d\u00fc\u015fm\u0259nin biz\u0259 qar\u015f\u0131 apard\u0131\u011f\u0131 informasiya sava\u015f\u0131nda d\u00fc\u015fm\u0259n\u0259 al\u0259t olmamal\u0131d\u0131r. Biz bu c\u00fcr x\u0259yan\u0259tl\u0259ri h\u0259l\u0259 Birinci Qaraba\u011f m\u00fcharib\u0259sinin getdiyi g\u00fcnl\u0259rd\u0259 g\u00f6rm\u00fc\u015f\u00fck v\u0259 d\u00fc\u015fm\u0259nin bu \u00fcslubu bizl\u0259r\u0259 yax\u015f\u0131 tan\u0131\u015fd\u0131r.<\/p>\n\n\n\n<p><strong>M\u00fcharib\u0259 veteranlar\u0131 \u00abHAMIMIZ H\u0130KM\u018fT M\u0130RZ\u018fYEV\u0130K!\u00bb \u015f\u00fcar\u0131n\u0131 ir\u0259li s\u00fcr\u00fcbl\u0259r.<\/strong><\/p>\n\n\n\n<p><strong><br><span class=\"has-inline-color has-vivid-red-color\">\u00abHAMIMIZ H\u0130KM\u018fT M\u0130RZ\u018fYEV\u0130K!\u00bb<\/span><\/strong><\/p>\n\n\n\n<p><strong><br>Az\u0259rbaycan\u0131n \u015eanl\u0131 ordusuna, \u015eanl\u0131 Ali Ba\u015f Komandan\u0131na v\u0259 Q\u0259hr\u0259man komandirl\u0259rimiz\u0259 e\u015fq olsun!<\/strong><\/p>\n\n\n\n<p><strong>Az\u0259rbaycan V\u0259t\u0259n M\u00fcharib\u0259si Veteranlar\u0131 \u0130ctimai Birliyinin (AVMV\u0130B)<\/strong>&nbsp;<strong>\u0130dar\u0259 Hey\u0259ti<\/strong><\/p>\n","protected":false},"excerpt":{"rendered":"<p>Az\u0259rbaycan V\u0259t\u0259n M\u00fcharib\u0259si Veteranlar\u0131 \u0130ctimai Birliyinin (AVMV\u0130B) \u0130dar\u0259 Hey\u0259ti \u00e7ox minlik veteranlar ordusu ad\u0131ndan b\u0259yanat&#8230;<\/p>\n","protected":false},"author":3,"featured_media":0,"comment_status":"closed","ping_status":"closed","sticky":false,"template":"","format":"standard","meta":{"footnotes":""},"categories":[6],"tags":[],"class_list":["post-13974","post","type-post","status-publish","format-standard","hentry","category-cmiyyt"],"featured_image_urls":{"full":"","thumbnail":"","medium":"","medium_large":"","large":"","1536x1536":"","2048x2048":"","covernews-slider-full":"","covernews-slider-center":"","covernews-featured":"","covernews-medium":"","covernews-medium-square":""},"author_info":{"display_name":"Veteran.az","author_link":"https:\/\/veteran.az\/?author=3"},"category_info":"<a href=\"https:\/\/veteran.az\/?cat=6\" rel=\"category\">C\u0259miyy\u0259t<\/a>","tag_info":"C\u0259miyy\u0259t","comment_count":"0","_links":{"self":[{"href":"https:\/\/veteran.az\/index.php?rest_route=\/wp\/v2\/posts\/13974","targetHints":{"allow":["GET"]}}],"collection":[{"href":"https:\/\/veteran.az\/index.php?rest_route=\/wp\/v2\/posts"}],"about":[{"href":"https:\/\/veteran.az\/index.php?rest_route=\/wp\/v2\/types\/post"}],"author":[{"embeddable":true,"href":"https:\/\/veteran.az\/index.php?rest_route=\/wp\/v2\/users\/3"}],"replies":[{"embeddable":true,"href":"https:\/\/veteran.az\/index.php?rest_route=%2Fwp%2Fv2%2Fcomments&post=13974"}],"version-history":[{"count":1,"href":"https:\/\/veteran.az\/index.php?rest_route=\/wp\/v2\/posts\/13974\/revisions"}],"predecessor-version":[{"id":13976,"href":"https:\/\/veteran.az\/index.php?rest_route=\/wp\/v2\/posts\/13974\/revisions\/13976"}],"wp:attachment":[{"href":"https:\/\/veteran.az\/index.php?rest_route=%2Fwp%2Fv2%2Fmedia&parent=13974"}],"wp:term":[{"taxonomy":"category","embeddable":true,"href":"https:\/\/veteran.az\/index.php?rest_route=%2Fwp%2Fv2%2Fcategories&post=13974"},{"taxonomy":"post_tag","embeddable":true,"href":"https:\/\/veteran.az\/index.php?rest_route=%2Fwp%2Fv2%2Ftags&post=13974"}],"curies":[{"name":"wp","href":"https:\/\/api.w.org\/{rel}","templated":true}]}}