{"id":13967,"date":"2021-12-20T01:43:28","date_gmt":"2021-12-19T21:43:28","guid":{"rendered":"http:\/\/veteran.az\/?p=13967"},"modified":"2021-12-20T01:43:30","modified_gmt":"2021-12-19T21:43:30","slug":"libaridyan-ir%c9%99vanda-ankaranin-s%c9%99rtl%c9%99ri-q%c9%99bul-edilir","status":"publish","type":"post","link":"https:\/\/veteran.az\/?p=13967","title":{"rendered":"Libaridyan \u0130r\u0259vanda: Ankaran\u0131n \u015f\u0259rtl\u0259ri q\u0259bul edilir?"},"content":{"rendered":"\n<p><strong>Onun hakim fraksiya il\u0259 g\u00f6r\u00fc\u015fm\u0259si T\u00fcrkiy\u0259nin ilkin \u015f\u0259rtl\u0259rinin Erm\u0259nistan \u00fc\u00e7\u00fcn m\u0259qbul oldu\u011funa dair mesajd\u0131r.<\/strong><\/p>\n\n\n\n<p>Bunu \u201cErm\u0259nistan\u201d fraksiyas\u0131n\u0131n deputat\u0131 Andranik Tevanyan hakim partiyan\u0131n deputatlar\u0131n\u0131n Erm\u0259nistan\u0131n eks-prezidenti Levon Ter-Petrosyan\u0131n ke\u00e7mi\u015f ba\u015f m\u00fc\u015faviri olan Jirayr Libaridyanla g\u00f6r\u00fc\u015f\u00fc haqda m\u0259lumatlar\u0131 \u015f\u0259rh ed\u0259rk\u0259n deyib.<\/p>\n\n\n\n<p>\u201cLibaridyan a\u00e7\u0131q \u015f\u0259kild\u0259 b\u0259yan edib ki, T\u00fcrkiy\u0259nin b\u00fct\u00fcn ilkin \u015f\u0259rtl\u0259ri &#8212; Da\u011fl\u0131q Qaraba\u011f\u0131n Az\u0259rbaycan\u0131n bir hiss\u0259si kimi tan\u0131nmas\u0131, erm\u0259ni soyq\u0131r\u0131m\u0131n\u0131n beyn\u0259lxalq s\u0259viyy\u0259d\u0259 tan\u0131nmas\u0131n\u0131n d\u00f6vl\u0259t s\u0259viyy\u0259sind\u0259 r\u0259dd edilm\u0259si, Z\u0259ng\u0259zur d\u0259hlizinin Az\u0259rbaycana verilm\u0259si \u0130r\u0259van t\u0259r\u0259find\u0259n t\u0259min edilm\u0259lidir\u201d, &#8212; Tevanyan vur\u011fulay\u0131b.<ins><\/ins><\/p>\n\n\n\n<p>Qeyd ed\u0259k ki, erm\u0259ni medias\u0131nda 76 ya\u015fl\u0131 siyas\u0259t\u00e7inin M\u00fclki M\u00fcqavil\u0259 fraksiyas\u0131 il\u0259 g\u00f6r\u00fc\u015fd\u0259 bu t\u0259klifl\u0259ri ir\u0259li s\u00fcrd\u00fcy\u00fc bildirilmi\u015fdi.<\/p>\n","protected":false},"excerpt":{"rendered":"<p>Onun hakim fraksiya il\u0259 g\u00f6r\u00fc\u015fm\u0259si T\u00fcrkiy\u0259nin ilkin \u015f\u0259rtl\u0259rinin Erm\u0259nistan \u00fc\u00e7\u00fcn m\u0259qbul oldu\u011funa dair mesajd\u0131r. Bunu&#8230;<\/p>\n","protected":false},"author":3,"featured_media":0,"comment_status":"closed","ping_status":"closed","sticky":false,"template":"","format":"standard","meta":{"footnotes":""},"categories":[7],"tags":[],"class_list":["post-13967","post","type-post","status-publish","format-standard","hentry","category-dunya"],"featured_image_urls":{"full":"","thumbnail":"","medium":"","medium_large":"","large":"","1536x1536":"","2048x2048":"","covernews-slider-full":"","covernews-slider-center":"","covernews-featured":"","covernews-medium":"","covernews-medium-square":""},"author_info":{"display_name":"Veteran.az","author_link":"https:\/\/veteran.az\/?author=3"},"category_info":"<a href=\"https:\/\/veteran.az\/?cat=7\" rel=\"category\">D\u00fcnya<\/a>","tag_info":"D\u00fcnya","comment_count":"0","_links":{"self":[{"href":"https:\/\/veteran.az\/index.php?rest_route=\/wp\/v2\/posts\/13967","targetHints":{"allow":["GET"]}}],"collection":[{"href":"https:\/\/veteran.az\/index.php?rest_route=\/wp\/v2\/posts"}],"about":[{"href":"https:\/\/veteran.az\/index.php?rest_route=\/wp\/v2\/types\/post"}],"author":[{"embeddable":true,"href":"https:\/\/veteran.az\/index.php?rest_route=\/wp\/v2\/users\/3"}],"replies":[{"embeddable":true,"href":"https:\/\/veteran.az\/index.php?rest_route=%2Fwp%2Fv2%2Fcomments&post=13967"}],"version-history":[{"count":1,"href":"https:\/\/veteran.az\/index.php?rest_route=\/wp\/v2\/posts\/13967\/revisions"}],"predecessor-version":[{"id":13969,"href":"https:\/\/veteran.az\/index.php?rest_route=\/wp\/v2\/posts\/13967\/revisions\/13969"}],"wp:attachment":[{"href":"https:\/\/veteran.az\/index.php?rest_route=%2Fwp%2Fv2%2Fmedia&parent=13967"}],"wp:term":[{"taxonomy":"category","embeddable":true,"href":"https:\/\/veteran.az\/index.php?rest_route=%2Fwp%2Fv2%2Fcategories&post=13967"},{"taxonomy":"post_tag","embeddable":true,"href":"https:\/\/veteran.az\/index.php?rest_route=%2Fwp%2Fv2%2Ftags&post=13967"}],"curies":[{"name":"wp","href":"https:\/\/api.w.org\/{rel}","templated":true}]}}