{"id":13941,"date":"2021-12-17T14:35:37","date_gmt":"2021-12-17T10:35:37","guid":{"rendered":"http:\/\/veteran.az\/?p=13941"},"modified":"2021-12-17T14:35:38","modified_gmt":"2021-12-17T10:35:38","slug":"general-mayor-oz-ist%c9%99yi-il%c9%99-ordu-siralarindan-ehtiyata-buraxilib","status":"publish","type":"post","link":"https:\/\/veteran.az\/?p=13941","title":{"rendered":"General-mayor \u00f6z ist\u0259yi il\u0259 ordu s\u0131ralar\u0131ndan ehtiyata burax\u0131l\u0131b"},"content":{"rendered":"\n<p><strong>Az\u0259rbaycan Ordusunun \u00dc\u00e7\u00fcnc\u00fc Ordu Korpusnun komandan\u0131 general-mayor M\u00fcbariz Rzayev v\u0259zif\u0259sind\u0259n azad olunub.<br><\/strong><br><strong>General-mayor \u00f6z ist\u0259yi il\u0259 ordu s\u0131ralar\u0131ndan ehtiyata burax\u0131l\u0131b.<br><\/strong><br>Qeyd ed\u0259k ki, M.Rzayev 1968-ci il may\u0131n 20-d\u0259 L\u0259nk\u0259ran \u015f\u0259h\u0259rind\u0259 anadan olub. O, V\u0259t\u0259n m\u00fcharib\u0259sinin komandanlar\u0131ndan biri olub, C\u0259bray\u0131l, Xocav\u0259nd, Z\u0259ngilan v\u0259 Qubadl\u0131 rayonunlar\u0131n\u0131n i\u015f\u011faldan azad edilm\u0259si u\u011frunda apar\u0131lan d\u00f6y\u00fc\u015f \u0259m\u0259liyyatlar\u0131nda i\u015ftirak edib.<\/p>\n\n\n\n<p>M.Rzayev 44 g\u00fcnl\u00fck V\u0259t\u0259n m\u00fcharib\u0259sind\u0259 \u015f\u0259xsi igidliyi v\u0259 \u015f\u00fcca\u0259ti n\u00fcmayi\u015f etdirdiyin\u0259 g\u00f6r\u0259 Prezident \u0130lham \u018fliyevin m\u00fcvafiq s\u0259r\u0259ncamlar\u0131 il\u0259 &#171;C\u0259bray\u0131l\u0131n azad olunmas\u0131na g\u00f6r\u0259&#187;, &#171;Xocav\u0259ndin azad olunmas\u0131na g\u00f6r\u0259&#187;, &#171;Z\u0259ngilan\u0131n azad olunmas\u0131na g\u00f6r\u0259&#187; v\u0259 &#171;Qubadl\u0131n\u0131n azad olunmas\u0131na g\u00f6r\u0259&#187; medallar\u0131 il\u0259 t\u0259ltif edilib.<\/p>\n\n\n\n<p>O, 2021-ci il mart\u0131nda Az\u0259rbaycan Ordusunun \u00dc\u00e7\u00fcnc\u00fc Ordu Korpusnun komandan\u0131 t\u0259yin olunmu\u015fdu.<\/p>\n","protected":false},"excerpt":{"rendered":"<p>Az\u0259rbaycan Ordusunun \u00dc\u00e7\u00fcnc\u00fc Ordu Korpusnun komandan\u0131 general-mayor M\u00fcbariz Rzayev v\u0259zif\u0259sind\u0259n azad olunub.General-mayor \u00f6z ist\u0259yi il\u0259&#8230;<\/p>\n","protected":false},"author":3,"featured_media":0,"comment_status":"closed","ping_status":"closed","sticky":false,"template":"","format":"standard","meta":{"footnotes":""},"categories":[6],"tags":[],"class_list":["post-13941","post","type-post","status-publish","format-standard","hentry","category-cmiyyt"],"featured_image_urls":{"full":"","thumbnail":"","medium":"","medium_large":"","large":"","1536x1536":"","2048x2048":"","covernews-slider-full":"","covernews-slider-center":"","covernews-featured":"","covernews-medium":"","covernews-medium-square":""},"author_info":{"display_name":"Veteran.az","author_link":"https:\/\/veteran.az\/?author=3"},"category_info":"<a href=\"https:\/\/veteran.az\/?cat=6\" rel=\"category\">C\u0259miyy\u0259t<\/a>","tag_info":"C\u0259miyy\u0259t","comment_count":"0","_links":{"self":[{"href":"https:\/\/veteran.az\/index.php?rest_route=\/wp\/v2\/posts\/13941","targetHints":{"allow":["GET"]}}],"collection":[{"href":"https:\/\/veteran.az\/index.php?rest_route=\/wp\/v2\/posts"}],"about":[{"href":"https:\/\/veteran.az\/index.php?rest_route=\/wp\/v2\/types\/post"}],"author":[{"embeddable":true,"href":"https:\/\/veteran.az\/index.php?rest_route=\/wp\/v2\/users\/3"}],"replies":[{"embeddable":true,"href":"https:\/\/veteran.az\/index.php?rest_route=%2Fwp%2Fv2%2Fcomments&post=13941"}],"version-history":[{"count":1,"href":"https:\/\/veteran.az\/index.php?rest_route=\/wp\/v2\/posts\/13941\/revisions"}],"predecessor-version":[{"id":13943,"href":"https:\/\/veteran.az\/index.php?rest_route=\/wp\/v2\/posts\/13941\/revisions\/13943"}],"wp:attachment":[{"href":"https:\/\/veteran.az\/index.php?rest_route=%2Fwp%2Fv2%2Fmedia&parent=13941"}],"wp:term":[{"taxonomy":"category","embeddable":true,"href":"https:\/\/veteran.az\/index.php?rest_route=%2Fwp%2Fv2%2Fcategories&post=13941"},{"taxonomy":"post_tag","embeddable":true,"href":"https:\/\/veteran.az\/index.php?rest_route=%2Fwp%2Fv2%2Ftags&post=13941"}],"curies":[{"name":"wp","href":"https:\/\/api.w.org\/{rel}","templated":true}]}}