{"id":13937,"date":"2021-12-17T13:55:02","date_gmt":"2021-12-17T09:55:02","guid":{"rendered":"http:\/\/veteran.az\/?p=13937"},"modified":"2021-12-17T13:55:03","modified_gmt":"2021-12-17T09:55:03","slug":"medianin-inkisafinda-yeni-m%c9%99rh%c9%99l%c9%99nin-baslamasi-h%c9%99m-zamanin-h%c9%99m-d%c9%99-formalasmis-yeni-realligin-t%c9%99l%c9%99bidir","status":"publish","type":"post","link":"https:\/\/veteran.az\/?p=13937","title":{"rendered":"Median\u0131n inki\u015faf\u0131nda yeni m\u0259rh\u0259l\u0259nin ba\u015flamas\u0131, h\u0259m zaman\u0131n, h\u0259m d\u0259, formala\u015fm\u0131\u015f yeni reall\u0131\u011f\u0131n t\u0259l\u0259bidir!.."},"content":{"rendered":"\n<div class=\"wp-block-media-text alignwide is-stacked-on-mobile\" style=\"grid-template-columns:43% auto\"><figure class=\"wp-block-media-text__media\"><img decoding=\"async\" src=\"http:\/\/veteran.az\/wp-content\/uploads\/2021\/12\/I65.jpg\" alt=\"\" class=\"wp-image-13938 size-full\"\/><\/figure><div class=\"wp-block-media-text__content\">\n<p class=\"has-large-font-size\"><strong>M\u00fc\u015ffiq \u018fliyev<\/strong><\/p>\n\n\n\n<p><em><strong>Az\u0259rbaycan Respublikas\u0131 \u015e\u0259hid Ail\u0259l\u0259rin\u0259 \u201cQay\u011f\u0131\u201d C\u0259miyy\u0259tinin s\u0259dri,&nbsp;Az\u0259rbaycan V\u0259t\u0259n M\u00fcharib\u0259si Veteranlar\u0131 \u0130ctimai Birliyi S\u0259drinin humanitar m\u0259s\u0259l\u0259l\u0259r \u00fczr\u0259 s\u0259lahiyy\u0259tli n\u00fcmay\u0259nd\u0259si&nbsp;<\/strong><\/em><\/p>\n\n\n\n<p><strong>X\u018fZ\u018fR RAYON SAK\u0130N\u0130<\/strong><\/p>\n<\/div><\/div>\n\n\n\n<p><strong>M\u0259lum oldu\u011fu kimi, \u00f6lk\u0259d\u0259 median\u0131n inki\u015faf\u0131na xidm\u0259t ed\u0259n \u00f6n\u0259mli t\u0259\u015f\u0259bb\u00fcs ir\u0259li s\u00fcr\u00fclm\u00fc\u015fd\u00fcr. Tarixi q\u0259l\u0259b\u0259mizl\u0259 yekunla\u015fan V\u0259t\u0259n m\u00fcharib\u0259sinin ba\u015fa \u00e7atmas\u0131ndan q\u0131sa m\u00fcdd\u0259t sonra Az\u0259rbaycan Respublikas\u0131n\u0131n Prezidenti t\u0259r\u0259find\u0259n \u201cAz\u0259rbaycan Respublikas\u0131nda media sah\u0259sind\u0259 islahatlar\u0131n d\u0259rinl\u0259\u015fdirilm\u0259si haqq\u0131nda\u201d F\u0259rman\u0131n imzalanmas\u0131, Median\u0131n \u0130nki\u015faf\u0131 Agentliyinin yarad\u0131lmas\u0131 v\u0259 \u201cMedia haqq\u0131nda\u201d qanun layih\u0259sinin haz\u0131rlanmas\u0131 bar\u0259d\u0259 tap\u015f\u0131r\u0131\u011f\u0131n verilm\u0259si milli informasiya m\u0259kan\u0131nda davaml\u0131 inki\u015fafa nail olunmas\u0131n\u0131n d\u00f6vl\u0259t \u00fc\u00e7\u00fcn prioritet t\u0259\u015fkil etm\u0259sinin g\u00f6st\u0259ricisidir. <\/strong><\/p>\n\n\n\n<p>Media islahatlar\u0131 v\u0259 onun \u0259sas t\u0259rkib hiss\u0259si olan \u201cMedia haqq\u0131nda\u201d qanun layih\u0259sinin haz\u0131rlanmas\u0131 d\u00f6vl\u0259tin siyasi irad\u0259sini t\u0259c\u0259ss\u00fcm etdirir. \u201cMedia haqq\u0131nda\u201d qanun Az\u0259rbaycan medias\u0131n\u0131n inki\u015faf\u0131 \u00fc\u00e7\u00fcn yeni imkanlar v\u0259 yeni m\u0259rh\u0259l\u0259 dem\u0259kdir. Qanun layih\u0259sinin mahiyy\u0259ti v\u0259 h\u0259ssasl\u0131\u011f\u0131 n\u0259z\u0259r\u0259 al\u0131nmaqla, layih\u0259nin haz\u0131rlanmas\u0131 prosesind\u0259 \u00e7oxsayl\u0131 media n\u00fcmay\u0259nd\u0259l\u0259ri v\u0259 ekspertl\u0259ri il\u0259 fikir m\u00fcbadil\u0259si apar\u0131lm\u0131\u015f, 800-y\u0259 yax\u0131n media subyekti, jurnalist v\u0259 ekspertl\u0259 layih\u0259nin m\u00fczakir\u0259si t\u0259\u015fkil olunmu\u015fdur. 1999-cu ild\u0259 q\u0259bul olunmu\u015f v\u0259 haz\u0131rda q\u00fcvv\u0259d\u0259 olan \u201cK\u00fctl\u0259vi informasiya vasit\u0259l\u0259ri haqq\u0131nda\u201d qanun bu g\u00fcn\u0259 kimi 79 d\u0259f\u0259 d\u0259yi\u015fdirilib v\u0259 m\u00fcasir \u00e7a\u011f\u0131r\u0131\u015flarla uzla\u015fm\u0131r. Yeni imkanlar yaradan qanun layih\u0259si, media subyektl\u0259rinin d\u0259qiq t\u0259snifat\u0131n\u0131 verir v\u0259 eyni zamanda jurnalistin sosial portretini m\u00fc\u0259yy\u0259nl\u0259\u015fdir\u0259n vasit\u0259 kimi \u00e7\u0131x\u0131\u015f edir. Qanun sosial \u015f\u0259b\u0259k\u0259l\u0259rin v\u0259 blogerl\u0259rin f\u0259aliyy\u0259tini t\u0259nziml\u0259mir. H\u0259m\u00e7inin, \u201cv\u0259t\u0259nda\u015f jurnalistikas\u0131\u201d adland\u0131r\u0131lan v\u0259 pe\u015f\u0259 olaraq deyil, hobbi olaraq h\u0259yata ke\u00e7iril\u0259n f\u0259aliyy\u0259t bu Qanunun t\u0259sir dair\u0259sin\u0259 daxil deyil.\u00a0 \u0130nternet televiziyalar\u0131n lisenziya almaq \u00fc\u00e7\u00fcn m\u00fcraci\u0259t etm\u0259si m\u0259cburi xarakter da\u015f\u0131m\u0131r. Lisenziya almayan internet televiziyalar \u00f6z f\u0259aliyy\u0259tl\u0259rini mane\u0259siz davam etdir\u0259 bil\u0259c\u0259kl\u0259r. \u00c7ap medias\u0131 v\u0259 onlayn media subyektinin t\u0259sis edilm\u0259si \u00fc\u00e7\u00fcn d\u00f6vl\u0259t orqanlar\u0131ndan (qurumlar\u0131ndan) icaz\u0259 t\u0259l\u0259b olunmur. Media sah\u0259sind\u0259 m\u00fcnasib\u0259tl\u0259rin t\u0259nziml\u0259nm\u0259sin\u0259 xidm\u0259t ed\u0259n bu t\u0259\u015f\u0259bb\u00fcs t\u0259qdir\u0259layiqdir. \u201cMedia haqq\u0131nda\u201d qanun layih\u0259si d\u00f6vl\u0259t-media m\u00fcnasib\u0259tl\u0259rind\u0259 \u0259sas elemetl\u0259rd\u0259n biri kimi h\u00fcquqi m\u0259nz\u0259r\u0259nin d\u0259qiql\u0259\u015fm\u0259sin\u0259 \u00f6z t\u00f6hf\u0259sini ver\u0259c\u0259kdir. Qanun jurnalistika pe\u015f\u0259sinin ciddi mahiyy\u0259t qazanmas\u0131na t\u0259kan ver\u0259c\u0259k, ictimaiyy\u0259td\u0259 jurnalistikaya v\u0259 jurnalistl\u0259r\u0259 qar\u015f\u0131 formala\u015fm\u0131\u015f neqativ t\u0259s\u0259vv\u00fcrl\u0259rin aradan qald\u0131r\u0131lmas\u0131na \u015f\u0259rait yaradacaq, ictimaiyy\u0259t v\u0259 media aras\u0131nda qar\u015f\u0131l\u0131ql\u0131 etimad\u0131n g\u00fccl\u0259nm\u0259sini t\u0259min ed\u0259c\u0259kdir. <\/p>\n\n\n\n<p>\u00c7ap medias\u0131 subyektl\u0259rinin f\u0259aliyy\u0259t\u0259 ba\u015flamazdan \u0259vv\u0259l bu bar\u0259d\u0259 m\u0259lumat verm\u0259si yeni bir prosedur deyil v\u0259 art\u0131q bu istiqam\u0259td\u0259 \u00e7oxillik t\u0259cr\u00fcb\u0259 m\u00f6vcuddur. Sad\u0259c\u0259 haz\u0131rda bu m\u0259lumatlar\u0131n sisteml\u0259\u015fdirilm\u0259si, m\u00fcvafiq yana\u015fman\u0131n onlayn media subyektl\u0259rin\u0259 d\u0259 t\u0259tbiq olunmas\u0131 v\u0259 sisteml\u0259\u015fdirilmi\u015f m\u0259lumatlar bazas\u0131n\u0131n Media Reyestri adland\u0131r\u0131lmas\u0131 n\u0259z\u0259rd\u0259 tutulmu\u015fdur. Media Reyestrinin m\u0259qs\u0259di media subyektl\u0259rinin say\u0131n\u0131n m\u00fc\u0259yy\u0259nl\u0259\u015fdirilm\u0259si, bununla da media subyektl\u0259rinin v\u0259 onlar\u0131n i\u015f\u00e7il\u0259rinin h\u00fcquqlar\u0131n\u0131n m\u00fcdafi\u0259si mexanizminin formala\u015fd\u0131r\u0131lmas\u0131, akkreditasiya prosedurunun daha s\u00fcr\u0259tli v\u0259 s\u0259m\u0259r\u0259li h\u0259yata ke\u00e7irilm\u0259sinin t\u0259min edilm\u0259si, bu sah\u0259d\u0259 f\u0259aliyy\u0259tin stimulla\u015fd\u0131r\u0131lmas\u0131d\u0131r. Bu, h\u0259m d\u0259, m\u00fcasir d\u00f6vr\u00fcn \u00e7a\u011f\u0131r\u0131\u015flar\u0131na uy\u011funla\u015fd\u0131r\u0131lm\u0131\u015f t\u0259cr\u00fcb\u0259dir. Media Reyestrin\u0259 daxil edilm\u0259k \u00fc\u00e7\u00fcn t\u0259l\u0259b olunan m\u0259lumatlar mahiyy\u0259t etibar\u0131 il\u0259 m\u0259tbu n\u0259\u015frl\u0259rin u\u00e7otu zaman\u0131 t\u0259l\u0259b olunan m\u0259lumatlard\u0131r, sad\u0259c\u0259 m\u00fcasir d\u00f6vr\u00fcn \u00e7a\u011f\u0131r\u0131\u015flar\u0131na uy\u011funla\u015fd\u0131r\u0131lm\u0131\u015fd\u0131r. Onsuz da bu m\u0259lumatlar v\u0259 s\u0259n\u0259dl\u0259r media subyektl\u0259rind\u0259 m\u00f6vcuddur, reyestr sad\u0259c\u0259 onlar\u0131 vahid bazada toplay\u0131r v\u0259 p\u0259rak\u0259nd\u0259liyin qar\u015f\u0131s\u0131n\u0131 al\u0131r. \u00c7\u00fcnki da\u011f\u0131n\u0131q v\u0259 s\u0259p\u0259l\u0259nmi\u015f m\u0259lumatlar median\u0131n inki\u015faf\u0131na d\u0259st\u0259k layih\u0259l\u0259rinin h\u0259yata ke\u00e7irilm\u0259sin\u0259 v\u0259 bu istiqam\u0259td\u0259 s\u0259m\u0259r\u0259li f\u0259aliyy\u0259tin t\u0259\u015fkil edilm\u0259sin\u0259 mane olur. Media Reyestrin\u0259 daxil edilmi\u015f jurnalistl\u0259r\u0259 vahid jurnalist v\u0259siq\u0259sinin t\u0259qdim olunmas\u0131 k\u00f6n\u00fcll\u00fcl\u00fck prinsipi \u0259sas\u0131nda h\u0259yata ke\u00e7irils\u0259 d\u0259, media m\u00fchitinin sa\u011flamla\u015fmas\u0131na m\u00fcsb\u0259t t\u0259sir g\u00f6st\u0259r\u0259c\u0259kdir.<\/p>\n\n\n\n<p> Median\u0131n \u0130nki\u015faf\u0131 Agentliyi t\u0259r\u0259find\u0259n veril\u0259c\u0259k jurnalist v\u0259siq\u0259si olmasa da, \u015f\u0259xs jurnalist kimi f\u0259aliyy\u0259t g\u00f6st\u0259r\u0259 bil\u0259r. Media subyektl\u0259ri onlarla i\u015fl\u0259y\u0259n jurnalistl\u0259r\u0259 \u00f6zl\u0259rin\u0259 m\u0259xsus v\u0259siq\u0259l\u0259ri verm\u0259kd\u0259 tam s\u0259rb\u0259stdirl\u0259r. Bu t\u0259\u015f\u0259bb\u00fcs, h\u0259m d\u0259, statusdan sui-istifad\u0259 hallar\u0131n qar\u015f\u0131s\u0131n\u0131 alacaq qanunverici bir t\u0259\u015f\u0259bb\u00fcsd\u00fcr. T\u0259l\u0259b olunan r\u0259smi m\u0259lumat\u0131n m\u0259qs\u0259di h\u0259m media subyektl\u0259rinin, h\u0259m d\u0259 jurnalistl\u0259rinin f\u0259aliyy\u0259tinin daha s\u0259m\u0259r\u0259li t\u0259\u015fkilini v\u0259 onlar\u0131n h\u00fcquqlar\u0131n\u0131n \u0259n y\u00fcks\u0259k s\u0259viyy\u0259d\u0259 m\u00fcdafi\u0259sini t\u0259min etm\u0259k, he\u00e7 bir qanuni \u0259sas olmadan \u00f6z\u00fcn\u00fc media subyekti v\u0259 ya jurnalist kimi t\u0259qdim ed\u0259n v\u0259 qeyd olunan statusdan sui-istifad\u0259 ed\u0259n \u015f\u0259xsl\u0259rin f\u0259aliyy\u0259tinin qar\u015f\u0131s\u0131n\u0131 almaqd\u0131r. Bel\u0259likl\u0259 d\u0259, keyfiyy\u0259tli x\u0259b\u0259r istehsal\u0131 prosesi t\u0259nziml\u0259nmi\u015f olacaqd\u0131r. Media Reyestrinin apar\u0131lmas\u0131 n\u0259tic\u0259sind\u0259 keyfiyy\u0259tli x\u0259b\u0259r istehsal\u0131n\u0131 t\u0259min etm\u0259k, bu sah\u0259d\u0259 stimulla\u015fd\u0131r\u0131c\u0131 t\u0259dbirl\u0259ri h\u0259yata ke\u00e7irm\u0259k m\u00fcmk\u00fcn olacaq, k\u00fctl\u0259vi informasiyan\u0131n \u0259ld\u0259 olunmas\u0131, \u00f6t\u00fcr\u00fclm\u0259si, istehsal\u0131 v\u0259 yay\u0131m\u0131 f\u0259aliyy\u0259tini t\u0259sad\u00fcfi v\u0259 qeyri-m\u00fcnt\u0259z\u0259m \u015f\u0259kild\u0259 h\u0259yata ke\u00e7ir\u0259n, \u0259sas istiqam\u0259ti media sah\u0259sind\u0259 f\u0259aliyy\u0259tin h\u0259yata ke\u00e7irilm\u0259si olmayan subyektl\u0259r media subyekti hesab edilm\u0259y\u0259c\u0259kdir. Bel\u0259likl\u0259, g\u00fcz\u0259\u015ft v\u0259 imtiyazlar\u0131n t\u0259tbiq oluna bil\u0259c\u0259yi media subyektl\u0259rinin v\u0259 jurnalistl\u0259rin dair\u0259si m\u00fc\u0259yy\u0259nl\u0259\u015f\u0259c\u0259k, bu istiqam\u0259td\u0259ki f\u0259aliyy\u0259tin h\u0259cmi v\u0259 \u0259hat\u0259 dair\u0259si planla\u015fd\u0131r\u0131lacaqd\u0131r. M\u00fc\u0259llif h\u00fcquqlar\u0131n\u0131n qorunmas\u0131na xidm\u0259t ed\u0259n t\u0259\u015f\u0259bb\u00fcs, informasiyaya dair t\u0259l\u0259bl\u0259rin m\u00fc\u0259yy\u0259nl\u0259\u015fdirilm\u0259si, eyni zamanda ciddi median\u0131n yaral\u0131 yeri olan m\u00fc\u0259llif h\u00fcquqlar\u0131n\u0131n qorunmas\u0131na h\u00fcquqi t\u0259minat\u0131n verilm\u0259si media subyektl\u0259ri aras\u0131nda sa\u011flam r\u0259qab\u0259t m\u00fchiti formala\u015fd\u0131racaqd\u0131r. <\/p>\n\n\n\n<p>Media subyektl\u0259rinin istehsal etdikl\u0259ri m\u0259hsullar \u00fcz\u0259rind\u0259ki m\u00fc\u0259lliflik h\u00fcquqlar\u0131n\u0131n qorunmas\u0131 t\u0259min edil\u0259c\u0259k, media subyektl\u0259rinin bir-birl\u0259rind\u0259n x\u0259b\u0259r \u201co\u011furlamaq\u201d v\u0259rdi\u015fl\u0259ri aradan qald\u0131r\u0131lacaq, x\u0259b\u0259r u\u011frunda m\u00fcbariz\u0259 v\u0259 x\u0259b\u0259r yaratmaq bacar\u0131qlar\u0131n\u0131n inki\u015faf\u0131 t\u0259\u015fviq edil\u0259c\u0259kdir. Layih\u0259d\u0259 t\u0259sbit olunan \u201cjurnalist\u201d anlay\u0131\u015f\u0131 xidm\u0259ti m\u00fcqavil\u0259 \u0259sas\u0131nda i\u015fl\u0259y\u0259n jurnalistl\u0259ri d\u0259 \u0259hat\u0259 etmi\u015fdir. Bu t\u0259\u015f\u0259bb\u00fcs, media sah\u0259sind\u0259 daha effektiv f\u0259aliyy\u0259tin t\u0259\u015fkili \u00fc\u00e7\u00fcn \u0259lav\u0259 imkanlar yaradacaqd\u0131r. Qanun layih\u0259sind\u0259 n\u0259z\u0259rd\u0259 tutulan m\u00fcdd\u0259alar informasiya m\u00fchitinin millil\u0259\u015fdirilm\u0259sini v\u0259 daxili informasiya m\u0259kan\u0131n\u0131n t\u0259hl\u00fck\u0259sizliyini t\u0259min etm\u0259y\u0259, milli media m\u0259hsulunun istehsal\u0131n\u0131 stimulla\u015fd\u0131rma\u011fa, yerli median\u0131n inki\u015faf\u0131na t\u0259kan verm\u0259y\u0259, n\u0259tic\u0259 etibar\u0131 il\u0259 Az\u0259rbaycan h\u0259qiq\u0259tl\u0259rinin d\u00fcnya ictimaiyy\u0259tin\u0259 \u00e7atd\u0131r\u0131lmas\u0131na daha geni\u015f \u015f\u0259rait yaradacaqd\u0131r.<\/p>\n","protected":false},"excerpt":{"rendered":"<p>M\u00fc\u015ffiq \u018fliyev Az\u0259rbaycan Respublikas\u0131 \u015e\u0259hid Ail\u0259l\u0259rin\u0259 \u201cQay\u011f\u0131\u201d C\u0259miyy\u0259tinin s\u0259dri,&nbsp;Az\u0259rbaycan V\u0259t\u0259n M\u00fcharib\u0259si Veteranlar\u0131 \u0130ctimai Birliyi S\u0259drinin&#8230;<\/p>\n","protected":false},"author":3,"featured_media":13939,"comment_status":"closed","ping_status":"closed","sticky":false,"template":"","format":"standard","meta":{"footnotes":""},"categories":[6],"tags":[],"class_list":["post-13937","post","type-post","status-publish","format-standard","has-post-thumbnail","hentry","category-cmiyyt"],"featured_image_urls":{"full":["https:\/\/veteran.az\/wp-content\/uploads\/2021\/12\/modern.az_metbuat_513.jpg",950,450,false],"thumbnail":["https:\/\/veteran.az\/wp-content\/uploads\/2021\/12\/modern.az_metbuat_513-150x150.jpg",150,150,true],"medium":["https:\/\/veteran.az\/wp-content\/uploads\/2021\/12\/modern.az_metbuat_513-300x142.jpg",300,142,true],"medium_large":["https:\/\/veteran.az\/wp-content\/uploads\/2021\/12\/modern.az_metbuat_513-768x364.jpg",640,303,true],"large":["https:\/\/veteran.az\/wp-content\/uploads\/2021\/12\/modern.az_metbuat_513.jpg",640,303,false],"1536x1536":["https:\/\/veteran.az\/wp-content\/uploads\/2021\/12\/modern.az_metbuat_513.jpg",950,450,false],"2048x2048":["https:\/\/veteran.az\/wp-content\/uploads\/2021\/12\/modern.az_metbuat_513.jpg",950,450,false],"covernews-slider-full":["https:\/\/veteran.az\/wp-content\/uploads\/2021\/12\/modern.az_metbuat_513.jpg",950,450,false],"covernews-slider-center":["https:\/\/veteran.az\/wp-content\/uploads\/2021\/12\/modern.az_metbuat_513-936x450.jpg",800,385,true],"covernews-featured":["https:\/\/veteran.az\/wp-content\/uploads\/2021\/12\/modern.az_metbuat_513.jpg",950,450,false],"covernews-medium":["https:\/\/veteran.az\/wp-content\/uploads\/2021\/12\/modern.az_metbuat_513-720x380.jpg",540,285,true],"covernews-medium-square":["https:\/\/veteran.az\/wp-content\/uploads\/2021\/12\/modern.az_metbuat_513-675x450.jpg",375,250,true]},"author_info":{"display_name":"Veteran.az","author_link":"https:\/\/veteran.az\/?author=3"},"category_info":"<a href=\"https:\/\/veteran.az\/?cat=6\" rel=\"category\">C\u0259miyy\u0259t<\/a>","tag_info":"C\u0259miyy\u0259t","comment_count":"0","_links":{"self":[{"href":"https:\/\/veteran.az\/index.php?rest_route=\/wp\/v2\/posts\/13937","targetHints":{"allow":["GET"]}}],"collection":[{"href":"https:\/\/veteran.az\/index.php?rest_route=\/wp\/v2\/posts"}],"about":[{"href":"https:\/\/veteran.az\/index.php?rest_route=\/wp\/v2\/types\/post"}],"author":[{"embeddable":true,"href":"https:\/\/veteran.az\/index.php?rest_route=\/wp\/v2\/users\/3"}],"replies":[{"embeddable":true,"href":"https:\/\/veteran.az\/index.php?rest_route=%2Fwp%2Fv2%2Fcomments&post=13937"}],"version-history":[{"count":1,"href":"https:\/\/veteran.az\/index.php?rest_route=\/wp\/v2\/posts\/13937\/revisions"}],"predecessor-version":[{"id":13940,"href":"https:\/\/veteran.az\/index.php?rest_route=\/wp\/v2\/posts\/13937\/revisions\/13940"}],"wp:featuredmedia":[{"embeddable":true,"href":"https:\/\/veteran.az\/index.php?rest_route=\/wp\/v2\/media\/13939"}],"wp:attachment":[{"href":"https:\/\/veteran.az\/index.php?rest_route=%2Fwp%2Fv2%2Fmedia&parent=13937"}],"wp:term":[{"taxonomy":"category","embeddable":true,"href":"https:\/\/veteran.az\/index.php?rest_route=%2Fwp%2Fv2%2Fcategories&post=13937"},{"taxonomy":"post_tag","embeddable":true,"href":"https:\/\/veteran.az\/index.php?rest_route=%2Fwp%2Fv2%2Ftags&post=13937"}],"curies":[{"name":"wp","href":"https:\/\/api.w.org\/{rel}","templated":true}]}}