{"id":13919,"date":"2021-12-16T13:00:14","date_gmt":"2021-12-16T09:00:14","guid":{"rendered":"http:\/\/veteran.az\/?p=13919"},"modified":"2021-12-16T13:00:16","modified_gmt":"2021-12-16T09:00:16","slug":"16-noyabr-doyusu-ordumuz-niy%c9%99-dayandi-prezident-ilk-d%c9%99f%c9%99-aciqladi","status":"publish","type":"post","link":"https:\/\/veteran.az\/?p=13919","title":{"rendered":"16 Noyabr d\u00f6y\u00fc\u015f\u00fc: Ordumuz niy\u0259 dayand\u0131? \u2013 Prezident ilk d\u0259f\u0259 a\u00e7\u0131qlad\u0131"},"content":{"rendered":"\n<h2 class=\"wp-block-heading\"><strong>M\u00fcharib\u0259 bit\u0259nd\u0259n b\u0259ri 1 ild\u0259n \u00e7ox m\u00fcdd\u0259t ke\u00e7ib v\u0259 \u00fcmumiyy\u0259tl\u0259, v\u0259ziyy\u0259t nisb\u0259t\u0259n sabitdir.<\/strong><\/h2>\n\n\n\n<p><strong>Alp.az<\/strong>&nbsp;x\u0259b\u0259r verir ki, bunu Az\u0259rbaycan Prezidenti \u0130lham \u018fliyev dekabr\u0131n 14-d\u0259 Br\u00fcsseld\u0259 \u0130spaniyan\u0131n \u201cEl Pais\u201d q\u0259zetin\u0259 m\u00fcsahib\u0259sind\u0259 deyib.<\/p>\n\n\n\n<p>D\u00f6vl\u0259t ba\u015f\u00e7\u0131s\u0131 qeyd edib ki, Rusiya s\u00fclhm\u0259raml\u0131 q\u00fcvv\u0259l\u0259rinin Qaraba\u011fda m\u0259suliyy\u0259t da\u015f\u0131d\u0131\u011f\u0131 \u0259razid\u0259n dan\u0131\u015f\u0131r\u0131qsa, v\u0259ziyy\u0259t Erm\u0259nistan-Az\u0259rbaycan s\u0259rh\u0259dind\u0259 olan v\u0259ziyy\u0259tl\u0259 m\u00fcqayis\u0259d\u0259 daha \u00e7ox sabitdir: \u201cBunun s\u0259b\u0259bi is\u0259 \u0259fsuslar olsun ki, Erm\u0259nistan\u0131n qisas almaq c\u0259hdl\u0259rind\u0259n vaz ke\u00e7m\u0259m\u0259sidir. \u0130kinci Qaraba\u011f m\u00fcharib\u0259sind\u0259 m\u0259\u011flubiyy\u0259t onlar \u00fc\u00e7\u00fcn \u00e7ox a\u011fr\u0131l\u0131 oldu. Bu m\u0259\u011flubiyy\u0259t dem\u0259k olar ki, onlar\u0131n otuz ildir davam ed\u0259n \u201cyenilm\u0259z ordusu\u201d, \u201cg\u00fcc\u00fc\u201d, \u201c\u0259sg\u0259r v\u0259 komandirl\u0259rinin c\u0259sar\u0259ti\u201d haqq\u0131nda m\u00fcharib\u0259 t\u0259bli\u011fat\u0131n\u0131 v\u0259 ideoloji z\u0259minini darmada\u011f\u0131n etdi. 44 g\u00fcn davam ed\u0259n m\u00fcharib\u0259 zaman\u0131 Erm\u0259nistan ordusu tamamil\u0259 m\u0259hv edildi v\u0259 onlar \u00f6t\u0259n il noyabr\u0131n 10-da kapitulyasiya akt\u0131na imza atmaq m\u0259cburiyy\u0259tind\u0259 qalaraq bizim 44 g\u00fcnl\u00fck m\u00fcharib\u0259d\u0259 geri almad\u0131\u011f\u0131m\u0131z \u0259razil\u0259ri geri qaytarma\u011fa raz\u0131l\u0131q bildirdil\u0259r. Buna g\u00f6r\u0259 d\u0259 Erm\u0259nistan c\u0259miyy\u0259tind\u0259, siyasi spektrind\u0259 revan\u015fizm \u0259lam\u0259tl\u0259ri g\u00f6r\u00fcn\u00fcr. Buna g\u00f6r\u0259 d\u0259 Rusiya s\u00fclhm\u0259raml\u0131lar\u0131n\u0131n xidm\u0259t etdiyi \u0259razid\u0259 buna imkan\u0131n olmad\u0131\u011f\u0131n\u0131 d\u0259rk ed\u0259r\u0259k onlar d\u00f6vl\u0259t s\u0259rh\u0259dind\u0259 h\u0259rbi t\u0259xribatlar t\u00f6r\u0259tm\u0259y\u0259 c\u0259hd g\u00f6st\u0259rirl\u0259r\u201d.<\/p>\n\n\n\n<p>\u201cDig\u0259r m\u0259s\u0259l\u0259 is\u0259 ondan ibar\u0259tdir ki, Az\u0259rbaycan v\u0259 Erm\u0259nistan aras\u0131nda d\u00f6vl\u0259t s\u0259rh\u0259di t\u0259yin olunmay\u0131b. Buna s\u0259b\u0259b 1990-c\u0131 ill\u0259rin \u0259vv\u0259lind\u0259 h\u0259r iki \u00f6lk\u0259nin m\u00fcst\u0259qilliyinin b\u0259rpas\u0131ndan d\u0259rhal sonra Az\u0259rbaycan\u0131n h\u0259min hiss\u0259sinin i\u015f\u011fal\u0131n\u0131n ba\u015f verm\u0259si idi. Buna g\u00f6r\u0259 h\u0259m fiziki, h\u0259m d\u0259 siyasi olaraq s\u0259rh\u0259dl\u0259ri demarkasiya v\u0259 delimitasiya etm\u0259k m\u00fcmk\u00fcn deyildi. Bel\u0259likl\u0259, ke\u00e7\u0259n ilin noyabr\u0131nda \u0130kinci Qaraba\u011f m\u00fcharib\u0259si bit\u0259nd\u0259 h\u0259min \u0259razid\u0259 iqlim \u015f\u0259raiti dig\u0259r \u0259razil\u0259rd\u0259n f\u0259rqli idi. Uca da\u011flar v\u0259 qarla dolu bir \u0259razi idi. Bu ilin may ay\u0131nda qar \u0259rim\u0259y\u0259 ba\u015flad\u0131. Bu ba\u015f ver\u0259n kimi Az\u0259rbaycan Ordusu d\u00f6vl\u0259t s\u0259rh\u0259din\u0259 t\u0259r\u0259f h\u0259r\u0259k\u0259t etm\u0259y\u0259 ba\u015flad\u0131 v\u0259 bu s\u0259rh\u0259din haradan ke\u00e7m\u0259si il\u0259 ba\u011fl\u0131 olan anlay\u0131\u015f\u0131m\u0131za \u0259sas\u0259n, d\u00f6vl\u0259t s\u0259rh\u0259dind\u0259 m\u00f6vqe tutdu. Y\u0259ni, hadis\u0259 bel\u0259 olub. \u018ffsuslar olsun ki, Erm\u0259nistan Az\u0259rbaycan\u0131n h\u0259r hans\u0131 bir s\u0259b\u0259b olmadan Erm\u0259nistan\u0131n \u0259razisin\u0259 m\u00fcdaxil\u0259 etm\u0259si il\u0259 ba\u011fl\u0131 iddialar ir\u0259li s\u00fcrm\u0259y\u0259 ba\u015flad\u0131. Bel\u0259likl\u0259, biz \u00f6z \u0259razimiz hesab etdiyimiz \u0259razid\u0259 dururuq\u201d, \u2013 d\u00f6vl\u0259t ba\u015f\u00e7\u0131s\u0131 qeyd edib.<\/p>\n\n\n\n<p><strong>\u0130lham \u018fliyev vur\u011fulay\u0131b ki, Qaraba\u011f m\u00fcharib\u0259sinin bitm\u0259sind\u0259n sonra lap ilk g\u00fcnl\u0259rd\u0259n Erm\u0259nistana s\u0259rh\u0259dl\u0259rin demarkasiyas\u0131 \u00fcz\u0259rind\u0259 i\u015fl\u0259m\u0259y\u0259 ba\u015flama\u011f\u0131 v\u0259 delimitasiya \u00fczr\u0259 birg\u0259 i\u015f\u00e7i qrupunu yaratma\u011f\u0131 v\u0259 \u0259razid\u0259 b\u00fct\u00fcn m\u00fcbahis\u0259l\u0259ri masa \u00fcz\u0259rind\u0259 ayd\u0131nla\u015fd\u0131rma\u011f\u0131 t\u0259klif etdik:<\/strong><\/p>\n\n\n\n<p>\u201cM\u00fcharib\u0259 bit\u0259nd\u0259n sonra bir ild\u0259n \u00e7ox m\u00fcdd\u0259td\u0259 Erm\u0259nistan t\u0259r\u0259find\u0259n d\u00f6vl\u0259t s\u0259rh\u0259dind\u0259 h\u0259rbi t\u0259xribatlar t\u00f6r\u0259tm\u0259k \u00fc\u00e7\u00fcn bir ne\u00e7\u0259 c\u0259hd edilib. Onlar\u0131n ham\u0131s\u0131 u\u011fursuz oldu. B\u00fct\u00fcn bu s\u0259yl\u0259r n\u0259tic\u0259sind\u0259 onlar \u00f6z h\u0259rbi m\u00f6vqel\u0259rini itirdi v\u0259 Az\u0259rbaycan d\u00f6vl\u0259t s\u0259rh\u0259dind\u0259 m\u00f6vqel\u0259rini g\u00fccl\u0259ndirdi. Eyni hal ke\u00e7\u0259n ay ba\u015f verdi. O zaman onlar bil\u0259r\u0259kd\u0259n Az\u0259rbaycan Ordusuna qar\u015f\u0131 q\u0259sd\u0259n t\u0259xribat t\u00f6r\u0259tdil\u0259r v\u0259 bu, bir ne\u00e7\u0259 g\u00fcn davam etdi. \u0130lk g\u00fcnl\u0259r \u0259rzind\u0259 at\u0259\u015f a\u00e7\u0131lm\u0131rd\u0131, \u00e7\u00fcnki Az\u0259rbaycan \u0259sg\u0259rl\u0259ri h\u0259min \u0259razinin onlara aid olmad\u0131\u011f\u0131n\u0131 v\u0259 getm\u0259li olduqlar\u0131n\u0131 onlara ba\u015fa sald\u0131 v\u0259 onlar da getdil\u0259r. Lakin biz\u0259 qar\u015f\u0131 artilleriya h\u00fccumlar\u0131na ba\u015flad\u0131lar. Bizd\u0259 bir ne\u00e7\u0259 n\u0259f\u0259r h\u0259lak oldu v\u0259 yaraland\u0131. \u0130ndi v\u0259ziyy\u0259t sabitdir. Biz \u00f6z\u00fcm\u00fcz he\u00e7 n\u0259 planla\u015fd\u0131rmam\u0131\u015fd\u0131q, \u0259ks halda biz dayanmazd\u0131q. Noyabr\u0131n 16-da ba\u015f vermi\u015f toqqu\u015fma bir g\u00fcnd\u0259n az davam etdi. S\u0259h\u0259r ba\u015flad\u0131 v\u0259 ax\u015fam saat 6-7 rad\u0259l\u0259rind\u0259 bitdi. Bel\u0259likl\u0259, biz bunu planla\u015fd\u0131rsayd\u0131q dayanmazd\u0131q, \u00e7\u00fcnki Erm\u0259nistan\u0131n ist\u0259nil\u0259n yerd\u0259 bizi dayand\u0131rmaq \u00fc\u00e7\u00fcn h\u0259rbi bacar\u0131\u011f\u0131 yoxdur. Bizim bel\u0259 planlar\u0131m\u0131z yoxdur v\u0259 buna g\u00f6r\u0259 d\u0259 biz dayand\u0131q. Biz s\u00fclh ist\u0259yirik, yet\u0259rinc\u0259 m\u00fcharib\u0259 oldu. Biz sabitlik, proqnozla\u015fd\u0131rma v\u0259 Erm\u0259nistan t\u0259r\u0259find\u0259n ist\u0259nil\u0259n revan\u015fizm c\u0259hdl\u0259ri riskinin s\u0131f\u0131r s\u0259viyy\u0259d\u0259 olmas\u0131n\u0131 ist\u0259yirik. Buna g\u00f6r\u0259 biz onlar\u0131n b\u00fct\u00fcn manevrl\u0259rini, yenid\u0259n qrupla\u015fmalar\u0131n\u0131 v\u0259 biz\u0259 t\u0259hl\u00fck\u0259li ola bil\u0259c\u0259k h\u0259rbi potensial yaratmaq \u00fc\u00e7\u00fcn b\u00fct\u00fcn c\u0259hdl\u0259rini \u00e7ox yax\u0131ndan izl\u0259y\u0259c\u0259yik. Bunun ba\u015f verdiyini g\u00f6rs\u0259k, t\u0259hl\u00fck\u0259ni d\u0259rhal aradan qald\u0131raca\u011f\u0131q v\u0259 onlar bunu bilirl\u0259r. Beyn\u0259lxalq oyun\u00e7ular d\u0259 bunu bilirl\u0259r. M\u00fcsb\u0259t dinamika g\u00f6rs\u0259k, biz, \u0259lb\u0259tt\u0259 ki, bundan yararlanaca\u011f\u0131q v\u0259 s\u00fclh\u00fcn g\u00fccl\u0259ndirilm\u0259sin\u0259 \u00f6z t\u00f6hf\u0259mizi ver\u0259c\u0259yik\u201d.<\/p>\n","protected":false},"excerpt":{"rendered":"<p>M\u00fcharib\u0259 bit\u0259nd\u0259n b\u0259ri 1 ild\u0259n \u00e7ox m\u00fcdd\u0259t ke\u00e7ib v\u0259 \u00fcmumiyy\u0259tl\u0259, v\u0259ziyy\u0259t nisb\u0259t\u0259n sabitdir. Alp.az&nbsp;x\u0259b\u0259r verir&#8230;<\/p>\n","protected":false},"author":3,"featured_media":13920,"comment_status":"closed","ping_status":"closed","sticky":false,"template":"","format":"standard","meta":{"footnotes":""},"categories":[6],"tags":[],"class_list":["post-13919","post","type-post","status-publish","format-standard","has-post-thumbnail","hentry","category-cmiyyt"],"featured_image_urls":{"full":["https:\/\/veteran.az\/wp-content\/uploads\/2021\/12\/media-b9e6eaeff2ceadfc7c259579d66132b8-z8b1xmwrkpuc54iot79l.jpeg",450,300,false],"thumbnail":["https:\/\/veteran.az\/wp-content\/uploads\/2021\/12\/media-b9e6eaeff2ceadfc7c259579d66132b8-z8b1xmwrkpuc54iot79l-150x150.jpeg",150,150,true],"medium":["https:\/\/veteran.az\/wp-content\/uploads\/2021\/12\/media-b9e6eaeff2ceadfc7c259579d66132b8-z8b1xmwrkpuc54iot79l-300x200.jpeg",300,200,true],"medium_large":["https:\/\/veteran.az\/wp-content\/uploads\/2021\/12\/media-b9e6eaeff2ceadfc7c259579d66132b8-z8b1xmwrkpuc54iot79l.jpeg",450,300,false],"large":["https:\/\/veteran.az\/wp-content\/uploads\/2021\/12\/media-b9e6eaeff2ceadfc7c259579d66132b8-z8b1xmwrkpuc54iot79l.jpeg",450,300,false],"1536x1536":["https:\/\/veteran.az\/wp-content\/uploads\/2021\/12\/media-b9e6eaeff2ceadfc7c259579d66132b8-z8b1xmwrkpuc54iot79l.jpeg",450,300,false],"2048x2048":["https:\/\/veteran.az\/wp-content\/uploads\/2021\/12\/media-b9e6eaeff2ceadfc7c259579d66132b8-z8b1xmwrkpuc54iot79l.jpeg",450,300,false],"covernews-slider-full":["https:\/\/veteran.az\/wp-content\/uploads\/2021\/12\/media-b9e6eaeff2ceadfc7c259579d66132b8-z8b1xmwrkpuc54iot79l.jpeg",450,300,false],"covernews-slider-center":["https:\/\/veteran.az\/wp-content\/uploads\/2021\/12\/media-b9e6eaeff2ceadfc7c259579d66132b8-z8b1xmwrkpuc54iot79l.jpeg",450,300,false],"covernews-featured":["https:\/\/veteran.az\/wp-content\/uploads\/2021\/12\/media-b9e6eaeff2ceadfc7c259579d66132b8-z8b1xmwrkpuc54iot79l.jpeg",450,300,false],"covernews-medium":["https:\/\/veteran.az\/wp-content\/uploads\/2021\/12\/media-b9e6eaeff2ceadfc7c259579d66132b8-z8b1xmwrkpuc54iot79l.jpeg",450,300,false],"covernews-medium-square":["https:\/\/veteran.az\/wp-content\/uploads\/2021\/12\/media-b9e6eaeff2ceadfc7c259579d66132b8-z8b1xmwrkpuc54iot79l.jpeg",375,250,false]},"author_info":{"display_name":"Veteran.az","author_link":"https:\/\/veteran.az\/?author=3"},"category_info":"<a href=\"https:\/\/veteran.az\/?cat=6\" rel=\"category\">C\u0259miyy\u0259t<\/a>","tag_info":"C\u0259miyy\u0259t","comment_count":"0","_links":{"self":[{"href":"https:\/\/veteran.az\/index.php?rest_route=\/wp\/v2\/posts\/13919","targetHints":{"allow":["GET"]}}],"collection":[{"href":"https:\/\/veteran.az\/index.php?rest_route=\/wp\/v2\/posts"}],"about":[{"href":"https:\/\/veteran.az\/index.php?rest_route=\/wp\/v2\/types\/post"}],"author":[{"embeddable":true,"href":"https:\/\/veteran.az\/index.php?rest_route=\/wp\/v2\/users\/3"}],"replies":[{"embeddable":true,"href":"https:\/\/veteran.az\/index.php?rest_route=%2Fwp%2Fv2%2Fcomments&post=13919"}],"version-history":[{"count":1,"href":"https:\/\/veteran.az\/index.php?rest_route=\/wp\/v2\/posts\/13919\/revisions"}],"predecessor-version":[{"id":13921,"href":"https:\/\/veteran.az\/index.php?rest_route=\/wp\/v2\/posts\/13919\/revisions\/13921"}],"wp:featuredmedia":[{"embeddable":true,"href":"https:\/\/veteran.az\/index.php?rest_route=\/wp\/v2\/media\/13920"}],"wp:attachment":[{"href":"https:\/\/veteran.az\/index.php?rest_route=%2Fwp%2Fv2%2Fmedia&parent=13919"}],"wp:term":[{"taxonomy":"category","embeddable":true,"href":"https:\/\/veteran.az\/index.php?rest_route=%2Fwp%2Fv2%2Fcategories&post=13919"},{"taxonomy":"post_tag","embeddable":true,"href":"https:\/\/veteran.az\/index.php?rest_route=%2Fwp%2Fv2%2Ftags&post=13919"}],"curies":[{"name":"wp","href":"https:\/\/api.w.org\/{rel}","templated":true}]}}