{"id":13904,"date":"2021-12-16T00:23:11","date_gmt":"2021-12-15T20:23:11","guid":{"rendered":"http:\/\/veteran.az\/?p=13904"},"modified":"2021-12-16T00:23:12","modified_gmt":"2021-12-15T20:23:12","slug":"az%c9%99rbaycan-prezidenti-muharib%c9%99-t%c9%99crub%c9%99mizi-oyr%c9%99nm%c9%99k-ist%c9%99y%c9%99n-bir-nec%c9%99-olk%c9%99-artiq-biz%c9%99-muraci%c9%99t-edib","status":"publish","type":"post","link":"https:\/\/veteran.az\/?p=13904","title":{"rendered":"Az\u0259rbaycan Prezidenti: \u201cM\u00fcharib\u0259 t\u0259cr\u00fcb\u0259mizi \u00f6yr\u0259nm\u0259k ist\u0259y\u0259n bir ne\u00e7\u0259 \u00f6lk\u0259 art\u0131q biz\u0259 m\u00fcraci\u0259t edib\u201d"},"content":{"rendered":"\n<p><strong>&#171;T\u0259cr\u00fcb\u0259mizi \u00f6yr\u0259nm\u0259k ist\u0259y\u0259n bir ne\u00e7\u0259 \u00f6lk\u0259 art\u0131q biz\u0259 m\u00fcraci\u0259t ed\u0259r\u0259k bunu nec\u0259 etdiyimizl\u0259 maraqlan\u0131b&#187;.<\/strong><\/p>\n\n\n\n<p>Bunu Az\u0259rbaycan Prezidenti \u0130lham \u018fliyev dekabr\u0131n 14-d\u0259 Br\u00fcsseld\u0259 \u0130spaniyan\u0131n \u201cEl Pais&#187; q\u0259zetin\u0259 m\u00fcsahib\u0259sind\u0259 &#171;M\u00fcharib\u0259nin n\u0259tic\u0259si Sizin h\u0259rbi m\u0259hsullara mara\u011f\u0131n\u0131z\u0131 art\u0131r\u0131bm\u0131&#187; sual\u0131na cavab ver\u0259rk\u0259n deyib.<\/p>\n\n\n\n<p>&#171;Lakin m\u00fcharib\u0259y\u0259 ilk g\u00fcnd\u0259n son g\u00fcn\u0259d\u0259k r\u0259hb\u0259rlik ed\u0259n Ali Ba\u015f Komandan olaraq siz\u0259 bir daha dey\u0259 bil\u0259r\u0259m ki, bunu nec\u0259 etdiyimizi izah etm\u0259k \u00e7\u0259tin olar. \u00c7\u00fcnki siz bunu hiss etm\u0259lisiniz. \u00c7\u00fcnki biz dem\u0259k olar ki, 30 il \u0259rzind\u0259 erm\u0259nil\u0259rin i\u015f\u011fal\u0131ndan, t\u0259hqirind\u0259n, t\u0259k\u0259bb\u00fcr\u00fcnd\u0259n \u0259ziyy\u0259t \u00e7\u0259kirdik. Onlar b\u00fct\u00fcn beyn\u0259lxalq t\u0259\u015fkilatlar\u0131n s\u0259n\u0259dl\u0259rin\u0259 zidd olaraq bizim torpaqlarda oturmu\u015fdular, torpaqlar\u0131m\u0131z\u0131 da\u011f\u0131d\u0131rd\u0131lar, iddia edirdil\u0259r ki, bu torpaq onlara m\u0259xsusdur. BMT T\u0259hl\u00fck\u0259sizlik \u015euras\u0131, AT\u018fT, Avropa \u015euras\u0131, Avropa Parlamenti &#8212; onlar\u0131n ham\u0131s\u0131 bizi d\u0259st\u0259kl\u0259y\u0259n q\u0259tnam\u0259l\u0259r q\u0259bul etmi\u015fdi, lakin onlar, sad\u0259c\u0259, orada oturmu\u015fdular v\u0259 b\u0259yan edirdil\u0259r ki, h\u0259mi\u015f\u0259lik orada oturacaqlar. Bel\u0259likl\u0259, motivasiya, ruh y\u00fcks\u0259kliyi v\u0259 c\u0259sar\u0259t q\u0259l\u0259b\u0259mizin \u0259sas amili oldu. Bu, milli l\u0259yaq\u0259t v\u0259 q\u00fcrur m\u0259s\u0259l\u0259si idi. Baxmayaraq, bir \u00e7oxlar\u0131 biz\u0259 bunu nec\u0259 etdiyimizl\u0259 ba\u011fl\u0131 m\u00fcraci\u0259t ets\u0259 d\u0259, d\u00fc\u015f\u00fcn\u00fcr\u0259m ki, bunu izah etm\u0259k \u00fc\u00e7\u00fcn uzun ill\u0259r laz\u0131md\u0131r&#187; &#8212; \u0130lham \u018fliyev \u0259lav\u0259 edib.<\/p>\n","protected":false},"excerpt":{"rendered":"<p>&#171;T\u0259cr\u00fcb\u0259mizi \u00f6yr\u0259nm\u0259k ist\u0259y\u0259n bir ne\u00e7\u0259 \u00f6lk\u0259 art\u0131q biz\u0259 m\u00fcraci\u0259t ed\u0259r\u0259k bunu nec\u0259 etdiyimizl\u0259 maraqlan\u0131b&#187;. Bunu&#8230;<\/p>\n","protected":false},"author":3,"featured_media":13905,"comment_status":"closed","ping_status":"closed","sticky":false,"template":"","format":"standard","meta":{"footnotes":""},"categories":[6],"tags":[],"class_list":["post-13904","post","type-post","status-publish","format-standard","has-post-thumbnail","hentry","category-cmiyyt"],"featured_image_urls":{"full":["https:\/\/veteran.az\/wp-content\/uploads\/2021\/12\/bby.jpg",802,550,false],"thumbnail":["https:\/\/veteran.az\/wp-content\/uploads\/2021\/12\/bby-150x150.jpg",150,150,true],"medium":["https:\/\/veteran.az\/wp-content\/uploads\/2021\/12\/bby-300x206.jpg",300,206,true],"medium_large":["https:\/\/veteran.az\/wp-content\/uploads\/2021\/12\/bby-768x527.jpg",640,439,true],"large":["https:\/\/veteran.az\/wp-content\/uploads\/2021\/12\/bby.jpg",640,439,false],"1536x1536":["https:\/\/veteran.az\/wp-content\/uploads\/2021\/12\/bby.jpg",802,550,false],"2048x2048":["https:\/\/veteran.az\/wp-content\/uploads\/2021\/12\/bby.jpg",802,550,false],"covernews-slider-full":["https:\/\/veteran.az\/wp-content\/uploads\/2021\/12\/bby.jpg",802,550,false],"covernews-slider-center":["https:\/\/veteran.az\/wp-content\/uploads\/2021\/12\/bby.jpg",729,500,false],"covernews-featured":["https:\/\/veteran.az\/wp-content\/uploads\/2021\/12\/bby.jpg",802,550,false],"covernews-medium":["https:\/\/veteran.az\/wp-content\/uploads\/2021\/12\/bby-720x380.jpg",540,285,true],"covernews-medium-square":["https:\/\/veteran.az\/wp-content\/uploads\/2021\/12\/bby-675x450.jpg",375,250,true]},"author_info":{"display_name":"Veteran.az","author_link":"https:\/\/veteran.az\/?author=3"},"category_info":"<a href=\"https:\/\/veteran.az\/?cat=6\" rel=\"category\">C\u0259miyy\u0259t<\/a>","tag_info":"C\u0259miyy\u0259t","comment_count":"0","_links":{"self":[{"href":"https:\/\/veteran.az\/index.php?rest_route=\/wp\/v2\/posts\/13904","targetHints":{"allow":["GET"]}}],"collection":[{"href":"https:\/\/veteran.az\/index.php?rest_route=\/wp\/v2\/posts"}],"about":[{"href":"https:\/\/veteran.az\/index.php?rest_route=\/wp\/v2\/types\/post"}],"author":[{"embeddable":true,"href":"https:\/\/veteran.az\/index.php?rest_route=\/wp\/v2\/users\/3"}],"replies":[{"embeddable":true,"href":"https:\/\/veteran.az\/index.php?rest_route=%2Fwp%2Fv2%2Fcomments&post=13904"}],"version-history":[{"count":1,"href":"https:\/\/veteran.az\/index.php?rest_route=\/wp\/v2\/posts\/13904\/revisions"}],"predecessor-version":[{"id":13906,"href":"https:\/\/veteran.az\/index.php?rest_route=\/wp\/v2\/posts\/13904\/revisions\/13906"}],"wp:featuredmedia":[{"embeddable":true,"href":"https:\/\/veteran.az\/index.php?rest_route=\/wp\/v2\/media\/13905"}],"wp:attachment":[{"href":"https:\/\/veteran.az\/index.php?rest_route=%2Fwp%2Fv2%2Fmedia&parent=13904"}],"wp:term":[{"taxonomy":"category","embeddable":true,"href":"https:\/\/veteran.az\/index.php?rest_route=%2Fwp%2Fv2%2Fcategories&post=13904"},{"taxonomy":"post_tag","embeddable":true,"href":"https:\/\/veteran.az\/index.php?rest_route=%2Fwp%2Fv2%2Ftags&post=13904"}],"curies":[{"name":"wp","href":"https:\/\/api.w.org\/{rel}","templated":true}]}}