{"id":13898,"date":"2021-12-15T14:52:23","date_gmt":"2021-12-15T10:52:23","guid":{"rendered":"http:\/\/veteran.az\/?p=13898"},"modified":"2021-12-15T14:52:24","modified_gmt":"2021-12-15T10:52:24","slug":"q%c9%99l%c9%99b%c9%99sini-s%c9%99hid-qardasina-h%c9%99sr-etdi","status":"publish","type":"post","link":"https:\/\/veteran.az\/?p=13898","title":{"rendered":"Q\u0259l\u0259b\u0259sini \u015f\u0259hid qarda\u015f\u0131na h\u0259sr etdi"},"content":{"rendered":"\n<p><strong>Litvan\u0131n Kaunas \u015f\u0259h\u0259rind\u0259 \u201cKyokushin Karate\u201d \u00fczr\u0259 Avropa Kuboku u\u011frunda turnir ke\u00e7irilib.&nbsp;<\/strong><\/p>\n\n\n\n<p>Fanat.az x\u0259b\u0259r verir ki, bu bar\u0259d\u0259 Daxili \u0130\u015fl\u0259r Nazirliyinin m\u0259tbuat xidm\u0259ti m\u0259lumat yay\u0131b.<\/p>\n\n\n\n<figure class=\"wp-block-gallery columns-2 is-cropped wp-block-gallery-1 is-layout-flex wp-block-gallery-is-layout-flex\"><ul class=\"blocks-gallery-grid\"><li class=\"blocks-gallery-item\"><figure><img decoding=\"async\" src=\"http:\/\/veteran.az\/wp-content\/uploads\/2021\/12\/1639545411_267373321_2991105571106736_376973894630899084_n-1024x1024.jpg\" alt=\"\" data-id=\"13900\" data-link=\"http:\/\/veteran.az\/?attachment_id=13900\" class=\"wp-image-13900\"\/><\/figure><\/li><li class=\"blocks-gallery-item\"><figure><img decoding=\"async\" src=\"http:\/\/veteran.az\/wp-content\/uploads\/2021\/12\/1639545407_267701392_2991105547773405_5661894864460256168_n-1.jpg\" alt=\"\" data-id=\"13901\" data-full-url=\"http:\/\/veteran.az\/wp-content\/uploads\/2021\/12\/1639545407_267701392_2991105547773405_5661894864460256168_n-1.jpg\" data-link=\"http:\/\/veteran.az\/?attachment_id=13901\" class=\"wp-image-13901\"\/><\/figure><\/li><\/ul><\/figure>\n\n\n\n<p>Turnirind\u0259 beyn\u0259lxalq yar\u0131\u015flar\u0131n qalibi v\u0259 i\u015ftirak\u00e7\u0131s\u0131 S\u0259bail Rayon Polis \u0130dar\u0259sinin PPXB-nin polis n\u0259f\u0259ri, polis s\u0131ravisi Solmaz Zeynall\u0131 60 kiloqram \u00e7\u0259ki d\u0259r\u0259c\u0259sind\u0259 Pol\u015fa v\u0259 Litva idman\u00e7\u0131lar\u0131na asanl\u0131qla qalib g\u0259lib.&nbsp;<br>O, finala ged\u0259n yolda i\u015fve\u00e7r\u0259li idman\u00e7\u0131 il\u0259 qar\u015f\u0131la\u015f\u0131b. Uduzaca\u011f\u0131n\u0131 t\u0259xmin ed\u0259n r\u0259qibin Solmaz\u0131n bo\u011faz nahiy\u0259sin\u0259 dirs\u0259yi il\u0259 qada\u011fa olunmu\u015f z\u0259rb\u0259 endirm\u0259si hakiml\u0259rin diqq\u0259tind\u0259n yay\u0131nmay\u0131b v\u0259 o, turnird\u0259n diskvalifikasiya olunub.&nbsp;<\/p>\n\n\n\n<p>\u018fsas d\u00f6y\u00fc\u015f\u00fcn\u0259 haz\u0131rla\u015fsa da, hakiml\u0259rin q\u0259rar\u0131 il\u0259 ald\u0131\u011f\u0131 z\u0259rb\u0259y\u0259 g\u00f6r\u0259 finala burax\u0131lmayan idman\u00e7\u0131m\u0131z g\u00fcm\u00fc\u015f medal\u0131n sahibi olub.<\/p>\n\n\n\n<p>Qeyd ed\u0259k ki, S.Zeynall\u0131 bu q\u0259l\u0259b\u0259sini V\u0259t\u0259n m\u00fcharib\u0259sinin \u015f\u0259hidi, \u201c\u0130gidliy\u0259 g\u00f6r\u0259\u201d, \u201cV\u0259t\u0259n u\u011frunda\u201d v\u0259 \u201cF\u00fczulinin i\u015f\u011faldan azad olunmas\u0131na g\u00f6r\u0259\u201d medallar\u0131 il\u0259 t\u0259ltif edilmi\u015f qarda\u015f\u0131 Tural Zeynalova h\u0259sr edib.<\/p>\n","protected":false},"excerpt":{"rendered":"<p>Litvan\u0131n Kaunas \u015f\u0259h\u0259rind\u0259 \u201cKyokushin Karate\u201d \u00fczr\u0259 Avropa Kuboku u\u011frunda turnir ke\u00e7irilib.&nbsp; Fanat.az x\u0259b\u0259r verir ki,&#8230;<\/p>\n","protected":false},"author":3,"featured_media":0,"comment_status":"closed","ping_status":"closed","sticky":false,"template":"","format":"standard","meta":{"footnotes":""},"categories":[6],"tags":[],"class_list":["post-13898","post","type-post","status-publish","format-standard","hentry","category-cmiyyt"],"featured_image_urls":{"full":"","thumbnail":"","medium":"","medium_large":"","large":"","1536x1536":"","2048x2048":"","covernews-slider-full":"","covernews-slider-center":"","covernews-featured":"","covernews-medium":"","covernews-medium-square":""},"author_info":{"display_name":"Veteran.az","author_link":"https:\/\/veteran.az\/?author=3"},"category_info":"<a href=\"https:\/\/veteran.az\/?cat=6\" rel=\"category\">C\u0259miyy\u0259t<\/a>","tag_info":"C\u0259miyy\u0259t","comment_count":"0","_links":{"self":[{"href":"https:\/\/veteran.az\/index.php?rest_route=\/wp\/v2\/posts\/13898","targetHints":{"allow":["GET"]}}],"collection":[{"href":"https:\/\/veteran.az\/index.php?rest_route=\/wp\/v2\/posts"}],"about":[{"href":"https:\/\/veteran.az\/index.php?rest_route=\/wp\/v2\/types\/post"}],"author":[{"embeddable":true,"href":"https:\/\/veteran.az\/index.php?rest_route=\/wp\/v2\/users\/3"}],"replies":[{"embeddable":true,"href":"https:\/\/veteran.az\/index.php?rest_route=%2Fwp%2Fv2%2Fcomments&post=13898"}],"version-history":[{"count":1,"href":"https:\/\/veteran.az\/index.php?rest_route=\/wp\/v2\/posts\/13898\/revisions"}],"predecessor-version":[{"id":13903,"href":"https:\/\/veteran.az\/index.php?rest_route=\/wp\/v2\/posts\/13898\/revisions\/13903"}],"wp:attachment":[{"href":"https:\/\/veteran.az\/index.php?rest_route=%2Fwp%2Fv2%2Fmedia&parent=13898"}],"wp:term":[{"taxonomy":"category","embeddable":true,"href":"https:\/\/veteran.az\/index.php?rest_route=%2Fwp%2Fv2%2Fcategories&post=13898"},{"taxonomy":"post_tag","embeddable":true,"href":"https:\/\/veteran.az\/index.php?rest_route=%2Fwp%2Fv2%2Ftags&post=13898"}],"curies":[{"name":"wp","href":"https:\/\/api.w.org\/{rel}","templated":true}]}}