{"id":13884,"date":"2021-12-15T08:51:35","date_gmt":"2021-12-15T04:51:35","guid":{"rendered":"http:\/\/veteran.az\/?p=13884"},"modified":"2021-12-15T08:51:35","modified_gmt":"2021-12-15T04:51:35","slug":"imislini-satin-alib-qonsu-%c9%99razil%c9%99rin-behini-ver%c9%99n-kohn%c9%99liyin-t%c9%99z%c9%99-bascisi","status":"publish","type":"post","link":"https:\/\/veteran.az\/?p=13884","title":{"rendered":"\u0130mi\u015flini \u00absat\u0131n al\u0131b, qon\u015fu \u0259razil\u0259rin behini ver\u0259n\u00bb k\u00f6hn\u0259liyin t\u0259z\u0259 ba\u015f\u00e7\u0131s\u0131\u2026"},"content":{"rendered":"\n<p><strong>M\u00fcraci\u0259t ed\u0259n veterana \u015fill\u0259l\u0259m\u0259k xoxu g\u0259l\u0259n, \u00ab\u2026 yedir\u0259n\u00bb v\u0259 5 sutka \u00ablaylayla\u00bb i\u015f verdir\u0259n k\u00f6hn\u0259liyin t\u0259z\u0259 \u00fcslublu Ba\u015f\u00e7\u0131s\u0131 El\u00e7in Rzayev tutdu\u011fu v\u0259zif\u0259d\u0259n azad edlm\u0259lidir\u2026<\/strong><\/p>\n\n\n\n<p><br>Bu adama 5-ci kolonmu, yaxud da Ramiz Mehdiyev m\u0259kt\u0259binin yetirm\u0259simi dey\u0259k. Bilin\u0259n odur ki, bel\u0259 ba\u015f\u00e7\u0131lar\u0131 \u0259n yax\u015f\u0131 V\u0259t\u0259n m\u00fcharib\u0259sinin qazil\u0259ri v\u0259 veteranlar\u0131 tan\u0131y\u0131rlar. Onlar d\u00fc\u015fm\u0259n\u0259 g\u00fcll\u0259 atanlara d\u0259rin nifr\u0259t hissl\u0259ri il\u0259 bir-birin\u0259 ox\u015fay\u0131rlar.&nbsp;<strong>El\u00e7in Adil o\u011flu Rzayev \u0130mi\u015fli Rayon \u0130cra Hakimiyy\u0259tinin ba\u015f\u00e7\u0131s\u0131 t\u0259yin edil\u0259nd\u0259n sonra rayonda g\u00f6rd\u00fcy\u00fc t\u0259k i\u015f, \u00f6z\u00fcnd\u0259n qabaq korrupsioner kimi tan\u0131nan v\u0259 h\u0259bsd\u0259 olan sabiq ba\u015f\u00e7\u0131 Vilyam Hac\u0131yevin b\u00fct\u00fcn r\u0259hm\u0259t\u0259 ged\u0259nl\u0259rin\u0259 dua etdirm\u0259k plan\u0131n\u0131 yerin\u0259 yetirdib.<\/strong><\/p>\n\n\n\n<p><br>\u00dcst\u0259lik \u00f6z\u00fcn\u00fc Prezidentin k\u00f6m\u0259k\u00e7isi \u2212 Prezident Administrasiyas\u0131n\u0131n D\u00f6vl\u0259t n\u0259zar\u0259ti m\u0259s\u0259l\u0259l\u0259ri \u015f\u00f6b\u0259sinin m\u00fcdiri K\u0259r\u0259m H\u0259s\u0259novun yax\u0131n qohumu kimi t\u0259qdim ed\u0259r\u0259k, \u015fikay\u0259tl\u0259r\u0259 bax\u0131lmayaca\u011f\u0131 bar\u0259d\u0259 informasiyalar yayd\u0131r\u0131b. \u018fmlak M\u0259s\u0259l\u0259l\u0259ri D\u00f6vl\u0259t Komit\u0259sinin d\u00f6vl\u0259t m\u00fc\u0259ssis\u0259l\u0259ri v\u0259 \u0259mlak\u0131n idar\u0259 edilm\u0259si \u015f\u00f6b\u0259sinin m\u00fcdiri, Yasamal Rayon \u0130cra Hakimiyy\u0259ti ba\u015f\u00e7\u0131s\u0131n\u0131n I m\u00fcavini i\u015fl\u0259mi\u015f El\u00e7in Rzayev\u0259 bildirm\u0259k ist\u0259yirik ki, h\u0259bsind\u0259n az \u00f6nc\u0259 s\u0259l\u0259fi d\u0259, m\u0259hz Az\u0259rbaycan V\u0259t\u0259n M\u00fcharib\u0259si Veteranlar\u0131 \u0130ctimai Birliyi (AVMV\u0130B) \u0130mi\u015fli rayon \u015f\u00f6b\u0259sinin s\u0259dri Taleh Tapd\u0131qovla eyni \u0259da il\u0259 m\u00fcharib\u0259y\u0259 ba\u015flam\u0131\u015fd\u0131. Rayon Vilyam b\u0259las\u0131ndan qurtarma\u011f\u0131na tam sevinm\u0259mi\u015f bir yeni b\u0259laya urcah olub:\u00a0<strong>El\u00e7in Rzayev b\u0259las\u0131.<\/strong><\/p>\n\n\n\n<figure class=\"wp-block-gallery columns-2 is-cropped wp-block-gallery-1 is-layout-flex wp-block-gallery-is-layout-flex\"><ul class=\"blocks-gallery-grid\"><li class=\"blocks-gallery-item\"><figure><img decoding=\"async\" src=\"http:\/\/veteran.az\/wp-content\/uploads\/2021\/12\/iu7.jpg\" alt=\"\" data-id=\"13886\" data-full-url=\"http:\/\/veteran.az\/wp-content\/uploads\/2021\/12\/iu7.jpg\" data-link=\"http:\/\/veteran.az\/?attachment_id=13886\" class=\"wp-image-13886\"\/><\/figure><\/li><li class=\"blocks-gallery-item\"><figure><img decoding=\"async\" src=\"http:\/\/veteran.az\/wp-content\/uploads\/2021\/12\/oook9.jpg\" alt=\"\" data-id=\"13885\" data-link=\"http:\/\/veteran.az\/?attachment_id=13885\" class=\"wp-image-13885\"\/><\/figure><\/li><\/ul><\/figure>\n\n\n\n<p>\u0130lk i\u015f yerind\u0259n yaranan instinkt\u0259 uy\u011fun olaraq h\u0259r yer\u0259 obyekt kimi baxmaq \u015fak\u0259ri olan El\u00e7in Rzayev\u0259 M\u00fcz\u0259ff\u0259r Ali Ba\u015f Komandan\u0131m\u0131z c\u0259nab \u0130lham \u018fliyevin Bak\u0131n\u0131n Bin\u0259q\u0259di rayonunun Xocas\u0259n q\u0259s\u0259b\u0259sind\u0259 \u015f\u0259hid ail\u0259l\u0259ri v\u0259 m\u00fcharib\u0259 \u0259lill\u0259rin\u0259 m\u0259nzill\u0259rin v\u0259 avtomobill\u0259rin t\u0259qdim olunmas\u0131 m\u0259rasimind\u0259 \u00e7\u0131x\u0131\u015f\u0131 zaman\u0131 s\u00f6yl\u0259diyi fikirl\u0259ri xat\u0131rlatmaq ist\u0259rdik:&nbsp;<strong>\u00abB\u00fct\u00fcn \u015f\u0259hid ail\u0259l\u0259ri, Qaraba\u011f qazil\u0259ri bilm\u0259lidirl\u0259r ki, biz daim onlar\u0131n yan\u0131nday\u0131q, s\u00f6zd\u0259 yox, \u0259m\u0259ld\u0259. \u00c7\u00fcnki h\u0259r \u015fey \u0259m\u0259ll\u0259 \u00f6l\u00e7\u00fcl\u00fcr. Yax\u015f\u0131 s\u00f6zl\u0259r dem\u0259k \u00e7ox asand\u0131r, biz bunu e\u015fitmi\u015fik v\u0259 \u0130kinci Qaraba\u011f m\u00fcharib\u0259si d\u00f6vr\u00fcnd\u0259 bizim b\u00fct\u00fcn s\u00f6zl\u0259rimiz h\u0259qiq\u0259ti \u0259ks etdirirdi. Erm\u0259nistan t\u0259r\u0259fi is\u0259 \u00f6z v\u0259t\u0259nda\u015flar\u0131n\u0131 aldad\u0131rd\u0131, vicdans\u0131zcas\u0131na aldad\u0131rd\u0131, yalan dan\u0131\u015f\u0131rd\u0131 v\u0259 bunun ac\u0131s\u0131n\u0131 indi \u00e7\u0259kir. Bizim is\u0259 s\u00f6z\u00fcm\u00fcz tam h\u0259qiq\u0259tdir v\u0259 verilmi\u015f v\u0259dl\u0259r d\u0259 tam yerin\u0259 yetirilir\u00bb\u2026<\/strong><\/p>\n\n\n\n<p><br>Biz Siz\u0259 inan\u0131r\u0131q, Komandan\u0131m\u0131z, amma Siz d\u0259 biz\u0259 inan\u0131n ki, bu xalqa xidm\u0259t \u00fc\u00e7\u00fcn ba\u015f\u00e7\u0131 t\u0259yin etdiyiniz El\u00e7in Rzayev 84 minlik veteran\u0131 \u00f6z \u0259traf\u0131nda birl\u0259\u015fdir\u0259n Az\u0259rbaycan V\u0259t\u0259n M\u00fcharib\u0259si Veteranlar\u0131 \u0130ctimai Birliyi (AVMV\u0130B) \u0130mi\u015fli rayon \u015f\u00f6b\u0259sinin s\u0259dri, m\u00fcharib\u0259 veteran\u0131 Taleh Tapd\u0131qov \u015f\u0259hid ail\u0259l\u0259ri v\u0259 V\u0259t\u0259n m\u00fcharib\u0259si qazil\u0259rinin qald\u0131rd\u0131\u011f\u0131 probleml\u0259ri rayon r\u0259hb\u0259rliyin\u0259 \u00e7atd\u0131rmaq \u00fc\u00e7\u00fcn El\u00e7in Rzayevin q\u0259buluna gedib. Q\u0259bul etm\u0259m\u0259si bir yana qals\u0131n, onun \u00ab\u0130cra Hakimiyy\u0259ti\u00bb adl\u0131 \u00abobyekrin\u0259\u00bb g\u0259lmi\u015f Taleh Tapd\u0131qovu kpridorda g\u00f6r\u00fcb, sill\u0259l\u0259m\u0259kl\u0259 h\u0259d\u0259l\u0259yib v\u0259 \u00abpoxunu ye\u00bb&nbsp;<strong>(ifad\u0259 El\u00e7in m\u00fc\u0259llimin leksikonuna aid olsa da, ifad\u0259y\u0259 g\u00f6r\u0259 \u00fczr ist\u0259yirik-red.)<\/strong>&nbsp;dey\u0259r\u0259k t\u0259hdid v\u0259 t\u0259hqir etmi\u015f, \u00fcst\u0259lik dediyi ifad\u0259l\u0259r\u0259 adekvat cavab almas\u0131ndan qeyzl\u0259n\u0259n \u00abobyekt sahibi\u00bb olan bu h\u0259zr\u0259t, polis\u0259 \u015fikay\u0259t edib m\u00fcharib\u0259 veteran\u0131n\u0131n 5 sutka da h\u0259bsin\u0259 m\u0259hk\u0259m\u0259 \u00abf\u0259rman\u00bb verdirib. Bax buna i\u015fl\u0259m\u0259k deyirl\u0259r. Veterana \u00abi\u015f verib\u00bb, \u00abyem\u0259k verib\u00bb v\u0259 yatma\u011fa yer d\u0259 verib.<\/p>\n\n\n\n<p><br>C\u0259nab Ali Ba\u015f Komandan! Sizin g\u00f6st\u0259ri\u015fl\u0259rinizi, ya bu \u015f\u0259xs oxumay\u0131b, ya da anlamay\u0131bd\u0131r. Ya da ki, Sizin&nbsp;<strong>\u00abErm\u0259nistan t\u0259r\u0259fi is\u0259 \u00f6z v\u0259t\u0259nda\u015flar\u0131n\u0131 aldad\u0131rd\u0131, vicdans\u0131zcas\u0131na aldad\u0131rd\u0131, yalan dan\u0131\u015f\u0131rd\u0131\u00bb<\/strong>&nbsp;s\u00f6zl\u0259rinizi, n\u0259d\u0259ns\u0259 ba\u015f\u00e7\u0131 \u00f6z\u00fcn\u0259 \u015famil edib. \u00d6zg\u0259 c\u00fcr bir yozum tapa bilmirik. \u0130mi\u015fli rayonunu q\u0131sa vaxta bo\u011faza y\u0131\u011fan bir Ba\u015f\u00e7\u0131 bar\u0259d\u0259 ciddi \u00f6l\u00e7\u00fc g\u00f6t\u00fcr\u00fclm\u0259lidir. Qazil\u0259rin neqativ m\u00fcnasib\u0259t\u0259 g\u00f6r\u0259 ilk etiraz s\u0259sini \u0130mi\u015flid\u0259 (may 2021-ci il) qald\u0131rmas\u0131 h\u0259yacan t\u0259bili \u00e7almaq \u00fc\u00e7\u00fcn \u0259sas verir (Videonu \u0259lav\u0259 edirik \u2014 red.).<\/p>\n\n\n\n<p><br>M\u00fcharib\u0259 veteran\u0131n\u0131 nalayiq k\u00fc\u00e7\u0259 s\u00f6y\u00fc\u015f\u00fcyl\u0259 t\u0259hqir ed\u0259n, \u015fill\u0259l\u0259m\u0259kl\u0259 t\u0259hdid ed\u0259n El\u00e7in Rzayev kimi \u015f\u0259xsl\u0259r Sizin reputasiyan\u0131za, y\u00fcks\u0259k reytinqiniz\u0259 kiml\u0259rins\u0259 sifari\u015fiyl\u0259 z\u0259rb\u0259 vurma\u011fa \u00e7al\u0131\u015f\u0131r. Biz d\u0259f\u0259l\u0259rl\u0259 yazm\u0131\u015f\u0131q v\u0259 yen\u0259 t\u0259krar\u0259n yaz\u0131r\u0131q. M\u00fcharib\u0259d\u0259 d\u00fc\u015fm\u0259n\u0259 qar\u015f\u0131 d\u00f6y\u00fc\u015fm\u00fc\u015f veterana nifr\u0259t b\u0259sl\u0259y\u0259nl\u0259rin bizim xalqa d\u0259xli yoxdur v\u0259 onlar\u0131n \u0259m\u0259ll\u0259ri, m\u0259nsubiyy\u0259tl\u0259ri d\u0259rhal ara\u015fd\u0131r\u0131lmal\u0131d\u0131r.<\/p>\n\n\n\n<p>Q\u0131sa vaxtda rayonda t\u00f6r\u0259tdiyi korrupsiya \u0259m\u0259ll\u0259ri v\u0259 qanunsuzluqlar bar\u0259d\u0259 silsil\u0259 yaz\u0131lar\u0131 diqq\u0259tiniz\u0259 \u00e7atd\u0131raca\u011f\u0131q.<\/p>\n\n\n\n<p><br>Ali Ba\u015f Komandan\u0131m\u0131z, biz yaln\u0131z Siz\u0259 inan\u0131r v\u0259 bu c\u00fcr pozucu \u0259m\u0259ll\u0259r\u0259 qar\u015f\u0131 \u00abD\u0259mir yumru\u011fun\u00bb z\u0259rb\u0259sinin bu c\u00fcr m\u0259murlar\u0131n ba\u015f\u0131na en\u0259c\u0259yi g\u00fcn\u00fc g\u00f6zl\u0259yirik. Sizin \u0259sg\u0259riniz\u0259 bu c\u00fcr yana\u015fan bir \u015f\u0259xsin m\u0259sul v\u0259zif\u0259d\u0259 saxlanmas\u0131 b\u00fct\u00fcn d\u00f6y\u00fc\u015f\u00e7\u00fcl\u0259rin t\u0259hqir olunmas\u0131d\u0131r.<\/p>\n\n\n\n<p><strong>P.S.&nbsp;&nbsp;Az\u0259rbaycan V\u0259t\u0259n M\u00fcharib\u0259si Veteranlar\u0131 \u0130ctimai Birliyi (AVMV\u0130B) ba\u015f vermi\u015f bu biyab\u0131r\u00e7\u0131, m\u0259mur ad\u0131na yara\u015fmayan hadis\u0259yl\u0259 ba\u011fl\u0131 \u00f6lk\u0259 ba\u015f\u00e7\u0131s\u0131na v\u0259 aidiyyatl\u0131 orqanlara m\u00fcraci\u0259t \u00fcnvanlay\u0131b. \u00dcmid edirik ki, s\u0259lahiyy\u0259t h\u0259ddini a\u015fan \u0130mi\u015fli rayon \u0130cra Hakimiyy\u0259tinin Ba\u015f\u00e7\u0131s\u0131 El\u00e7in Rzayev bar\u0259sind\u0259 d\u0259rhal ciddi \u00f6l\u00e7\u00fc g\u00f6t\u00fcr\u00fcl\u0259c\u0259k. \u015e\u0259hidl\u0259rimizin qan\u0131 qurumam\u0131\u015f, qazil\u0259rimizin yaras\u0131 qaysaqlamam\u0131\u015f onlara bu c\u00fcr m\u00fcnasib\u0259t g\u00f6st\u0259r\u0259n \u015f\u0259xs bu m\u0259ml\u0259k\u0259td\u0259, n\u0259inki v\u0259zif\u0259d\u0259 i\u015fl\u0259y\u0259 bilm\u0259z, h\u0259tta ya\u015famas\u0131 bel\u0259 g\u00fcnah olar. \u0130nan\u0131r\u0131q ki, h\u0259r bir d\u00f6y\u00fc\u015f\u00e7\u00fcn\u00fcn M\u00fcz\u0259ff\u0259r Ali Ba\u015f Komandan\u0131 \u00f6z s\u00f6z\u00fcn\u00fc el\u0259 c\u0259bh\u0259l\u0259rd\u0259 oldu\u011fu kimi dey\u0259c\u0259kdir.<\/strong><\/p>\n\n\n\n<p><strong><br>F\u0259dai.az Ara\u015fd\u0131rma Qrupu<\/strong><\/p>\n\n\n\n<figure class=\"wp-block-embed is-type-video is-provider-youtube wp-block-embed-youtube wp-embed-aspect-16-9 wp-has-aspect-ratio\"><div class=\"wp-block-embed__wrapper\">\nhttps:\/\/youtu.be\/0p8X0m-sbx0\n<\/div><\/figure>\n","protected":false},"excerpt":{"rendered":"<p>M\u00fcraci\u0259t ed\u0259n veterana \u015fill\u0259l\u0259m\u0259k xoxu g\u0259l\u0259n, \u00ab\u2026 yedir\u0259n\u00bb v\u0259 5 sutka \u00ablaylayla\u00bb i\u015f verdir\u0259n k\u00f6hn\u0259liyin&#8230;<\/p>\n","protected":false},"author":3,"featured_media":13887,"comment_status":"closed","ping_status":"closed","sticky":false,"template":"","format":"standard","meta":{"footnotes":""},"categories":[10],"tags":[],"class_list":["post-13884","post","type-post","status-publish","format-standard","has-post-thumbnail","hentry","category-avmvib"],"featured_image_urls":{"full":["https:\/\/veteran.az\/wp-content\/uploads\/2021\/12\/6c21ed177b987bdcddc05bffb53fe561.jpg",236,354,false],"thumbnail":["https:\/\/veteran.az\/wp-content\/uploads\/2021\/12\/6c21ed177b987bdcddc05bffb53fe561-150x150.jpg",150,150,true],"medium":["https:\/\/veteran.az\/wp-content\/uploads\/2021\/12\/6c21ed177b987bdcddc05bffb53fe561-200x300.jpg",200,300,true],"medium_large":["https:\/\/veteran.az\/wp-content\/uploads\/2021\/12\/6c21ed177b987bdcddc05bffb53fe561.jpg",236,354,false],"large":["https:\/\/veteran.az\/wp-content\/uploads\/2021\/12\/6c21ed177b987bdcddc05bffb53fe561.jpg",236,354,false],"1536x1536":["https:\/\/veteran.az\/wp-content\/uploads\/2021\/12\/6c21ed177b987bdcddc05bffb53fe561.jpg",236,354,false],"2048x2048":["https:\/\/veteran.az\/wp-content\/uploads\/2021\/12\/6c21ed177b987bdcddc05bffb53fe561.jpg",236,354,false],"covernews-slider-full":["https:\/\/veteran.az\/wp-content\/uploads\/2021\/12\/6c21ed177b987bdcddc05bffb53fe561.jpg",236,354,false],"covernews-slider-center":["https:\/\/veteran.az\/wp-content\/uploads\/2021\/12\/6c21ed177b987bdcddc05bffb53fe561.jpg",236,354,false],"covernews-featured":["https:\/\/veteran.az\/wp-content\/uploads\/2021\/12\/6c21ed177b987bdcddc05bffb53fe561.jpg",236,354,false],"covernews-medium":["https:\/\/veteran.az\/wp-content\/uploads\/2021\/12\/6c21ed177b987bdcddc05bffb53fe561.jpg",227,340,false],"covernews-medium-square":["https:\/\/veteran.az\/wp-content\/uploads\/2021\/12\/6c21ed177b987bdcddc05bffb53fe561.jpg",167,250,false]},"author_info":{"display_name":"Veteran.az","author_link":"https:\/\/veteran.az\/?author=3"},"category_info":"<a href=\"https:\/\/veteran.az\/?cat=10\" rel=\"category\">AVMV\u0130B<\/a>","tag_info":"AVMV\u0130B","comment_count":"0","_links":{"self":[{"href":"https:\/\/veteran.az\/index.php?rest_route=\/wp\/v2\/posts\/13884","targetHints":{"allow":["GET"]}}],"collection":[{"href":"https:\/\/veteran.az\/index.php?rest_route=\/wp\/v2\/posts"}],"about":[{"href":"https:\/\/veteran.az\/index.php?rest_route=\/wp\/v2\/types\/post"}],"author":[{"embeddable":true,"href":"https:\/\/veteran.az\/index.php?rest_route=\/wp\/v2\/users\/3"}],"replies":[{"embeddable":true,"href":"https:\/\/veteran.az\/index.php?rest_route=%2Fwp%2Fv2%2Fcomments&post=13884"}],"version-history":[{"count":1,"href":"https:\/\/veteran.az\/index.php?rest_route=\/wp\/v2\/posts\/13884\/revisions"}],"predecessor-version":[{"id":13888,"href":"https:\/\/veteran.az\/index.php?rest_route=\/wp\/v2\/posts\/13884\/revisions\/13888"}],"wp:featuredmedia":[{"embeddable":true,"href":"https:\/\/veteran.az\/index.php?rest_route=\/wp\/v2\/media\/13887"}],"wp:attachment":[{"href":"https:\/\/veteran.az\/index.php?rest_route=%2Fwp%2Fv2%2Fmedia&parent=13884"}],"wp:term":[{"taxonomy":"category","embeddable":true,"href":"https:\/\/veteran.az\/index.php?rest_route=%2Fwp%2Fv2%2Fcategories&post=13884"},{"taxonomy":"post_tag","embeddable":true,"href":"https:\/\/veteran.az\/index.php?rest_route=%2Fwp%2Fv2%2Ftags&post=13884"}],"curies":[{"name":"wp","href":"https:\/\/api.w.org\/{rel}","templated":true}]}}