{"id":13872,"date":"2021-12-14T03:35:49","date_gmt":"2021-12-13T23:35:49","guid":{"rendered":"http:\/\/veteran.az\/?p=13872"},"modified":"2021-12-14T03:35:49","modified_gmt":"2021-12-13T23:35:49","slug":"ankara-ir%c9%99van-muzakir%c9%99si-baslayir-bakinin-s%c9%99rti-%c9%99sasdir","status":"publish","type":"post","link":"https:\/\/veteran.az\/?p=13872","title":{"rendered":"Ankara-\u0130r\u0259van m\u00fczakir\u0259si ba\u015flay\u0131r: Bak\u0131n\u0131n \u015f\u0259rti \u0259sasd\u0131r"},"content":{"rendered":"\n<p><strong>Ankara v\u0259 \u0130r\u0259van m\u00fcnasib\u0259tl\u0259rin normalla\u015fmas\u0131n\u0131 m\u00fczakir\u0259 etm\u0259k \u00fc\u00e7\u00fcn x\u00fcsusi n\u00fcmay\u0259nd\u0259l\u0259r t\u0259yin ed\u0259c\u0259k. \u00c7avu\u015fo\u011flu bildirib ki, \u201cm\u00fcnasib\u0259tl\u0259rin normalla\u015fmas\u0131 \u00fc\u00e7\u00fcn b\u00fct\u00fcn add\u0131mlar\u0131 yaln\u0131z Az\u0259rbaycanla birlikd\u0259 ataca\u011f\u0131q\u201d.<\/strong><\/p>\n\n\n\n<p>Bu, normalla\u015fma prosesind\u0259 Ankaran\u0131n \u0130r\u0259van qar\u015f\u0131s\u0131nda \u015f\u0259rt kimi Bak\u0131n\u0131n g\u00fcnd\u0259liyini t\u0259qdim etm\u0259si dem\u0259kdir: Erm\u0259nistan \u0259razi iddialar\u0131ndan \u0259l \u00e7\u0259km\u0259li, Az\u0259rbaycanla s\u00fclh sazi\u015fini imzalamal\u0131d\u0131r.<\/p>\n\n\n\n<p>T\u00fcrkiy\u0259 bu \u015f\u0259rti \u0259vv\u0259ld\u0259n g\u00fcnd\u0259md\u0259 saxlay\u0131r. \u0130ndi qar\u015f\u0131l\u0131ql\u0131 olaraq x\u00fcsusi n\u00fcmay\u0259nd\u0259l\u0259rin t\u0259yin edilm\u0259sin\u0259 haz\u0131rl\u0131q \u0130r\u0259van\u0131n \u015f\u0259rtl\u0259ri q\u0259bul etm\u0259sinin m\u00fcmk\u00fcnl\u00fcy\u00fcnd\u0259n x\u0259b\u0259r verir. Proses h\u0259l\u0259 ba\u015flan\u011f\u0131c n\u00f6qt\u0259sind\u0259dir, lakin Erm\u0259nistan \u00fc\u00e7\u00fcn T\u00fcrkiy\u0259 il\u0259 s\u0259rh\u0259dl\u0259rin a\u00e7\u0131lmas\u0131n\u0131n prioritet oldu\u011funu n\u0259z\u0259r\u0259 alsaq, yekunda Bak\u0131n\u0131n t\u0259l\u0259bl\u0259rini q\u0259bul etm\u0259li olaca\u011f\u0131n\u0131 hesab etm\u0259k olar.<\/p>\n\n\n\n<p>3+3 format\u0131n\u0131n inki\u015faf\u0131 da bu prosesd\u0259 \u0259h\u0259miyy\u0259tli rol oynayacaq.<\/p>\n\n\n\n<p>M\u0259nb\u0259: Axar.az<\/p>\n","protected":false},"excerpt":{"rendered":"<p>Ankara v\u0259 \u0130r\u0259van m\u00fcnasib\u0259tl\u0259rin normalla\u015fmas\u0131n\u0131 m\u00fczakir\u0259 etm\u0259k \u00fc\u00e7\u00fcn x\u00fcsusi n\u00fcmay\u0259nd\u0259l\u0259r t\u0259yin ed\u0259c\u0259k. \u00c7avu\u015fo\u011flu bildirib ki,&#8230;<\/p>\n","protected":false},"author":3,"featured_media":13873,"comment_status":"closed","ping_status":"closed","sticky":false,"template":"","format":"standard","meta":{"footnotes":""},"categories":[6],"tags":[],"class_list":["post-13872","post","type-post","status-publish","format-standard","has-post-thumbnail","hentry","category-cmiyyt"],"featured_image_urls":{"full":["https:\/\/veteran.az\/wp-content\/uploads\/2021\/12\/middle-east-turkey-ankara-city-night-medium.jpg",1000,667,false],"thumbnail":["https:\/\/veteran.az\/wp-content\/uploads\/2021\/12\/middle-east-turkey-ankara-city-night-medium-150x150.jpg",150,150,true],"medium":["https:\/\/veteran.az\/wp-content\/uploads\/2021\/12\/middle-east-turkey-ankara-city-night-medium-300x200.jpg",300,200,true],"medium_large":["https:\/\/veteran.az\/wp-content\/uploads\/2021\/12\/middle-east-turkey-ankara-city-night-medium-768x512.jpg",640,427,true],"large":["https:\/\/veteran.az\/wp-content\/uploads\/2021\/12\/middle-east-turkey-ankara-city-night-medium.jpg",640,427,false],"1536x1536":["https:\/\/veteran.az\/wp-content\/uploads\/2021\/12\/middle-east-turkey-ankara-city-night-medium.jpg",1000,667,false],"2048x2048":["https:\/\/veteran.az\/wp-content\/uploads\/2021\/12\/middle-east-turkey-ankara-city-night-medium.jpg",1000,667,false],"covernews-slider-full":["https:\/\/veteran.az\/wp-content\/uploads\/2021\/12\/middle-east-turkey-ankara-city-night-medium.jpg",1000,667,false],"covernews-slider-center":["https:\/\/veteran.az\/wp-content\/uploads\/2021\/12\/middle-east-turkey-ankara-city-night-medium-936x667.jpg",702,500,true],"covernews-featured":["https:\/\/veteran.az\/wp-content\/uploads\/2021\/12\/middle-east-turkey-ankara-city-night-medium.jpg",1000,667,false],"covernews-medium":["https:\/\/veteran.az\/wp-content\/uploads\/2021\/12\/middle-east-turkey-ankara-city-night-medium-720x380.jpg",540,285,true],"covernews-medium-square":["https:\/\/veteran.az\/wp-content\/uploads\/2021\/12\/middle-east-turkey-ankara-city-night-medium-675x450.jpg",375,250,true]},"author_info":{"display_name":"Veteran.az","author_link":"https:\/\/veteran.az\/?author=3"},"category_info":"<a href=\"https:\/\/veteran.az\/?cat=6\" rel=\"category\">C\u0259miyy\u0259t<\/a>","tag_info":"C\u0259miyy\u0259t","comment_count":"0","_links":{"self":[{"href":"https:\/\/veteran.az\/index.php?rest_route=\/wp\/v2\/posts\/13872","targetHints":{"allow":["GET"]}}],"collection":[{"href":"https:\/\/veteran.az\/index.php?rest_route=\/wp\/v2\/posts"}],"about":[{"href":"https:\/\/veteran.az\/index.php?rest_route=\/wp\/v2\/types\/post"}],"author":[{"embeddable":true,"href":"https:\/\/veteran.az\/index.php?rest_route=\/wp\/v2\/users\/3"}],"replies":[{"embeddable":true,"href":"https:\/\/veteran.az\/index.php?rest_route=%2Fwp%2Fv2%2Fcomments&post=13872"}],"version-history":[{"count":1,"href":"https:\/\/veteran.az\/index.php?rest_route=\/wp\/v2\/posts\/13872\/revisions"}],"predecessor-version":[{"id":13874,"href":"https:\/\/veteran.az\/index.php?rest_route=\/wp\/v2\/posts\/13872\/revisions\/13874"}],"wp:featuredmedia":[{"embeddable":true,"href":"https:\/\/veteran.az\/index.php?rest_route=\/wp\/v2\/media\/13873"}],"wp:attachment":[{"href":"https:\/\/veteran.az\/index.php?rest_route=%2Fwp%2Fv2%2Fmedia&parent=13872"}],"wp:term":[{"taxonomy":"category","embeddable":true,"href":"https:\/\/veteran.az\/index.php?rest_route=%2Fwp%2Fv2%2Fcategories&post=13872"},{"taxonomy":"post_tag","embeddable":true,"href":"https:\/\/veteran.az\/index.php?rest_route=%2Fwp%2Fv2%2Ftags&post=13872"}],"curies":[{"name":"wp","href":"https:\/\/api.w.org\/{rel}","templated":true}]}}