{"id":13863,"date":"2021-12-13T13:34:09","date_gmt":"2021-12-13T09:34:09","guid":{"rendered":"http:\/\/veteran.az\/?p=13863"},"modified":"2021-12-13T13:34:10","modified_gmt":"2021-12-13T09:34:10","slug":"boris-avaqyan-s%c9%99rh%c9%99dd%c9%99-atismalar-davam-ed%c9%99c%c9%99k-6-k%c9%99nd-is%c9%99-az%c9%99rbaycana-veril%c9%99c%c9%99k","status":"publish","type":"post","link":"https:\/\/veteran.az\/?p=13863","title":{"rendered":"Boris Avaqyan: \u201cS\u0259rh\u0259dd\u0259 at\u0131\u015fmalar davam ed\u0259c\u0259k, 6 k\u0259nd is\u0259 Az\u0259rbaycana veril\u0259c\u0259k\u201d"},"content":{"rendered":"\n<p><strong>Qaraba\u011fdak\u0131 qondarma rejimin ke\u00e7mi\u015f \u201cf\u00f6vq\u0259lad\u0259 hallar naziri\u201d Boris Avaqyan Erm\u0259nistanda bundan sonra ba\u015f ver\u0259c\u0259k hadis\u0259l\u0259rl\u0259 ba\u011fl\u0131 a\u00e7\u0131qlama verib. Alp.az x\u0259b\u0259r verir ki, o, bu bar\u0259d\u0259 Facebook s\u0259hif\u0259sind\u0259 yaz\u0131b.<\/strong><\/p>\n\n\n\n<p>Avaqyan iddia edib ki, g\u0259l\u0259c\u0259kd\u0259 Pa\u015finyan v\u0259 onun \u201cdostlar\u0131\u201dn\u0131n (Q\u0259rbi n\u0259z\u0259rd\u0259 tutur) t\u0259\u015fkil etdiyi s\u0259rh\u0259d at\u0131\u015fmalar\u0131n\u0131n k\u0259skinl\u0259\u015fm\u0259si ba\u015f ver\u0259c\u0259k. \u201c\u00d6l\u0259nl\u0259r v\u0259 yaralananlar olacaq. Bundan sonra Pa\u015finyan deputatlara 6 k\u0259ndin olub-olmamas\u0131 il\u0259 ba\u011fl\u0131 s\u0259sverm\u0259 \u00fc\u00e7\u00fcn Milli M\u0259clis\u0259 t\u0259klif ver\u0259c\u0259k. Tavu\u015flular raz\u0131la\u015facaq v\u0259 h\u0259min k\u0259ndl\u0259r Az\u0259rbaycana t\u0259hvil veril\u0259c\u0259k\u201d.<\/p>\n\n\n\n<p>Avaqyan\u0131n fikrinc\u0259, Erm\u0259nistan m\u00fcxalif\u0259tinin p\u0259rak\u0259nd\u0259liyi v\u0259 ona inams\u0131zl\u0131q ucbat\u0131ndan irimiqyasl\u0131 k\u00fc\u00e7\u0259 aksiyalar\u0131 t\u0259\u015fkil etm\u0259k m\u00fcmk\u00fcn olmayacaq. \u201cOnlar ki\u00e7ik qruplar \u015f\u0259klind\u0259 H\u00f6kum\u0259t binas\u0131 qar\u015f\u0131s\u0131nda q\u0131\u015fq\u0131racaq, sonra polis onlar\u0131 da\u011f\u0131dacaq. Bundan sonra he\u00e7 kim y\u0131\u011f\u0131\u015fmayacaq. \u00c7\u00fcnki q\u0131\u015fda soyuq olur. Bu arada demarkasiya prosesi h\u0259yata ke\u00e7iril\u0259c\u0259k v\u0259 Pa\u015finyan n\u0259zar\u0259tind\u0259 olan media v\u0259 sosial \u015f\u0259b\u0259k\u0259l\u0259r vasit\u0259sil\u0259 h\u0259r \u015feyin ruslar\u0131n g\u00fcnahkar oldu\u011funu, guya ruslar\u0131n onu buna m\u0259cbur etdiyini yayacaq. Zombil\u0259r bunu udub h\u0259r \u015feyd\u0259 Putini g\u00fcnahland\u0131racaq. Pa\u015finyan v\u0259 d\u0259st\u0259si is\u0259 m\u0259xm\u0259ri kreslolar\u0131nda sakit oturub s\u0259nin hesab\u0131na bahal\u0131 BMW alma\u011fa davam ed\u0259c\u0259k\u201d.<\/p>\n\n\n\n<p>M\u0259nb\u0259: Jamaz.info<\/p>\n","protected":false},"excerpt":{"rendered":"<p>Qaraba\u011fdak\u0131 qondarma rejimin ke\u00e7mi\u015f \u201cf\u00f6vq\u0259lad\u0259 hallar naziri\u201d Boris Avaqyan Erm\u0259nistanda bundan sonra ba\u015f ver\u0259c\u0259k hadis\u0259l\u0259rl\u0259&#8230;<\/p>\n","protected":false},"author":3,"featured_media":0,"comment_status":"closed","ping_status":"closed","sticky":false,"template":"","format":"standard","meta":{"footnotes":""},"categories":[9],"tags":[],"class_list":["post-13863","post","type-post","status-publish","format-standard","hentry","category-sq"],"featured_image_urls":{"full":"","thumbnail":"","medium":"","medium_large":"","large":"","1536x1536":"","2048x2048":"","covernews-slider-full":"","covernews-slider-center":"","covernews-featured":"","covernews-medium":"","covernews-medium-square":""},"author_info":{"display_name":"Veteran.az","author_link":"https:\/\/veteran.az\/?author=3"},"category_info":"<a href=\"https:\/\/veteran.az\/?cat=9\" rel=\"category\">Silahl\u0131 Q\u00fcvv\u0259l\u0259r<\/a>","tag_info":"Silahl\u0131 Q\u00fcvv\u0259l\u0259r","comment_count":"0","_links":{"self":[{"href":"https:\/\/veteran.az\/index.php?rest_route=\/wp\/v2\/posts\/13863","targetHints":{"allow":["GET"]}}],"collection":[{"href":"https:\/\/veteran.az\/index.php?rest_route=\/wp\/v2\/posts"}],"about":[{"href":"https:\/\/veteran.az\/index.php?rest_route=\/wp\/v2\/types\/post"}],"author":[{"embeddable":true,"href":"https:\/\/veteran.az\/index.php?rest_route=\/wp\/v2\/users\/3"}],"replies":[{"embeddable":true,"href":"https:\/\/veteran.az\/index.php?rest_route=%2Fwp%2Fv2%2Fcomments&post=13863"}],"version-history":[{"count":1,"href":"https:\/\/veteran.az\/index.php?rest_route=\/wp\/v2\/posts\/13863\/revisions"}],"predecessor-version":[{"id":13865,"href":"https:\/\/veteran.az\/index.php?rest_route=\/wp\/v2\/posts\/13863\/revisions\/13865"}],"wp:attachment":[{"href":"https:\/\/veteran.az\/index.php?rest_route=%2Fwp%2Fv2%2Fmedia&parent=13863"}],"wp:term":[{"taxonomy":"category","embeddable":true,"href":"https:\/\/veteran.az\/index.php?rest_route=%2Fwp%2Fv2%2Fcategories&post=13863"},{"taxonomy":"post_tag","embeddable":true,"href":"https:\/\/veteran.az\/index.php?rest_route=%2Fwp%2Fv2%2Ftags&post=13863"}],"curies":[{"name":"wp","href":"https:\/\/api.w.org\/{rel}","templated":true}]}}