{"id":13829,"date":"2021-12-12T02:41:57","date_gmt":"2021-12-11T22:41:57","guid":{"rendered":"http:\/\/veteran.az\/?p=13829"},"modified":"2021-12-12T02:41:59","modified_gmt":"2021-12-11T22:41:59","slug":"turkiy%c9%99-s%c9%99firliyi-heyd%c9%99r-%c9%99liyevin-anim-gunu-il%c9%99-bagli-paylasim-edib","status":"publish","type":"post","link":"https:\/\/veteran.az\/?p=13829","title":{"rendered":"T\u00fcrkiy\u0259 S\u0259firliyi Heyd\u0259r \u018fliyevin an\u0131m g\u00fcn\u00fc il\u0259 ba\u011fl\u0131 payla\u015f\u0131m edib"},"content":{"rendered":"\n<p><strong>T\u00fcrkiy\u0259nin \u00f6lk\u0259mizd\u0259ki S\u0259firliyi Az\u0259rbaycan xalq\u0131n\u0131n Ulu \u00f6nd\u0259ri Heyd\u0259r \u018fliyevin v\u0259fat\u0131n\u0131n 18-ci ild\u00f6n\u00fcm\u00fc m\u00fcnasib\u0259til\u0259 payla\u015f\u0131m edib.<\/strong><br><br>S\u0259firliyin\u00a0twitterd\u0259ki payla\u015f\u0131m\u0131nda ulu \u00f6nd\u0259rin xatir\u0259si ehtiramla yad edilib.<\/p>\n\n\n\n<p>\u201c\u00dcmummilli Lider Heyd\u0259r \u018fliyevi v\u0259fat\u0131n\u0131n 18-ci ild\u00f6n\u00fcm\u00fc m\u00fcnasib\u0259til\u0259 r\u0259hm\u0259t v\u0259 ehtiramla yad edirik\u201d, &#8212; payla\u015f\u0131mda qeyd olunur.<\/p>\n\n\n\n<figure class=\"wp-block-embed is-type-rich is-provider-twitter wp-block-embed-twitter\"><div class=\"wp-block-embed__wrapper\">\n<blockquote class=\"twitter-tweet\" data-width=\"550\" data-dnt=\"true\"><p lang=\"tr\" dir=\"ltr\">\u00dcmummilli Lider Heyd\u0259r \u018fliyevi v\u0259fat\u0131n\u0131n 18-ci ild\u00f6n\u00fcm\u00fc m\u00fcnasib\u0259til\u0259 r\u0259hm\u0259t v\u0259 ehtiramla yad edirik. <a href=\"https:\/\/t.co\/1h6otUacRB\">pic.twitter.com\/1h6otUacRB<\/a><\/p>&mdash; T\u00fcrkiye in Azerbaijan (@TC_BakuBE) <a href=\"https:\/\/twitter.com\/TC_BakuBE\/status\/1469747157527932928?ref_src=twsrc%5Etfw\">December 11, 2021<\/a><\/blockquote><script async src=\"https:\/\/platform.twitter.com\/widgets.js\" charset=\"utf-8\"><\/script>\n<\/div><\/figure>\n","protected":false},"excerpt":{"rendered":"<p>T\u00fcrkiy\u0259nin \u00f6lk\u0259mizd\u0259ki S\u0259firliyi Az\u0259rbaycan xalq\u0131n\u0131n Ulu \u00f6nd\u0259ri Heyd\u0259r \u018fliyevin v\u0259fat\u0131n\u0131n 18-ci ild\u00f6n\u00fcm\u00fc m\u00fcnasib\u0259til\u0259 payla\u015f\u0131m edib&#8230;.<\/p>\n","protected":false},"author":3,"featured_media":13830,"comment_status":"closed","ping_status":"closed","sticky":false,"template":"","format":"standard","meta":{"footnotes":""},"categories":[6],"tags":[],"class_list":["post-13829","post","type-post","status-publish","format-standard","has-post-thumbnail","hentry","category-cmiyyt"],"featured_image_urls":{"full":["https:\/\/veteran.az\/wp-content\/uploads\/2021\/12\/cf2ce99a-a6dc-3a92-8936-e1a75a322fbb_850.jpg",850,530,false],"thumbnail":["https:\/\/veteran.az\/wp-content\/uploads\/2021\/12\/cf2ce99a-a6dc-3a92-8936-e1a75a322fbb_850-150x150.jpg",150,150,true],"medium":["https:\/\/veteran.az\/wp-content\/uploads\/2021\/12\/cf2ce99a-a6dc-3a92-8936-e1a75a322fbb_850-300x187.jpg",300,187,true],"medium_large":["https:\/\/veteran.az\/wp-content\/uploads\/2021\/12\/cf2ce99a-a6dc-3a92-8936-e1a75a322fbb_850-768x479.jpg",640,399,true],"large":["https:\/\/veteran.az\/wp-content\/uploads\/2021\/12\/cf2ce99a-a6dc-3a92-8936-e1a75a322fbb_850.jpg",640,399,false],"1536x1536":["https:\/\/veteran.az\/wp-content\/uploads\/2021\/12\/cf2ce99a-a6dc-3a92-8936-e1a75a322fbb_850.jpg",850,530,false],"2048x2048":["https:\/\/veteran.az\/wp-content\/uploads\/2021\/12\/cf2ce99a-a6dc-3a92-8936-e1a75a322fbb_850.jpg",850,530,false],"covernews-slider-full":["https:\/\/veteran.az\/wp-content\/uploads\/2021\/12\/cf2ce99a-a6dc-3a92-8936-e1a75a322fbb_850.jpg",850,530,false],"covernews-slider-center":["https:\/\/veteran.az\/wp-content\/uploads\/2021\/12\/cf2ce99a-a6dc-3a92-8936-e1a75a322fbb_850.jpg",800,500,false],"covernews-featured":["https:\/\/veteran.az\/wp-content\/uploads\/2021\/12\/cf2ce99a-a6dc-3a92-8936-e1a75a322fbb_850.jpg",850,530,false],"covernews-medium":["https:\/\/veteran.az\/wp-content\/uploads\/2021\/12\/cf2ce99a-a6dc-3a92-8936-e1a75a322fbb_850-720x380.jpg",540,285,true],"covernews-medium-square":["https:\/\/veteran.az\/wp-content\/uploads\/2021\/12\/cf2ce99a-a6dc-3a92-8936-e1a75a322fbb_850-675x450.jpg",375,250,true]},"author_info":{"display_name":"Veteran.az","author_link":"https:\/\/veteran.az\/?author=3"},"category_info":"<a href=\"https:\/\/veteran.az\/?cat=6\" rel=\"category\">C\u0259miyy\u0259t<\/a>","tag_info":"C\u0259miyy\u0259t","comment_count":"0","_links":{"self":[{"href":"https:\/\/veteran.az\/index.php?rest_route=\/wp\/v2\/posts\/13829","targetHints":{"allow":["GET"]}}],"collection":[{"href":"https:\/\/veteran.az\/index.php?rest_route=\/wp\/v2\/posts"}],"about":[{"href":"https:\/\/veteran.az\/index.php?rest_route=\/wp\/v2\/types\/post"}],"author":[{"embeddable":true,"href":"https:\/\/veteran.az\/index.php?rest_route=\/wp\/v2\/users\/3"}],"replies":[{"embeddable":true,"href":"https:\/\/veteran.az\/index.php?rest_route=%2Fwp%2Fv2%2Fcomments&post=13829"}],"version-history":[{"count":1,"href":"https:\/\/veteran.az\/index.php?rest_route=\/wp\/v2\/posts\/13829\/revisions"}],"predecessor-version":[{"id":13831,"href":"https:\/\/veteran.az\/index.php?rest_route=\/wp\/v2\/posts\/13829\/revisions\/13831"}],"wp:featuredmedia":[{"embeddable":true,"href":"https:\/\/veteran.az\/index.php?rest_route=\/wp\/v2\/media\/13830"}],"wp:attachment":[{"href":"https:\/\/veteran.az\/index.php?rest_route=%2Fwp%2Fv2%2Fmedia&parent=13829"}],"wp:term":[{"taxonomy":"category","embeddable":true,"href":"https:\/\/veteran.az\/index.php?rest_route=%2Fwp%2Fv2%2Fcategories&post=13829"},{"taxonomy":"post_tag","embeddable":true,"href":"https:\/\/veteran.az\/index.php?rest_route=%2Fwp%2Fv2%2Ftags&post=13829"}],"curies":[{"name":"wp","href":"https:\/\/api.w.org\/{rel}","templated":true}]}}