{"id":13827,"date":"2021-12-12T00:06:20","date_gmt":"2021-12-11T20:06:20","guid":{"rendered":"http:\/\/veteran.az\/?p=13827"},"modified":"2021-12-12T00:06:21","modified_gmt":"2021-12-11T20:06:21","slug":"sahil-babayev-pensiyalar-orta-hesabla-60-faiz-artib","status":"publish","type":"post","link":"https:\/\/veteran.az\/?p=13827","title":{"rendered":"Sahil Babayev: &#171;Pensiyalar orta hesabla 60 faiz art\u0131b&#187;"},"content":{"rendered":"\n<p><strong>\u201c\u00dcmumilikd\u0259, \u015f\u0259hid ail\u0259l\u0259ri, m\u00fcharib\u0259 \u0259lill\u0259ri, m\u00fcharib\u0259 i\u015ftirak\u00e7\u0131lar\u0131 h\u0259yata ke\u00e7iril\u0259n sosial siyas\u0259tin \u0259sas\u0131n\u0131 t\u0259\u015fkil edir\u201d.<\/strong><\/p>\n\n\n\n<p>Bu fikirl\u0259ri YA\u015eAT Fondunun bir illik f\u0259aliyy\u0259tin\u0259 h\u0259sr olunmu\u015f m\u0259tbuat konfrans\u0131nda \u00e7\u0131x\u0131\u015f\u0131 zaman\u0131 \u018fm\u0259k v\u0259 \u018fhalinin Sosial M\u00fcdafi\u0259si naziri Sahil Babayev s\u0259sl\u0259ndirib.<\/p>\n\n\n\n<p>\u201cVahid \u0259laq\u0259l\u0259ndirm\u0259 m\u0259rk\u0259zind\u0259 7 m\u0259rk\u0259zi icra hakimiyy\u0259ti orqan\u0131n\u0131n xidm\u0259tl\u0259ri topland\u0131. Bu m\u0259rk\u0259zl\u0259r q\u0131sa m\u00fcdd\u0259t \u0259rzind\u0259 f\u0259aliyy\u0259t\u0259 ba\u015flad\u0131. Bak\u0131 \u015f\u0259h\u0259rini tam \u015f\u0259kild\u0259 \u0259hat\u0259 edir. M\u0259rk\u0259zl\u0259rd\u0259 \u00f6t\u0259n 3 ay \u0259rzind\u0259 4 min 163 \u015f\u0259xs\u0259 xidm\u0259t g\u00f6st\u0259rilib\u201d, \u2013 dey\u0259 nazir qeyd edib.<\/p>\n\n\n\n<p>\u201cSon ill\u0259rd\u0259 h\u0259yata ke\u00e7iril\u0259n silsil\u0259 t\u0259dbirl\u0259r n\u0259tic\u0259sind\u0259 2018-ci ilin \u0259vv\u0259li il\u0259 m\u00fcqayis\u0259d\u0259 2021-ci ilin sonunda d\u00f6vl\u0259tin sosial \u00f6d\u0259ni\u015fl\u0259r\u0259 ay\u0131rd\u0131\u011f\u0131 v\u0259saitin m\u0259bl\u0259\u011fi 60 faiz \u2013 2,4 milyard manat art\u0131b. Bu d\u00f6vr \u0259rzind\u0259 pensiyalar orta hesabla 60 faiz art\u0131b\u201d.<\/p>\n\n\n\n<p>Sahil Babayev \u00e7a\u011f\u0131r\u0131\u015flar\u0131n oldu\u011funu da vur\u011fulay\u0131b:<\/p>\n\n\n\n<p>\u201c\u018flb\u0259tt\u0259, \u00e7a\u011f\u0131r\u0131\u015flar, ist\u0259kl\u0259r var. Onlar\u0131n icra edilm\u0259si istiqam\u0259tind\u0259 sistemli i\u015fimizi davam etdir\u0259c\u0259yik. \u00c7\u0259tinlikl\u0259rl\u0259 rastla\u015fd\u0131\u011f\u0131m\u0131z d\u00f6vrl\u0259r d\u0259 olacaq\u201d.<\/p>\n\n\n\n<p>M\u0259nb\u0259:\u00a0yenicag.az<\/p>\n","protected":false},"excerpt":{"rendered":"<p>\u201c\u00dcmumilikd\u0259, \u015f\u0259hid ail\u0259l\u0259ri, m\u00fcharib\u0259 \u0259lill\u0259ri, m\u00fcharib\u0259 i\u015ftirak\u00e7\u0131lar\u0131 h\u0259yata ke\u00e7iril\u0259n sosial siyas\u0259tin \u0259sas\u0131n\u0131 t\u0259\u015fkil edir\u201d. Bu&#8230;<\/p>\n","protected":false},"author":3,"featured_media":0,"comment_status":"closed","ping_status":"closed","sticky":false,"template":"","format":"standard","meta":{"footnotes":""},"categories":[5],"tags":[],"class_list":["post-13827","post","type-post","status-publish","format-standard","hentry","category-sosial"],"featured_image_urls":{"full":"","thumbnail":"","medium":"","medium_large":"","large":"","1536x1536":"","2048x2048":"","covernews-slider-full":"","covernews-slider-center":"","covernews-featured":"","covernews-medium":"","covernews-medium-square":""},"author_info":{"display_name":"Veteran.az","author_link":"https:\/\/veteran.az\/?author=3"},"category_info":"<a href=\"https:\/\/veteran.az\/?cat=5\" rel=\"category\">Sosial<\/a>","tag_info":"Sosial","comment_count":"0","_links":{"self":[{"href":"https:\/\/veteran.az\/index.php?rest_route=\/wp\/v2\/posts\/13827","targetHints":{"allow":["GET"]}}],"collection":[{"href":"https:\/\/veteran.az\/index.php?rest_route=\/wp\/v2\/posts"}],"about":[{"href":"https:\/\/veteran.az\/index.php?rest_route=\/wp\/v2\/types\/post"}],"author":[{"embeddable":true,"href":"https:\/\/veteran.az\/index.php?rest_route=\/wp\/v2\/users\/3"}],"replies":[{"embeddable":true,"href":"https:\/\/veteran.az\/index.php?rest_route=%2Fwp%2Fv2%2Fcomments&post=13827"}],"version-history":[{"count":1,"href":"https:\/\/veteran.az\/index.php?rest_route=\/wp\/v2\/posts\/13827\/revisions"}],"predecessor-version":[{"id":13828,"href":"https:\/\/veteran.az\/index.php?rest_route=\/wp\/v2\/posts\/13827\/revisions\/13828"}],"wp:attachment":[{"href":"https:\/\/veteran.az\/index.php?rest_route=%2Fwp%2Fv2%2Fmedia&parent=13827"}],"wp:term":[{"taxonomy":"category","embeddable":true,"href":"https:\/\/veteran.az\/index.php?rest_route=%2Fwp%2Fv2%2Fcategories&post=13827"},{"taxonomy":"post_tag","embeddable":true,"href":"https:\/\/veteran.az\/index.php?rest_route=%2Fwp%2Fv2%2Ftags&post=13827"}],"curies":[{"name":"wp","href":"https:\/\/api.w.org\/{rel}","templated":true}]}}