{"id":13808,"date":"2021-12-11T11:31:55","date_gmt":"2021-12-11T07:31:55","guid":{"rendered":"http:\/\/veteran.az\/?p=13808"},"modified":"2021-12-11T11:31:56","modified_gmt":"2021-12-11T07:31:56","slug":"%c9%99m%c9%99khaqlari-v%c9%99-pensiyalar-n%c9%99-q%c9%99d%c9%99r-artacaq","status":"publish","type":"post","link":"https:\/\/veteran.az\/?p=13808","title":{"rendered":"\u018fm\u0259khaqlar\u0131 v\u0259 pensiyalar n\u0259 q\u0259d\u0259r artacaq?"},"content":{"rendered":"\n<p><strong>G\u0259l\u0259n il yanvar\u0131n 1-d\u0259n h\u0259m d\u00f6vl\u0259t, h\u0259m d\u0259 \u00f6z\u0259l sektorda \u00e7al\u0131\u015fan \u015f\u0259xsl\u0259rin \u0259m\u0259khaqlar\u0131 20 faizd\u0259n az olmayaraq art\u0131r\u0131lacaq.<\/strong><\/p>\n\n\n\n<p><br>Bunu Milli M\u0259clisin \u018fm\u0259k v\u0259 sosial siyas\u0259t komit\u0259sinin s\u0259dri Musa Quliyev &#171;X\u0259z\u0259r X\u0259b\u0259r&#187;\u0259 m\u00fcsahib\u0259sind\u0259 deyib.<\/p>\n\n\n\n<p>O bildirib ki, art\u0131q 2022-ci ilin d\u00f6vl\u0259t b\u00fcdc\u0259si z\u0259rfi t\u0259sdiq olunub. Z\u0259rf\u0259 daxil olan s\u0259n\u0259dl\u0259rd\u0259n biri d\u0259 minimum \u0259m\u0259khaqq\u0131n\u0131n art\u0131r\u0131lmas\u0131 il\u0259 ba\u011fl\u0131d\u0131r.<\/p>\n\n\n\n<p><br>S\u0259n\u0259d\u0259 \u0259sas\u0259n, g\u0259l\u0259n ild\u0259n minimum \u0259m\u0259khaqq\u0131 m\u00f6vcud 250 manatdan 300 manata \u00e7atd\u0131r\u0131lacaq.<\/p>\n\n\n\n<p><br>Musa Quliyev deyib ki, minimum \u0259m\u0259khaqq\u0131n\u0131n artmas\u0131 il\u0259 \u0259laq\u0259dar olaraq muzdlu \u0259m\u0259khaqq\u0131 \u00e7\u0259r\u00e7iv\u0259sind\u0259, y\u0259ni, vahid tarif c\u0259dv\u0259li \u00fczr\u0259 \u00e7al\u0131\u015fan b\u00fct\u00fcn i\u015f\u00e7il\u0259rin ayl\u0131q maa\u015f\u0131 artacaq.<\/p>\n\n\n\n<p><br>Bir s\u00f6zl\u0259, b\u00fct\u00f6vl\u00fckd\u0259 \u0259m\u0259khaqq\u0131n\u0131n vahid tarif c\u0259dv\u0259li \u00fczr\u0259 artmas\u0131 h\u0259m d\u00f6vl\u0259t sektoru, h\u0259m d\u0259 \u00f6z\u0259l sektoru \u0259hat\u0259 ed\u0259c\u0259k.<\/p>\n\n\n\n<p>Musa Quliyev onu da qeyd edib ki, g\u0259l\u0259n il cari ill\u0259 m\u00fcqayis\u0259d\u0259 orta ayl\u0131q \u0259m\u0259khaqq\u0131 65 manat artaraq 807 manata \u00e7atacaq. Eyni zamanda, orta ayl\u0131q \u0259m\u0259khaqq\u0131n\u0131n artmas\u0131 imkan ver\u0259c\u0259k ki, b\u00fct\u00fcn n\u00f6v pensiyalar\u0131n m\u0259bl\u0259\u011fi t\u0259xmin\u0259n 7-8 faiz y\u00fcks\u0259lsin.<\/p>\n\n\n\n<p><br>M\u00f6vzu il\u0259 ba\u011fl\u0131 daha \u0259trafl\u0131 videomaterial\u0131 t\u0259qdim edirik:<\/p>\n\n\n\n<figure class=\"wp-block-embed is-type-video is-provider-youtube wp-block-embed-youtube wp-embed-aspect-16-9 wp-has-aspect-ratio\"><div class=\"wp-block-embed__wrapper\">\n<iframe loading=\"lazy\" title=\"\u018fm\u0259khaqlar\u0131 v\u0259 pensiyalar n\u0259 q\u0259d\u0259r artacaq? - R\u018fQ\u018fML\u018fR A\u00c7IQLANDI\" width=\"640\" height=\"360\" src=\"https:\/\/www.youtube.com\/embed\/XiD_aPnHFFc?feature=oembed\" frameborder=\"0\" allow=\"accelerometer; autoplay; clipboard-write; encrypted-media; gyroscope; picture-in-picture; web-share\" referrerpolicy=\"strict-origin-when-cross-origin\" allowfullscreen><\/iframe>\n<\/div><\/figure>\n","protected":false},"excerpt":{"rendered":"<p>G\u0259l\u0259n il yanvar\u0131n 1-d\u0259n h\u0259m d\u00f6vl\u0259t, h\u0259m d\u0259 \u00f6z\u0259l sektorda \u00e7al\u0131\u015fan \u015f\u0259xsl\u0259rin \u0259m\u0259khaqlar\u0131 20 faizd\u0259n&#8230;<\/p>\n","protected":false},"author":3,"featured_media":0,"comment_status":"closed","ping_status":"closed","sticky":false,"template":"","format":"standard","meta":{"footnotes":""},"categories":[5],"tags":[],"class_list":["post-13808","post","type-post","status-publish","format-standard","hentry","category-sosial"],"featured_image_urls":{"full":"","thumbnail":"","medium":"","medium_large":"","large":"","1536x1536":"","2048x2048":"","covernews-slider-full":"","covernews-slider-center":"","covernews-featured":"","covernews-medium":"","covernews-medium-square":""},"author_info":{"display_name":"Veteran.az","author_link":"https:\/\/veteran.az\/?author=3"},"category_info":"<a href=\"https:\/\/veteran.az\/?cat=5\" rel=\"category\">Sosial<\/a>","tag_info":"Sosial","comment_count":"0","_links":{"self":[{"href":"https:\/\/veteran.az\/index.php?rest_route=\/wp\/v2\/posts\/13808","targetHints":{"allow":["GET"]}}],"collection":[{"href":"https:\/\/veteran.az\/index.php?rest_route=\/wp\/v2\/posts"}],"about":[{"href":"https:\/\/veteran.az\/index.php?rest_route=\/wp\/v2\/types\/post"}],"author":[{"embeddable":true,"href":"https:\/\/veteran.az\/index.php?rest_route=\/wp\/v2\/users\/3"}],"replies":[{"embeddable":true,"href":"https:\/\/veteran.az\/index.php?rest_route=%2Fwp%2Fv2%2Fcomments&post=13808"}],"version-history":[{"count":1,"href":"https:\/\/veteran.az\/index.php?rest_route=\/wp\/v2\/posts\/13808\/revisions"}],"predecessor-version":[{"id":13810,"href":"https:\/\/veteran.az\/index.php?rest_route=\/wp\/v2\/posts\/13808\/revisions\/13810"}],"wp:attachment":[{"href":"https:\/\/veteran.az\/index.php?rest_route=%2Fwp%2Fv2%2Fmedia&parent=13808"}],"wp:term":[{"taxonomy":"category","embeddable":true,"href":"https:\/\/veteran.az\/index.php?rest_route=%2Fwp%2Fv2%2Fcategories&post=13808"},{"taxonomy":"post_tag","embeddable":true,"href":"https:\/\/veteran.az\/index.php?rest_route=%2Fwp%2Fv2%2Ftags&post=13808"}],"curies":[{"name":"wp","href":"https:\/\/api.w.org\/{rel}","templated":true}]}}