{"id":13754,"date":"2021-12-09T01:10:07","date_gmt":"2021-12-08T21:10:07","guid":{"rendered":"http:\/\/veteran.az\/?p=13754"},"modified":"2021-12-09T01:10:08","modified_gmt":"2021-12-08T21:10:08","slug":"rusiya-qarabagda-rus-icmasinin-yaradilmasi-prosesin%c9%99-baslayib-politoloq","status":"publish","type":"post","link":"https:\/\/veteran.az\/?p=13754","title":{"rendered":"&#171;Rusiya Qaraba\u011fda \u201crus icmas\u0131\u201dn\u0131n yarad\u0131lmas\u0131 prosesin\u0259 ba\u015flay\u0131b&#187; &#8212; Politoloq"},"content":{"rendered":"\n<p><strong>Rusiya Qaraba\u011fda s\u00fclhm\u0259raml\u0131lar\u0131n m\u00fcv\u0259qq\u0259ti n\u0259zar\u0259t zonas\u0131nda \u201crus icmas\u0131\u201dn\u0131n yarad\u0131lmas\u0131 prosesin\u0259 ba\u015flay\u0131b. Rusiya Federal T\u0259hl\u00fck\u0259sizlik Xidm\u0259tinin Akademiyas\u0131n\u0131n ke\u00e7mi\u015f m\u0259zunu Aleksand\u0131r Bordovun Qaraba\u011fdak\u0131 rus icmas\u0131na r\u0259hb\u0259r se\u00e7ilm\u0259si x\u0259b\u0259ri yay\u0131l\u0131b.<\/strong><\/p>\n\n\n\n<p><a href=\"http:\/\/ucnoqta.az\/\">Ucnoqta.az<\/a>\u00a0x\u0259b\u0259r verir ki, bunu Atlas Ara\u015fd\u0131rmalar M\u0259rk\u0259zinin r\u0259hb\u0259ri, politoloq Elxan \u015eahino\u011flu bildirib. Elxan \u015eahino\u011flunun s\u00f6zl\u0259rin\u0259 g\u00f6r\u0259, dekabr\u0131n 1-d\u0259n ba\u015flayaraq Xank\u0259ndi v\u0259 \u0259traf\u0131nda \u201cslavyan \u0259silli\u201d \u015f\u0259xsl\u0259rin siyah\u0131ya al\u0131nmas\u0131na ba\u015flan\u0131b:\u00a0<\/p>\n\n\n\n<p><br>&#171;Bunu separat\u00e7\u0131 rejim yox, Az\u0259rbaycan \u0259razisind\u0259 m\u00fcv\u0259qq\u0259ti yerl\u0259\u015fmi\u015f Rusiya silahl\u0131 q\u00fcvv\u0259l\u0259ri t\u0259\u015fkil edir. Qaraba\u011fda ya\u015fayan ruslar\u0131n say\u0131 \u00e7ox deyil, onlar erm\u0259nil\u0259rl\u0259 qar\u0131\u015f\u0131q ail\u0259l\u0259rd\u0259 ya\u015fay\u0131rlar. Bel\u0259dirs\u0259 Qaraba\u011fda t\u0259\u015fkilatlanm\u0131\u015f rus icmas\u0131na n\u0259 ehtiyac var?<\/p>\n\n\n\n<p>G\u00f6r\u00fcn\u00fcr, bu h\u0259m Moskvaya, h\u0259m d\u0259 erm\u0259ni separat\u00e7\u0131lar\u0131na laz\u0131md\u0131r. Bu \u201cDonbas ssenarisin\u0259\u201d b\u0259nz\u0259yir. Rusiya \u0259vv\u0259lc\u0259 Donbasda separat\u00e7\u0131l\u0131\u011f\u0131 d\u0259st\u0259kl\u0259di, bundan sonra orada ya\u015fayanlara Rusiya pasportlar\u0131 paylad\u0131. Haz\u0131rda Rusiya Ukraynan\u0131 h\u0259d\u0259l\u0259yir ki, Donbasa h\u00fccum olarsa, Rusiya bu b\u00f6lg\u0259d\u0259ki v\u0259t\u0259nda\u015flar\u0131n\u0131 qorumaq \u00fc\u00e7\u00fcn Ukraynaya m\u00fcdaxil\u0259 ed\u0259c\u0259k. Abxaziya v\u0259 C\u0259nubi Osetiya da eyni yolla G\u00fcrc\u00fcstandan qopard\u0131lm\u0131\u015fd\u0131&#187;.<\/p>\n\n\n\n<p>Politoloq qeyd edir ki, Moskvan\u0131n Qaraba\u011fdak\u0131 erm\u0259nil\u0259r\u0259 d\u0259 Rusiya pasportlar\u0131 paylamas\u0131 t\u0259hl\u00fck\u0259si var:\u00a0<\/p>\n\n\n\n<p><br>&#171;Bel\u0259 olarsa Rusiya Qaraba\u011fda Rusiya v\u0259t\u0259nda\u015f\u0131 olan erm\u0259ni separat\u00e7\u0131lar\u0131n\u0131 qorumaq b\u0259han\u0259siyl\u0259 Az\u0259rbaycan\u0131n Xank\u0259ndi v\u0259 \u0259traf\u0131n\u0131 n\u0259zar\u0259t\u0259 g\u00f6t\u00fcrm\u0259sin\u0259 mane olacaq. Moskvaya Qaraba\u011fdak\u0131 erm\u0259nil\u0259r\u0259 Rusiya pasportlar\u0131n\u0131n paylamas\u0131 h\u0259m d\u0259 ona g\u00f6r\u0259 laz\u0131md\u0131r ki, 2020-ci ild\u0259 b\u00f6lg\u0259d\u0259 yerl\u0259\u015fdirdiyi h\u0259rb\u00e7il\u0259rinin varl\u0131\u011f\u0131n\u0131 daimi ed\u0259 bilsin. Rusiya Liberal Demokrat Partiyas\u0131n\u0131n s\u0259dri Vladimir Jirinovski rusiyal\u0131 h\u0259rb\u00e7il\u0259rin Qaraba\u011fa daxil oldu\u011fu g\u00fcn Rusiyan\u0131n televiziya kanal\u0131nda bunu demi\u015fdi: \u201cBiz Qaraba\u011fda \u0259b\u0259di qalaca\u011f\u0131q, oradan \u00e7\u0131xmayaca\u011f\u0131q\u201d. M\u0259lumdur ki, Kreml bir s\u0131ra ideyalar\u0131n\u0131 Jirinovski vasit\u0259sil\u0259 s\u0259sl\u0259ndirir. Az\u0259rbaycan\u0131n icaz\u0259si olmadan rusiyal\u0131 h\u0259rb\u00e7il\u0259rin Xocal\u0131da provaslav kils\u0259si a\u00e7mas\u0131, rus s\u0259rk\u0259rd\u0259si Aleksandr Nevski ba\u015fda olmaqla rus yaz\u0131\u00e7\u0131lar\u0131n\u0131n abid\u0259l\u0259rini qoymas\u0131 bu siyas\u0259tin t\u0259rkib hiss\u0259sidir&#187;.<\/p>\n\n\n\n<p>Elxan \u015eahino\u011flu qeyd edir ki, rusiyal\u0131 h\u0259rb\u00e7il\u0259rin 4 ild\u0259n sonra Qaraba\u011f\u0131 t\u0259rk etm\u0259l\u0259rini ist\u0259yiriks\u0259, Moskvan\u0131n erm\u0259ni separat\u00e7\u0131lar\u0131yla birg\u0259 h\u0259yata ke\u00e7irdikl\u0259ri planlar\u0131 pozma\u011fa \u00e7al\u0131\u015fmal\u0131y\u0131q:\u00a0<\/p>\n\n\n\n<p><br>&#171;Beyn\u0259lxalq \u018fdal\u0259t M\u0259hk\u0259m\u0259si Erm\u0259nistan\u0131n Az\u0259rbaycana qar\u015f\u0131 bir s\u0131ra iddias\u0131n\u0131 r\u0259dd etdi. Ancaq m\u00fcxt\u0259lif istiqam\u0259tl\u0259r\u0259 t\u0259hl\u00fck\u0259l\u0259r ard-arda g\u0259lir. Erm\u0259ni lobbisi v\u0259 ona d\u0259st\u0259k ver\u0259n siyasi m\u0259rk\u0259zl\u0259r Az\u0259rbaycana qar\u015f\u0131 m\u0259krli planlar\u0131ndan \u0259l \u00e7\u0259k\u0259n deyill\u0259r. Qar\u015f\u0131m\u0131zda h\u0259ll edil\u0259si xeyli m\u0259s\u0259l\u0259 var. Eyforiyaya varma\u011fa vaxt yoxdur&#187;.<\/p>\n","protected":false},"excerpt":{"rendered":"<p>Rusiya Qaraba\u011fda s\u00fclhm\u0259raml\u0131lar\u0131n m\u00fcv\u0259qq\u0259ti n\u0259zar\u0259t zonas\u0131nda \u201crus icmas\u0131\u201dn\u0131n yarad\u0131lmas\u0131 prosesin\u0259 ba\u015flay\u0131b. Rusiya Federal T\u0259hl\u00fck\u0259sizlik Xidm\u0259tinin&#8230;<\/p>\n","protected":false},"author":3,"featured_media":0,"comment_status":"closed","ping_status":"closed","sticky":false,"template":"","format":"standard","meta":{"footnotes":""},"categories":[9],"tags":[],"class_list":["post-13754","post","type-post","status-publish","format-standard","hentry","category-sq"],"featured_image_urls":{"full":"","thumbnail":"","medium":"","medium_large":"","large":"","1536x1536":"","2048x2048":"","covernews-slider-full":"","covernews-slider-center":"","covernews-featured":"","covernews-medium":"","covernews-medium-square":""},"author_info":{"display_name":"Veteran.az","author_link":"https:\/\/veteran.az\/?author=3"},"category_info":"<a href=\"https:\/\/veteran.az\/?cat=9\" rel=\"category\">Silahl\u0131 Q\u00fcvv\u0259l\u0259r<\/a>","tag_info":"Silahl\u0131 Q\u00fcvv\u0259l\u0259r","comment_count":"0","_links":{"self":[{"href":"https:\/\/veteran.az\/index.php?rest_route=\/wp\/v2\/posts\/13754","targetHints":{"allow":["GET"]}}],"collection":[{"href":"https:\/\/veteran.az\/index.php?rest_route=\/wp\/v2\/posts"}],"about":[{"href":"https:\/\/veteran.az\/index.php?rest_route=\/wp\/v2\/types\/post"}],"author":[{"embeddable":true,"href":"https:\/\/veteran.az\/index.php?rest_route=\/wp\/v2\/users\/3"}],"replies":[{"embeddable":true,"href":"https:\/\/veteran.az\/index.php?rest_route=%2Fwp%2Fv2%2Fcomments&post=13754"}],"version-history":[{"count":1,"href":"https:\/\/veteran.az\/index.php?rest_route=\/wp\/v2\/posts\/13754\/revisions"}],"predecessor-version":[{"id":13756,"href":"https:\/\/veteran.az\/index.php?rest_route=\/wp\/v2\/posts\/13754\/revisions\/13756"}],"wp:attachment":[{"href":"https:\/\/veteran.az\/index.php?rest_route=%2Fwp%2Fv2%2Fmedia&parent=13754"}],"wp:term":[{"taxonomy":"category","embeddable":true,"href":"https:\/\/veteran.az\/index.php?rest_route=%2Fwp%2Fv2%2Fcategories&post=13754"},{"taxonomy":"post_tag","embeddable":true,"href":"https:\/\/veteran.az\/index.php?rest_route=%2Fwp%2Fv2%2Ftags&post=13754"}],"curies":[{"name":"wp","href":"https:\/\/api.w.org\/{rel}","templated":true}]}}