{"id":13748,"date":"2021-12-08T01:11:58","date_gmt":"2021-12-07T21:11:58","guid":{"rendered":"http:\/\/veteran.az\/?p=13748"},"modified":"2021-12-08T01:11:59","modified_gmt":"2021-12-07T21:11:59","slug":"arayis-%c9%99v%c9%99zin%c9%99-muavin%c9%99t-erm%c9%99nistanda-muqavil%c9%99li-h%c9%99rbcil%c9%99rin-h%c9%99yatini-asanlasdirmaq-ist%c9%99yirl%c9%99r","status":"publish","type":"post","link":"https:\/\/veteran.az\/?p=13748","title":{"rendered":"Aray\u0131\u015f \u0259v\u0259zin\u0259 m\u00fcavin\u0259t: Erm\u0259nistanda m\u00fcqavil\u0259li h\u0259rb\u00e7il\u0259rin h\u0259yat\u0131n\u0131 asanla\u015fd\u0131rmaq ist\u0259yirl\u0259r"},"content":{"rendered":"\n<p><strong>D\u0259yi\u015fiklikl\u0259r h\u0259rb\u00e7il\u0259r\u0259 m\u0259nzil kiray\u0259si m\u00fcqavil\u0259sinin icras\u0131 zaman\u0131 yaranan anla\u015f\u0131lmazl\u0131qlara g\u00f6r\u0259 cinay\u0259t m\u0259suliyy\u0259tind\u0259n yay\u0131nma\u011fa imkan ver\u0259c\u0259k.<\/strong><\/p>\n\n\n\n<p><br>Parlamentin \u0130nsan h\u00fcquqlar\u0131 v\u0259 ictimaiyy\u0259tl\u0259 \u0259laq\u0259l\u0259r komissiyas\u0131n\u0131n s\u0259dri Taquhi Tovmasyan \u201cH\u0259rbi xidm\u0259t v\u0259 h\u0259rbi qulluq\u00e7ular\u0131n statusu haqq\u0131nda\u201d qanuna d\u0259yi\u015fiklik layih\u0259sini Milli M\u0259clis\u0259 t\u0259qdim ed\u0259c\u0259k.<\/p>\n\n\n\n<p>D\u0259yi\u015fiklikl\u0259r faktiki xidm\u0259t yerinin ya\u015fay\u0131\u015f yeri il\u0259 \u00fcst-\u00fcst\u0259 d\u00fc\u015fm\u0259y\u0259n m\u00fcqavil\u0259 \u0259sas\u0131nda i\u015fl\u0259y\u0259n h\u0259rb\u00e7il\u0259r\u0259 t\u0259sir ed\u0259c\u0259k, bu s\u0259b\u0259bd\u0259n onlar m\u0259nzil kiray\u0259l\u0259m\u0259y\u0259 m\u0259cburdurlar.<\/p>\n\n\n\n<p><br>M\u00f6vcud qanuna g\u00f6r\u0259, bel\u0259 hallarda kompensasiya yaln\u0131z kadastrdan m\u0259nzilin olmamas\u0131 haqq\u0131nda aray\u0131\u015f t\u0259qdim edildikd\u0259 \u00f6d\u0259nilir. <\/p>\n\n\n\n<p>Tovmasyan\u0131n s\u00f6zl\u0259rin\u0259 g\u00f6r\u0259, bu, \u0259sg\u0259rl\u0259r \u00fc\u00e7\u00fcn probleml\u0259r\u0259 g\u0259tirib \u00e7\u0131xar\u0131r.<br>\u201cBir \u00e7ox m\u00fclkiyy\u0259t\u00e7il\u0259r \u0259sg\u0259rl\u0259rl\u0259 m\u0259nzil kiray\u0259si il\u0259 ba\u011fl\u0131 m\u00fcqavil\u0259 ba\u011flamaq ist\u0259mirl\u0259r v\u0259 h\u0259rb\u00e7il\u0259r bir yerd\u0259 ya\u015fama\u011fa m\u0259cburdurlar, amma m\u00fcqavil\u0259ni ba\u015fqa \u00fcnvandan g\u0259tirirl\u0259r ki, d\u00f6vl\u0259t onlar\u0131n x\u0259rcl\u0259rini \u00f6d\u0259sin&#187;, -dey\u0259 Tovmasyan izah etdi.<\/p>\n\n\n\n<p>H\u00fcquq m\u00fchafiz\u0259 orqanlar\u0131 bunu qanun pozuntusu kimi qiym\u0259tl\u0259ndirirl\u0259r. Bundan ba\u015fqa, 81 v\u0259t\u0259nda\u015fla ba\u011fl\u0131 art\u0131q m\u00fcxt\u0259lif madd\u0259l\u0259rl\u0259 cinay\u0259t i\u015fi a\u00e7\u0131l\u0131b\u201d, &#8212; dey\u0259 deputat jurnalistl\u0259r\u0259 a\u00e7\u0131qlamas\u0131nda bildirib.<\/p>\n\n\n\n<p><br>Onun s\u00f6zl\u0259rin\u0259 g\u00f6r\u0259, d\u00fcz\u0259li\u015fl\u0259r \u0259sg\u0259rl\u0259ri laz\u0131ms\u0131z s\u00fcr\u00fcnd\u00fcrm\u0259\u00e7ilikd\u0259n v\u0259 cinay\u0259t t\u0259qibi t\u0259hl\u00fck\u0259sind\u0259n azad ed\u0259c\u0259k. D\u0259yi\u015fiklikl\u0259r m\u00fc\u0259yy\u0259n ed\u0259c\u0259k ki, ya\u015fay\u0131\u015f yerind\u0259n 30 kilometr m\u0259saf\u0259d\u0259 xidm\u0259t ed\u0259n \u0259sg\u0259r kiray\u0259 haqq\u0131 \u0259v\u0259zin\u0259 maa\u015f art\u0131m\u0131 alacaq.<\/p>\n\n\n\n<p>Tovmasyan\u0131n plan\u0131na g\u00f6r\u0259, bel\u0259 bir \u0259mr h\u0259rb\u00e7il\u0259rin h\u0259yat\u0131n\u0131 xeyli asanla\u015fd\u0131rard\u0131.<\/p>\n\n\n\n<p><br>Yax\u0131n vaxtlarda qanun layih\u0259si parlamentin m\u00fczakir\u0259sin\u0259 v\u0259 t\u0259sdiqin\u0259 t\u0259qdim olunacaq.<br><\/p>\n\n\n\n<p>Deputat Erm\u0259nistan iqtidar\u0131n\u0131n h\u0259rb\u00e7il\u0259rin xeyrin\u0259 olan q\u0259rar\u0131n \u0259leyhin\u0259 \u00e7\u0131xd\u0131\u011f\u0131n\u0131 qeyd edib.<\/p>\n\n\n\n<p><br>&#171;M\u00f6vcud qaydalara \u0259sas\u0259n, m\u0259s\u0259l\u0259n, 14 g\u00fcnl\u00fck xidm\u0259td\u0259n sonra d\u00f6y\u00fc\u015f m\u00f6vqeyind\u0259n istefaya \u00e7\u0131xan, tibbi m\u00fcayin\u0259d\u0259n ke\u00e7\u0259n zabit m\u00fclki x\u0259st\u0259xanada MRT m\u00fcayin\u0259sin\u0259 ehtiyac\u0131 oldu\u011funu \u00f6yr\u0259nir.<\/p>\n\n\n\n<p>B\u0259z\u0259n \u0259sg\u0259r 1 ay b\u0259lk\u0259 daha \u00e7ox n\u00f6vb\u0259d\u0259 durmal\u0131 olur. O zaman bel\u0259 \u00e7\u0131x\u0131r ki, d\u00f6vl\u0259t h\u0259rb\u00e7iy\u0259 he\u00e7 bir z\u0259man\u0259t vermir. T\u0259\u015f\u0259bb\u00fcs \u0259slind\u0259 h\u0259rb\u00e7il\u0259rin d\u00f6vl\u0259t t\u0259r\u0259find\u0259n daha \u00e7ox m\u00fcdafi\u0259 olundu\u011funu hiss etm\u0259l\u0259ri, \u00f6z\u00fcn\u00fc diqq\u0259t m\u0259rk\u0259zind\u0259 hiss etm\u0259l\u0259ri \u00fc\u00e7\u00fcn motivasiya verm\u0259k m\u0259qs\u0259di da\u015f\u0131y\u0131rd\u0131. Layih\u0259 h\u0259rbi xidm\u0259tin c\u0259lbediciliyini art\u0131rmaqdan ibar\u0259t idi.<br>N\u0259 q\u0259d\u0259r q\u0259rib\u0259 g\u00f6r\u00fcns\u0259 d\u0259, m\u00fcharib\u0259 v\u0259ziyy\u0259tind\u0259 olan bir \u00f6lk\u0259nin Milli Assambleyas\u0131n\u0131n hakim fraksiyas\u0131 s\u00f6z\u00fcged\u0259n imtiyaz\u0131n h\u0259rb\u00e7il\u0259r\u0259 verilm\u0259si t\u0259klifinin \u0259leyhin\u0259 s\u0259s verib&#187;, &#8212; dey\u0259 T.Tavmosyan qeyd edib.<\/p>\n\n\n\n<p><strong>\u018fli N\u0259sib Z\u0259rdabi<\/strong><\/p>\n","protected":false},"excerpt":{"rendered":"<p>D\u0259yi\u015fiklikl\u0259r h\u0259rb\u00e7il\u0259r\u0259 m\u0259nzil kiray\u0259si m\u00fcqavil\u0259sinin icras\u0131 zaman\u0131 yaranan anla\u015f\u0131lmazl\u0131qlara g\u00f6r\u0259 cinay\u0259t m\u0259suliyy\u0259tind\u0259n yay\u0131nma\u011fa imkan ver\u0259c\u0259k&#8230;.<\/p>\n","protected":false},"author":3,"featured_media":0,"comment_status":"closed","ping_status":"closed","sticky":false,"template":"","format":"standard","meta":{"footnotes":""},"categories":[7],"tags":[],"class_list":["post-13748","post","type-post","status-publish","format-standard","hentry","category-dunya"],"featured_image_urls":{"full":"","thumbnail":"","medium":"","medium_large":"","large":"","1536x1536":"","2048x2048":"","covernews-slider-full":"","covernews-slider-center":"","covernews-featured":"","covernews-medium":"","covernews-medium-square":""},"author_info":{"display_name":"Veteran.az","author_link":"https:\/\/veteran.az\/?author=3"},"category_info":"<a href=\"https:\/\/veteran.az\/?cat=7\" rel=\"category\">D\u00fcnya<\/a>","tag_info":"D\u00fcnya","comment_count":"0","_links":{"self":[{"href":"https:\/\/veteran.az\/index.php?rest_route=\/wp\/v2\/posts\/13748","targetHints":{"allow":["GET"]}}],"collection":[{"href":"https:\/\/veteran.az\/index.php?rest_route=\/wp\/v2\/posts"}],"about":[{"href":"https:\/\/veteran.az\/index.php?rest_route=\/wp\/v2\/types\/post"}],"author":[{"embeddable":true,"href":"https:\/\/veteran.az\/index.php?rest_route=\/wp\/v2\/users\/3"}],"replies":[{"embeddable":true,"href":"https:\/\/veteran.az\/index.php?rest_route=%2Fwp%2Fv2%2Fcomments&post=13748"}],"version-history":[{"count":1,"href":"https:\/\/veteran.az\/index.php?rest_route=\/wp\/v2\/posts\/13748\/revisions"}],"predecessor-version":[{"id":13750,"href":"https:\/\/veteran.az\/index.php?rest_route=\/wp\/v2\/posts\/13748\/revisions\/13750"}],"wp:attachment":[{"href":"https:\/\/veteran.az\/index.php?rest_route=%2Fwp%2Fv2%2Fmedia&parent=13748"}],"wp:term":[{"taxonomy":"category","embeddable":true,"href":"https:\/\/veteran.az\/index.php?rest_route=%2Fwp%2Fv2%2Fcategories&post=13748"},{"taxonomy":"post_tag","embeddable":true,"href":"https:\/\/veteran.az\/index.php?rest_route=%2Fwp%2Fv2%2Ftags&post=13748"}],"curies":[{"name":"wp","href":"https:\/\/api.w.org\/{rel}","templated":true}]}}