{"id":13742,"date":"2021-12-08T00:39:12","date_gmt":"2021-12-07T20:39:12","guid":{"rendered":"http:\/\/veteran.az\/?p=13742"},"modified":"2021-12-08T00:39:12","modified_gmt":"2021-12-07T20:39:12","slug":"g%c9%99l%c9%99n-il-maas-v%c9%99-pensiyalar-n%c9%99-q%c9%99d%c9%99r-artacaq","status":"publish","type":"post","link":"https:\/\/veteran.az\/?p=13742","title":{"rendered":"G\u0259l\u0259n il maa\u015f v\u0259 pensiyalar n\u0259 q\u0259d\u0259r artacaq?"},"content":{"rendered":"\n<p><strong>G\u0259l\u0259n il \u0259m\u0259k haqqlar\u0131n\u0131n, pensiyalar\u0131n, sosial m\u00fcavin\u0259tl\u0259rin art\u0131r\u0131lmas\u0131 n\u0259z\u0259rd\u0259 tutulur. Art\u0131mlar\u0131n 40 faiz v\u0259 daha \u00e7ox olaca\u011f\u0131 g\u00f6zl\u0259nilir v\u0259 sah\u0259l\u0259rd\u0259n as\u0131l\u0131 olaraq bu r\u0259q\u0259ml\u0259r d\u0259yi\u015f\u0259 d\u0259 bil\u0259r. Bu art\u0131mlar iki milyondan art\u0131q v\u0259t\u0259nda\u015f\u0131 \u0259hat\u0259 ed\u0259c\u0259k.<\/strong><\/p>\n\n\n\n<p><br>Bunu Trend-\u0259 Milli M\u0259clisin deputat\u0131 V\u00fcqar Bayramov bildirib.<\/p>\n\n\n\n<p>Mill\u0259t v\u0259kilinin s\u00f6zl\u0259rin\u0259 g\u00f6r\u0259, g\u0259l\u0259n ilin d\u00f6vl\u0259t b\u00fcdc\u0259sinin 46 faizd\u0259n \u00e7oxu sosial y\u00f6n\u00fcml\u00fc olacaq:<\/p>\n\n\n\n<p><br>&#171;Prezident \u0130lham \u018fliyevin imzalad\u0131\u011f\u0131 &#171;\u018fhalinin sosial rifah\u0131n\u0131n qorunmas\u0131 sah\u0259sind\u0259 \u0259lav\u0259 t\u0259dbirl\u0259r haqq\u0131nda&#187; S\u0259r\u0259ncam sosial y\u00f6n\u00fcml\u00fc x\u0259rcl\u0259rin art\u0131r\u0131lmas\u0131na imkan verir.<\/p>\n\n\n\n<p>Y\u0259ni, milyardla ifad\u0259 olunan v\u0259saitin bu istiqam\u0259td\u0259 y\u00f6n\u0259ldilm\u0259si n\u0259z\u0259rd\u0259 tutulur. 2022-ci ilin d\u00f6vl\u0259t b\u00fcdc\u0259si art\u0131q Milli M\u0259clisd\u0259 t\u0259sdiq olunub. B\u00fcdc\u0259 x\u0259rcl\u0259rinin 46.4 faizi sosial istiqam\u0259t\u0259 y\u00f6n\u0259ldil\u0259c\u0259k. Bu, m\u00fcst\u0259qillik ill\u0259rind\u0259 sosial x\u0259rcl\u0259rin b\u00fcdc\u0259 x\u0259rcl\u0259rind\u0259 \u0259n b\u00f6y\u00fck pay\u0131d\u0131r.<\/p>\n\n\n\n<p><br>Y\u0259ni bu o dem\u0259kdir ki, n\u00f6vb\u0259ti il h\u0259r 100 manatdan 46.4 manat\u0131 sosial m\u0259qs\u0259d \u00fc\u00e7\u00fcn istifad\u0259 olunacaq. Bu ondan x\u0259b\u0259r verir ki, 2022-ci ild\u0259 t\u0259tbiq olunacaq sosial paket kifay\u0259t q\u0259d\u0259r \u0259hat\u0259li olacaq v\u0259 kifay\u0259t q\u0259d\u0259r \u00e7ox v\u0259t\u0259nda\u015f\u0131m\u0131z\u0131n h\u0259m birba\u015fa, h\u0259m d\u0259 dolay\u0131 olaraq bu art\u0131mlardan faydalanmas\u0131na g\u0259tirib \u00e7\u0131xaracaq&#187;.<\/p>\n","protected":false},"excerpt":{"rendered":"<p>G\u0259l\u0259n il \u0259m\u0259k haqqlar\u0131n\u0131n, pensiyalar\u0131n, sosial m\u00fcavin\u0259tl\u0259rin art\u0131r\u0131lmas\u0131 n\u0259z\u0259rd\u0259 tutulur. Art\u0131mlar\u0131n 40 faiz v\u0259 daha&#8230;<\/p>\n","protected":false},"author":3,"featured_media":13743,"comment_status":"closed","ping_status":"closed","sticky":false,"template":"","format":"standard","meta":{"footnotes":""},"categories":[5],"tags":[],"class_list":["post-13742","post","type-post","status-publish","format-standard","has-post-thumbnail","hentry","category-sosial"],"featured_image_urls":{"full":["https:\/\/veteran.az\/wp-content\/uploads\/2021\/12\/7936bfc4fef1b0674ff0fefa160c7ad6.jpg",236,354,false],"thumbnail":["https:\/\/veteran.az\/wp-content\/uploads\/2021\/12\/7936bfc4fef1b0674ff0fefa160c7ad6-150x150.jpg",150,150,true],"medium":["https:\/\/veteran.az\/wp-content\/uploads\/2021\/12\/7936bfc4fef1b0674ff0fefa160c7ad6-200x300.jpg",200,300,true],"medium_large":["https:\/\/veteran.az\/wp-content\/uploads\/2021\/12\/7936bfc4fef1b0674ff0fefa160c7ad6.jpg",236,354,false],"large":["https:\/\/veteran.az\/wp-content\/uploads\/2021\/12\/7936bfc4fef1b0674ff0fefa160c7ad6.jpg",236,354,false],"1536x1536":["https:\/\/veteran.az\/wp-content\/uploads\/2021\/12\/7936bfc4fef1b0674ff0fefa160c7ad6.jpg",236,354,false],"2048x2048":["https:\/\/veteran.az\/wp-content\/uploads\/2021\/12\/7936bfc4fef1b0674ff0fefa160c7ad6.jpg",236,354,false],"covernews-slider-full":["https:\/\/veteran.az\/wp-content\/uploads\/2021\/12\/7936bfc4fef1b0674ff0fefa160c7ad6.jpg",236,354,false],"covernews-slider-center":["https:\/\/veteran.az\/wp-content\/uploads\/2021\/12\/7936bfc4fef1b0674ff0fefa160c7ad6.jpg",236,354,false],"covernews-featured":["https:\/\/veteran.az\/wp-content\/uploads\/2021\/12\/7936bfc4fef1b0674ff0fefa160c7ad6.jpg",236,354,false],"covernews-medium":["https:\/\/veteran.az\/wp-content\/uploads\/2021\/12\/7936bfc4fef1b0674ff0fefa160c7ad6.jpg",227,340,false],"covernews-medium-square":["https:\/\/veteran.az\/wp-content\/uploads\/2021\/12\/7936bfc4fef1b0674ff0fefa160c7ad6.jpg",167,250,false]},"author_info":{"display_name":"Veteran.az","author_link":"https:\/\/veteran.az\/?author=3"},"category_info":"<a href=\"https:\/\/veteran.az\/?cat=5\" rel=\"category\">Sosial<\/a>","tag_info":"Sosial","comment_count":"0","_links":{"self":[{"href":"https:\/\/veteran.az\/index.php?rest_route=\/wp\/v2\/posts\/13742","targetHints":{"allow":["GET"]}}],"collection":[{"href":"https:\/\/veteran.az\/index.php?rest_route=\/wp\/v2\/posts"}],"about":[{"href":"https:\/\/veteran.az\/index.php?rest_route=\/wp\/v2\/types\/post"}],"author":[{"embeddable":true,"href":"https:\/\/veteran.az\/index.php?rest_route=\/wp\/v2\/users\/3"}],"replies":[{"embeddable":true,"href":"https:\/\/veteran.az\/index.php?rest_route=%2Fwp%2Fv2%2Fcomments&post=13742"}],"version-history":[{"count":1,"href":"https:\/\/veteran.az\/index.php?rest_route=\/wp\/v2\/posts\/13742\/revisions"}],"predecessor-version":[{"id":13744,"href":"https:\/\/veteran.az\/index.php?rest_route=\/wp\/v2\/posts\/13742\/revisions\/13744"}],"wp:featuredmedia":[{"embeddable":true,"href":"https:\/\/veteran.az\/index.php?rest_route=\/wp\/v2\/media\/13743"}],"wp:attachment":[{"href":"https:\/\/veteran.az\/index.php?rest_route=%2Fwp%2Fv2%2Fmedia&parent=13742"}],"wp:term":[{"taxonomy":"category","embeddable":true,"href":"https:\/\/veteran.az\/index.php?rest_route=%2Fwp%2Fv2%2Fcategories&post=13742"},{"taxonomy":"post_tag","embeddable":true,"href":"https:\/\/veteran.az\/index.php?rest_route=%2Fwp%2Fv2%2Ftags&post=13742"}],"curies":[{"name":"wp","href":"https:\/\/api.w.org\/{rel}","templated":true}]}}