{"id":13738,"date":"2021-12-08T00:23:09","date_gmt":"2021-12-07T20:23:09","guid":{"rendered":"http:\/\/veteran.az\/?p=13738"},"modified":"2021-12-08T00:23:09","modified_gmt":"2021-12-07T20:23:09","slug":"vahid-%c9%99hm%c9%99dov-saleh-rust%c9%99movla-bagli-prezident%c9%99-muraci%c9%99t-etdi","status":"publish","type":"post","link":"https:\/\/veteran.az\/?p=13738","title":{"rendered":"Vahid \u018fhm\u0259dov Saleh R\u00fcst\u0259movla ba\u011fl\u0131 Prezident\u0259 m\u00fcraci\u0259t etdi"},"content":{"rendered":"\n<p><strong>Milli M\u0259clisin deputat\u0131 Vahid \u018fhm\u0259dov acl\u0131q aksiyas\u0131 ke\u00e7ir\u0259n Saleh R\u00fcst\u0259movun azadl\u0131\u011fa burax\u0131lmas\u0131 il\u0259 ba\u011fl\u0131 Prezident \u0130lham \u018fliyev\u0259 m\u00fcraci\u0259t edib.<\/strong><\/p>\n\n\n\n<p><br>Bu bar\u0259d\u0259 &#171;Qafqazinfo\u201dya Vahid \u018fhm\u0259dov m\u0259lumat verib.<\/p>\n\n\n\n<p>M\u00fcraci\u0259tind\u0259 deputat Saleh R\u00fcst\u0259mliovun I Qaraba\u011f sava\u015f\u0131nda i\u015ftirak etdiyini vur\u011fulayaraq qeyd edib ki, onun acl\u0131q aksiyas\u0131 ke\u00e7irm\u0259si c\u0259miyy\u0259tin geni\u015f t\u0259b\u0259q\u0259l\u0259rind\u0259 ciddi naratl\u0131q yarad\u0131b:<\/p>\n\n\n\n<p><br>&#171;Humanizm prinsipl\u0259rini \u0259sas tutaraq Saleh R\u00fcst\u0259mov bar\u0259sind\u0259 \u0259dal\u0259tli q\u0259rar q\u0259bul edilm\u0259sin\u0259 v\u0259 onun azadl\u0131\u011fa burax\u0131lmas\u0131 \u00fc\u00e7\u00fcn s\u0259lahiyy\u0259tl\u0259riniz \u00e7\u0259r\u00e7iv\u0259sind\u0259 yard\u0131m\u00e7\u0131 olma\u011f\u0131n\u0131z\u0131 xahi\u015f edir\u0259m\u201d.<\/p>\n\n\n\n<p><br>M\u00fcraci\u0259td\u0259 bu t\u0259\u015f\u0259bb\u00fcs\u00fcn &#171;Saleh R\u00fcst\u0259movun h\u00fcquqlar\u0131n\u0131n m\u00fcdafi\u0259 Komit\u0259si&#187;nd\u0259n g\u0259ldiyi qeyd edilib.<\/p>\n\n\n\n<figure class=\"wp-block-image size-large\"><img decoding=\"async\" src=\"http:\/\/veteran.az\/wp-content\/uploads\/2021\/12\/1638897485_img_20210712_184246.jpg\" alt=\"\" class=\"wp-image-13739\"\/><\/figure>\n","protected":false},"excerpt":{"rendered":"<p>Milli M\u0259clisin deputat\u0131 Vahid \u018fhm\u0259dov acl\u0131q aksiyas\u0131 ke\u00e7ir\u0259n Saleh R\u00fcst\u0259movun azadl\u0131\u011fa burax\u0131lmas\u0131 il\u0259 ba\u011fl\u0131 Prezident&#8230;<\/p>\n","protected":false},"author":3,"featured_media":0,"comment_status":"closed","ping_status":"closed","sticky":false,"template":"","format":"standard","meta":{"footnotes":""},"categories":[6],"tags":[],"class_list":["post-13738","post","type-post","status-publish","format-standard","hentry","category-cmiyyt"],"featured_image_urls":{"full":"","thumbnail":"","medium":"","medium_large":"","large":"","1536x1536":"","2048x2048":"","covernews-slider-full":"","covernews-slider-center":"","covernews-featured":"","covernews-medium":"","covernews-medium-square":""},"author_info":{"display_name":"Veteran.az","author_link":"https:\/\/veteran.az\/?author=3"},"category_info":"<a href=\"https:\/\/veteran.az\/?cat=6\" rel=\"category\">C\u0259miyy\u0259t<\/a>","tag_info":"C\u0259miyy\u0259t","comment_count":"0","_links":{"self":[{"href":"https:\/\/veteran.az\/index.php?rest_route=\/wp\/v2\/posts\/13738","targetHints":{"allow":["GET"]}}],"collection":[{"href":"https:\/\/veteran.az\/index.php?rest_route=\/wp\/v2\/posts"}],"about":[{"href":"https:\/\/veteran.az\/index.php?rest_route=\/wp\/v2\/types\/post"}],"author":[{"embeddable":true,"href":"https:\/\/veteran.az\/index.php?rest_route=\/wp\/v2\/users\/3"}],"replies":[{"embeddable":true,"href":"https:\/\/veteran.az\/index.php?rest_route=%2Fwp%2Fv2%2Fcomments&post=13738"}],"version-history":[{"count":1,"href":"https:\/\/veteran.az\/index.php?rest_route=\/wp\/v2\/posts\/13738\/revisions"}],"predecessor-version":[{"id":13741,"href":"https:\/\/veteran.az\/index.php?rest_route=\/wp\/v2\/posts\/13738\/revisions\/13741"}],"wp:attachment":[{"href":"https:\/\/veteran.az\/index.php?rest_route=%2Fwp%2Fv2%2Fmedia&parent=13738"}],"wp:term":[{"taxonomy":"category","embeddable":true,"href":"https:\/\/veteran.az\/index.php?rest_route=%2Fwp%2Fv2%2Fcategories&post=13738"},{"taxonomy":"post_tag","embeddable":true,"href":"https:\/\/veteran.az\/index.php?rest_route=%2Fwp%2Fv2%2Ftags&post=13738"}],"curies":[{"name":"wp","href":"https:\/\/api.w.org\/{rel}","templated":true}]}}