{"id":13728,"date":"2021-12-07T00:51:42","date_gmt":"2021-12-06T20:51:42","guid":{"rendered":"http:\/\/veteran.az\/?p=13728"},"modified":"2021-12-07T02:08:47","modified_gmt":"2021-12-06T22:08:47","slug":"erm%c9%99nil%c9%99r-ozbasina-deyill%c9%99r-ki-ist%c9%99dikl%c9%99ri-vaxt-qarabaga-g%c9%99lib-getsinl%c9%99r-z%c9%99rdust-%c9%99lizad%c9%99","status":"publish","type":"post","link":"https:\/\/veteran.az\/?p=13728","title":{"rendered":"\u201cErm\u0259nil\u0259r \u00f6zba\u015f\u0131na deyill\u0259r ki, ist\u0259dikl\u0259ri vaxt Qaraba\u011fa g\u0259lib-getsinl\u0259r\u201d \u2013 Z\u0259rd\u00fc\u015ft \u018flizad\u0259"},"content":{"rendered":"\n<p><strong>Az\u0259rbaycan v\u0259 Erm\u0259nistan X\u0130N ba\u015f\u00e7\u0131lar\u0131n\u0131n Stokholmda planla\u015fd\u0131r\u0131lan g\u00f6r\u00fc\u015f\u00fc ba\u015f tutmay\u0131b. Daha do\u011frusu, Erm\u0259nistan parlamentaril\u0259rinin Az\u0259rbaycan \u0259razisin\u0259 qanunsuz s\u0259f\u0259rin\u0259 etiraz ed\u0259n r\u0259smi Bak\u0131 Erm\u0259nistan t\u0259r\u0259fi il\u0259 bir masa arxas\u0131nda oturmaqdan imtina edir.<\/strong><\/p>\n\n\n\n<p>Yenisabah.az-a a\u00e7\u0131qlamas\u0131nda politoloq Z\u0259rd\u00fc\u015ft \u018flizad\u0259 deyib ki, h\u0259r iki t\u0259r\u0259f \u00f6z diplomatik siyasi oyununu h\u0259yata ke\u00e7irir:<\/p>\n\n\n\n<p>\u201cAz\u0259rbaycan t\u0259r\u0259fi bu add\u0131m\u0131n ona xeyr g\u0259tir\u0259c\u0259yini hesab edib, bu onun hesablamalar\u0131d\u0131r. Erm\u0259ni t\u0259r\u0259finin buna nec\u0259 reaksiya ver\u0259c\u0259yi, hans\u0131 n\u0259tic\u0259 \u00e7\u0131xaraca\u011f\u0131 v\u0259 ya hans\u0131 add\u0131m\u0131 atacaq bilinmir.<\/p>\n\n\n\n<p>Diplomatik \u00e7\u0259ki\u015fm\u0259l\u0259r m\u00fcsb\u0259t n\u0259tic\u0259nin \u0259ld\u0259 edilm\u0259sin\u0259 xidm\u0259t etmir, \u0259ksin\u0259, ziddiyy\u0259tl\u0259ri d\u0259rinl\u0259\u015fdirir. Bu, \u00f6t\u0259ri bir hadis\u0259dir. Az\u0259rbaycan v\u0259 Erm\u0259nistan bar\u0131\u015f\u0131q v\u0259 ziddiyy\u0259tli m\u0259s\u0259l\u0259l\u0259rin \u00fcmumi h\u0259lli kimi n\u0259tic\u0259l\u0259rini g\u00f6st\u0259rm\u0259y\u0259c\u0259kl\u0259r\u201d.<\/p>\n\n\n\n<p>Politoloqun s\u00f6zl\u0259rin\u0259 g\u00f6r\u0259, t\u0259r\u0259fl\u0259r m\u00fctl\u0259q g\u00f6r\u00fc\u015f\u00fcb, bar\u0131\u015fmal\u0131d\u0131rlar:<\/p>\n\n\n\n<p>\u201c\u00c7\u00fcnki 1 il \u00f6nc\u0259ki qanl\u0131 m\u00fcharib\u0259 minl\u0259rl\u0259 insan\u0131n \u00f6l\u00fcm\u00fc il\u0259 n\u0259tic\u0259l\u0259nib. \u0130ndi \u0259ks istiqam\u0259td\u0259 h\u0259r\u0259k\u0259t ba\u015flan\u0131l\u0131b. \u018flb\u0259tt\u0259, t\u0259r\u0259fl\u0259r bir-birind\u0259n naraz\u0131d\u0131r. M\u00fcxt\u0259lif hadis\u0259l\u0259r\u0259 f\u0259rqli bax\u0131\u015flar var. Lakin onlar m\u00fctl\u0259q g\u00f6r\u00fc\u015f\u00fcb, bar\u0131\u015fmal\u0131d\u0131rlar. Burada he\u00e7 bir faci\u0259 yoxdur\u201d.<\/p>\n\n\n\n<p>Z.\u018flizad\u0259 qeyd edib ki, Az\u0259rbaycan bu m\u0259s\u0259l\u0259ni Rusiya il\u0259 h\u0259ll etm\u0259lidir:<\/p>\n\n\n\n<p>\u201cAz\u0259rbaycan bu m\u0259s\u0259l\u0259ni Rusiya il\u0259 h\u0259ll etm\u0259lidir. Erm\u0259nistan il\u0259 deyil. \u00c7\u00fcnki La\u00e7\u0131n d\u0259hlizinin i\u015fl\u0259m\u0259sin\u0259 Rusiya s\u00fclhm\u0259raml\u0131lar\u0131, prezidenti, xarici i\u015fl\u0259r naziri, m\u00fcdafi\u0259 naziri n\u0259zar\u0259t edir. Rusiya il\u0259 bu m\u0259s\u0259l\u0259ni dan\u0131\u015fmal\u0131y\u0131q, raz\u0131la\u015fd\u0131rmal\u0131y\u0131q. Bu, Erm\u0259nistandan as\u0131l\u0131 bir \u015fey deyil.<\/p>\n\n\n\n<p>Ruslarla dan\u0131\u015f\u0131b hans\u0131sa yeni qaydalar t\u0259tbiq ets\u0259k, v\u0259ziyy\u0259tin d\u0259yi\u015fdiyini g\u00f6st\u0259r\u0259rik. Qaraba\u011fla Erm\u0259nistan aras\u0131ndak\u0131 \u00fcnsiyy\u0259t\u0259 Rusiya v\u0259 Az\u0259rbaycan n\u0259zar\u0259t edir. Yoxsa erm\u0259nil\u0259r \u00f6zba\u015f\u0131na deyill\u0259r ki, ist\u0259dikl\u0259ri vaxt Qaraba\u011fa g\u0259lib-getsinl\u0259r\u201d.<\/p>\n","protected":false},"excerpt":{"rendered":"<p>Az\u0259rbaycan v\u0259 Erm\u0259nistan X\u0130N ba\u015f\u00e7\u0131lar\u0131n\u0131n Stokholmda planla\u015fd\u0131r\u0131lan g\u00f6r\u00fc\u015f\u00fc ba\u015f tutmay\u0131b. Daha do\u011frusu, Erm\u0259nistan parlamentaril\u0259rinin Az\u0259rbaycan&#8230;<\/p>\n","protected":false},"author":3,"featured_media":0,"comment_status":"closed","ping_status":"closed","sticky":false,"template":"","format":"standard","meta":{"footnotes":""},"categories":[9],"tags":[],"class_list":["post-13728","post","type-post","status-publish","format-standard","hentry","category-sq"],"featured_image_urls":{"full":"","thumbnail":"","medium":"","medium_large":"","large":"","1536x1536":"","2048x2048":"","covernews-slider-full":"","covernews-slider-center":"","covernews-featured":"","covernews-medium":"","covernews-medium-square":""},"author_info":{"display_name":"Veteran.az","author_link":"https:\/\/veteran.az\/?author=3"},"category_info":"<a href=\"https:\/\/veteran.az\/?cat=9\" rel=\"category\">Silahl\u0131 Q\u00fcvv\u0259l\u0259r<\/a>","tag_info":"Silahl\u0131 Q\u00fcvv\u0259l\u0259r","comment_count":"0","_links":{"self":[{"href":"https:\/\/veteran.az\/index.php?rest_route=\/wp\/v2\/posts\/13728","targetHints":{"allow":["GET"]}}],"collection":[{"href":"https:\/\/veteran.az\/index.php?rest_route=\/wp\/v2\/posts"}],"about":[{"href":"https:\/\/veteran.az\/index.php?rest_route=\/wp\/v2\/types\/post"}],"author":[{"embeddable":true,"href":"https:\/\/veteran.az\/index.php?rest_route=\/wp\/v2\/users\/3"}],"replies":[{"embeddable":true,"href":"https:\/\/veteran.az\/index.php?rest_route=%2Fwp%2Fv2%2Fcomments&post=13728"}],"version-history":[{"count":1,"href":"https:\/\/veteran.az\/index.php?rest_route=\/wp\/v2\/posts\/13728\/revisions"}],"predecessor-version":[{"id":13730,"href":"https:\/\/veteran.az\/index.php?rest_route=\/wp\/v2\/posts\/13728\/revisions\/13730"}],"wp:attachment":[{"href":"https:\/\/veteran.az\/index.php?rest_route=%2Fwp%2Fv2%2Fmedia&parent=13728"}],"wp:term":[{"taxonomy":"category","embeddable":true,"href":"https:\/\/veteran.az\/index.php?rest_route=%2Fwp%2Fv2%2Fcategories&post=13728"},{"taxonomy":"post_tag","embeddable":true,"href":"https:\/\/veteran.az\/index.php?rest_route=%2Fwp%2Fv2%2Ftags&post=13728"}],"curies":[{"name":"wp","href":"https:\/\/api.w.org\/{rel}","templated":true}]}}