{"id":13719,"date":"2021-12-07T00:13:18","date_gmt":"2021-12-06T20:13:18","guid":{"rendered":"http:\/\/veteran.az\/?p=13719"},"modified":"2021-12-07T00:13:18","modified_gmt":"2021-12-06T20:13:18","slug":"prezidentd%c9%99n-erm%c9%99nistana-x%c9%99b%c9%99rdarliq","status":"publish","type":"post","link":"https:\/\/veteran.az\/?p=13719","title":{"rendered":"Prezidentd\u0259n Erm\u0259nistana x\u0259b\u0259rdarl\u0131q"},"content":{"rendered":"\n<p><strong>&#171;Qaraba\u011f m\u00fcharib\u0259sind\u0259 qazan\u0131lm\u0131\u015f Q\u0259l\u0259b\u0259 ham\u0131m\u0131z\u0131n Q\u0259l\u0259b\u0259sidir\u201d.<\/strong><\/p>\n\n\n\n<p>Bu fikirl\u0259ri Prezident \u0130lham \u018fliyev Quba rayonunun Qonaqk\u0259nd q\u0259s\u0259b\u0259sind\u0259 sakinl\u0259rl\u0259 g\u00f6r\u00fc\u015f\u00fcnd\u0259 s\u00f6yl\u0259yib.<\/p>\n\n\n\n<p>O bildirib ki, h\u0259r bir Az\u0259rbaycan v\u0259t\u0259nda\u015f\u0131 \u00f6z \u0259m\u0259yi il\u0259, \u00f6z i\u015fi il\u0259 o m\u00fcq\u0259dd\u0259s g\u00fcn\u00fc yax\u0131nla\u015fd\u0131r\u0131rd\u0131:<\/p>\n\n\n\n<p><br>&#171;Biz b\u00fct\u00fcn i\u015f\u011fal d\u00f6vr\u00fcnd\u0259 Qaraba\u011f\u0131 \u00fcr\u0259yimizd\u0259 saxlam\u0131\u015fd\u0131q v\u0259 Qaraba\u011f\u0131 g\u00f6rm\u0259y\u0259n g\u0259nc n\u0259sil yeti\u015fdi. Onlar Qaraba\u011f\u0131 can\u0131-qan\u0131 bahas\u0131na azad etdil\u0259r. Tarixi \u0259dal\u0259ti b\u0259rpa etdik, xalq\u0131m\u0131z\u0131n l\u0259yaq\u0259tini b\u0259rpa etdik. \u0130ndi is\u0259 art\u0131q yeni d\u00f6vr ba\u015flay\u0131r\u201d.<\/p>\n\n\n\n<p>Qaraba\u011fda v\u0259 Z\u0259ng\u0259zurda quruculuq i\u015fl\u0259rinin apar\u0131ld\u0131\u011f\u0131n\u0131 qeyd ed\u0259n d\u00f6vl\u0259t ba\u015f\u00e7\u0131s\u0131 deyib:<\/p>\n\n\n\n<p><br>&#171;Bizim son vaxtlar apard\u0131\u011f\u0131m\u0131z i\u015fl\u0259r onu g\u00f6st\u0259rir ki, h\u0259r hans\u0131 bir revan\u015fist meyl olarsa, onun m\u0259s\u0259l\u0259si d\u0259rhal yerind\u0259c\u0259 h\u0259ll olunacaq. \u00c7\u00fcnki m\u00fcharib\u0259d\u0259n sonra Erm\u0259nistan t\u0259r\u0259find\u0259n bir ne\u00e7\u0259 d\u0259f\u0259 bel\u0259 c\u0259hdl\u0259r oldu v\u0259 onun ac\u0131 n\u0259tic\u0259l\u0259rini onlar \u00f6zl\u0259ri g\u00f6rd\u00fcl\u0259r.<\/p>\n\n\n\n<p><br>Ona g\u00f6r\u0259 h\u0259l\u0259 ki, gec deyil, m\u0259n onlara art\u0131q d\u0259f\u0259l\u0259rl\u0259 m\u00fcraci\u0259t ed\u0259r\u0259k demi\u015fdim, bizim \u015f\u0259rtl\u0259rimizi q\u0259bul etm\u0259lidirl\u0259r, yollarla, kommunikasiyalarla ba\u011fl\u0131 h\u0259r hans\u0131 bir qeyri-s\u0259mimi yana\u015fmaya son qoyulmal\u0131d\u0131r\u201d.<\/p>\n\n\n\n<p>Prezident vur\u011fulay\u0131b ki, \u0259g\u0259r bel\u0259 olarsa, onda C\u0259nubi Qafqazda b\u00fct\u00fcn xalqlar s\u00fclh, \u0259min-amanl\u0131q \u015f\u0259raitind\u0259 ya\u015fayacaq:<\/p>\n\n\n\n<p><br>&#171;\u00c7\u00fcnki biz ist\u0259diyimiz\u0259 nail ola bilmi\u015fik, bunu h\u0259r k\u0259s g\u00f6rd\u00fc\u201d.<\/p>\n","protected":false},"excerpt":{"rendered":"<p>&#171;Qaraba\u011f m\u00fcharib\u0259sind\u0259 qazan\u0131lm\u0131\u015f Q\u0259l\u0259b\u0259 ham\u0131m\u0131z\u0131n Q\u0259l\u0259b\u0259sidir\u201d. Bu fikirl\u0259ri Prezident \u0130lham \u018fliyev Quba rayonunun Qonaqk\u0259nd q\u0259s\u0259b\u0259sind\u0259&#8230;<\/p>\n","protected":false},"author":3,"featured_media":13720,"comment_status":"closed","ping_status":"closed","sticky":false,"template":"","format":"standard","meta":{"footnotes":""},"categories":[6],"tags":[],"class_list":["post-13719","post","type-post","status-publish","format-standard","has-post-thumbnail","hentry","category-cmiyyt"],"featured_image_urls":{"full":["https:\/\/veteran.az\/wp-content\/uploads\/2021\/12\/1638809848_untitled-1.jpg",800,450,false],"thumbnail":["https:\/\/veteran.az\/wp-content\/uploads\/2021\/12\/1638809848_untitled-1-150x150.jpg",150,150,true],"medium":["https:\/\/veteran.az\/wp-content\/uploads\/2021\/12\/1638809848_untitled-1-300x169.jpg",300,169,true],"medium_large":["https:\/\/veteran.az\/wp-content\/uploads\/2021\/12\/1638809848_untitled-1-768x432.jpg",640,360,true],"large":["https:\/\/veteran.az\/wp-content\/uploads\/2021\/12\/1638809848_untitled-1.jpg",640,360,false],"1536x1536":["https:\/\/veteran.az\/wp-content\/uploads\/2021\/12\/1638809848_untitled-1.jpg",800,450,false],"2048x2048":["https:\/\/veteran.az\/wp-content\/uploads\/2021\/12\/1638809848_untitled-1.jpg",800,450,false],"covernews-slider-full":["https:\/\/veteran.az\/wp-content\/uploads\/2021\/12\/1638809848_untitled-1.jpg",800,450,false],"covernews-slider-center":["https:\/\/veteran.az\/wp-content\/uploads\/2021\/12\/1638809848_untitled-1.jpg",800,450,false],"covernews-featured":["https:\/\/veteran.az\/wp-content\/uploads\/2021\/12\/1638809848_untitled-1.jpg",800,450,false],"covernews-medium":["https:\/\/veteran.az\/wp-content\/uploads\/2021\/12\/1638809848_untitled-1-720x380.jpg",540,285,true],"covernews-medium-square":["https:\/\/veteran.az\/wp-content\/uploads\/2021\/12\/1638809848_untitled-1-675x450.jpg",375,250,true]},"author_info":{"display_name":"Veteran.az","author_link":"https:\/\/veteran.az\/?author=3"},"category_info":"<a href=\"https:\/\/veteran.az\/?cat=6\" rel=\"category\">C\u0259miyy\u0259t<\/a>","tag_info":"C\u0259miyy\u0259t","comment_count":"0","_links":{"self":[{"href":"https:\/\/veteran.az\/index.php?rest_route=\/wp\/v2\/posts\/13719","targetHints":{"allow":["GET"]}}],"collection":[{"href":"https:\/\/veteran.az\/index.php?rest_route=\/wp\/v2\/posts"}],"about":[{"href":"https:\/\/veteran.az\/index.php?rest_route=\/wp\/v2\/types\/post"}],"author":[{"embeddable":true,"href":"https:\/\/veteran.az\/index.php?rest_route=\/wp\/v2\/users\/3"}],"replies":[{"embeddable":true,"href":"https:\/\/veteran.az\/index.php?rest_route=%2Fwp%2Fv2%2Fcomments&post=13719"}],"version-history":[{"count":1,"href":"https:\/\/veteran.az\/index.php?rest_route=\/wp\/v2\/posts\/13719\/revisions"}],"predecessor-version":[{"id":13721,"href":"https:\/\/veteran.az\/index.php?rest_route=\/wp\/v2\/posts\/13719\/revisions\/13721"}],"wp:featuredmedia":[{"embeddable":true,"href":"https:\/\/veteran.az\/index.php?rest_route=\/wp\/v2\/media\/13720"}],"wp:attachment":[{"href":"https:\/\/veteran.az\/index.php?rest_route=%2Fwp%2Fv2%2Fmedia&parent=13719"}],"wp:term":[{"taxonomy":"category","embeddable":true,"href":"https:\/\/veteran.az\/index.php?rest_route=%2Fwp%2Fv2%2Fcategories&post=13719"},{"taxonomy":"post_tag","embeddable":true,"href":"https:\/\/veteran.az\/index.php?rest_route=%2Fwp%2Fv2%2Ftags&post=13719"}],"curies":[{"name":"wp","href":"https:\/\/api.w.org\/{rel}","templated":true}]}}